{"id":36488,"date":"2023-07-12T14:17:24","date_gmt":"2023-07-12T14:17:24","guid":{"rendered":"http:\/\/historiografija.hr\/?p=36488"},"modified":"2023-07-12T14:35:36","modified_gmt":"2023-07-12T14:35:36","slug":"povodom-smrti-milana-kundere-tragedija-srednje-europe","status":"publish","type":"post","link":"https:\/\/historiografija.hr\/?p=36488","title":{"rendered":"Povodom smrti Milana Kundere: \u201eTragedija Srednje Europe\u201c"},"content":{"rendered":"\n<p>U 94. godini umro je knji\u017eevnik Milan Kundera, \u010diji je esej \u201cTragedija Srednje Europe\u201d potaknuo brojne rasprave u koje su se uklju\u010dili i povjesni\u010dari. Esej je u prijevodu Gige Gra\u010dan objavljen 1985. u \u010dasopisu <em>Gordogan<\/em>, a kasnije i u hrvatskom izdanju knjige Jacquesa Le Ridera <em>Mitteleuropa<\/em> 1998. godine. Tom prilikom upu\u0107ujemo na tematske priloge u \u010dasopisu <em>Gordogan<\/em> o Srednjoj Europi 1985. i 1987. godine, kao i na dio drugih priloga koji se referiraju na Kunderin esej, te zatim na izbor knjiga i \u010dlanaka o Srednjoj Europi objavljenih u Hrvatskoj.<\/p>\n\n\n\n<hr class=\"wp-block-separator\"\/>\n\n\n\n<p><em>GORDOGAN<\/em>, god. 7, br. 17-18, 1985.<\/p>\n\n\n\n<p><strong>PABIRCI UZ TEMU \u2013 SREDNJA EVROPA (1)<\/strong><\/p>\n\n\n\n<p>Branko DESPOT: Srednja Evropa: snovi\u0111enje<\/p>\n\n\n\n<p>Carl E. SCHORSKE: Politika i psiha: Schnitzler i Hofmannsthal<\/p>\n\n\n\n<p>Boris BUDEN: Filozof u posljednjim danima \u010dovje\u010danstva<\/p>\n\n\n\n<p>Joseph ROTH: Posmrtna misa<\/p>\n\n\n\n<p>Joseph ROTH: Hommage austrijskom duhu: govor o\u017eujka 1938.<\/p>\n\n\n\n<p>Branimir DONAT: Varijacije na propalu temu<\/p>\n\n\n\n<p>Gy\u00f6rgy KONR\u00c1D: Dobro je putovati<\/p>\n\n\n\n<p>Milan KUNDERA: Tragedija Srednje Europe<\/p>\n\n\n\n<hr class=\"wp-block-separator\"\/>\n\n\n\n<p><em>GORDOGAN<\/em>, god. 9, br. 23-24, 1987.<\/p>\n\n\n\n<p><strong>PABIRCI UZ TEMU \u2013 SREDNJA EVROPA (2)<\/strong><\/p>\n\n\n\n<p>Carl E. SCHORSKE: Generacijska napetost i kulturna promjena: razmatranja na slu\u010daju Be\u010da<\/p>\n\n\n\n<p>Mirjana GROSS: \u017didovi u Habsbur\u0161koj monarhiji u 19. stolje\u0107u<\/p>\n\n\n\n<p>Ivo BANAC: Milan Kundera i povratak Srednje Evrope<\/p>\n\n\n\n<p>Dagmar RULJAN\u010cI\u0106: Polemike o Kunderinom eseju \u00bbTragedija Srednje Evrope\u00ab<\/p>\n\n\n\n<p>Martin POLLACK: Austrijski put<\/p>\n\n\n\n<p>Drago JAN\u010cAR: Terra incognita<\/p>\n\n\n\n<p>Gy\u00f6rgy KONR\u00c1D: Be\u010d &amp; Srednja Europa<\/p>\n\n\n\n<p>Bruno POPOVI\u0106: Apokalipsa Srednje Europe<\/p>\n\n\n\n<hr class=\"wp-block-separator\"\/>\n\n\n\n<figure class=\"wp-block-image size-large is-resized\"><img data-recalc-dims=\"1\" loading=\"lazy\" decoding=\"async\" data-attachment-id=\"36489\" data-permalink=\"https:\/\/historiografija.hr\/?attachment_id=36489\" data-orig-file=\"https:\/\/i0.wp.com\/historiografija.hr\/wp-content\/uploads\/2023\/07\/Gordogan-23-24-1987.jpg?fit=983%2C1538&amp;ssl=1\" data-orig-size=\"983,1538\" data-comments-opened=\"1\" data-image-meta=\"{&quot;aperture&quot;:&quot;0&quot;,&quot;credit&quot;:&quot;&quot;,&quot;camera&quot;:&quot;&quot;,&quot;caption&quot;:&quot;&quot;,&quot;created_timestamp&quot;:&quot;1689178355&quot;,&quot;copyright&quot;:&quot;&quot;,&quot;focal_length&quot;:&quot;0&quot;,&quot;iso&quot;:&quot;0&quot;,&quot;shutter_speed&quot;:&quot;0&quot;,&quot;title&quot;:&quot;&quot;,&quot;orientation&quot;:&quot;1&quot;}\" data-image-title=\"Gordogan-23-24-1987\" data-image-description=\"\" data-image-caption=\"\" data-large-file=\"https:\/\/i0.wp.com\/historiografija.hr\/wp-content\/uploads\/2023\/07\/Gordogan-23-24-1987.jpg?fit=654%2C1024&amp;ssl=1\" src=\"https:\/\/i0.wp.com\/historiografija.hr\/wp-content\/uploads\/2023\/07\/Gordogan-23-24-1987.jpg?resize=255%2C399&#038;ssl=1\" alt=\"\" class=\"wp-image-36489\" width=\"255\" height=\"399\" srcset=\"https:\/\/i0.wp.com\/historiografija.hr\/wp-content\/uploads\/2023\/07\/Gordogan-23-24-1987.jpg?resize=654%2C1024&amp;ssl=1 654w, https:\/\/i0.wp.com\/historiografija.hr\/wp-content\/uploads\/2023\/07\/Gordogan-23-24-1987.jpg?resize=192%2C300&amp;ssl=1 192w, https:\/\/i0.wp.com\/historiografija.hr\/wp-content\/uploads\/2023\/07\/Gordogan-23-24-1987.jpg?resize=768%2C1202&amp;ssl=1 768w, https:\/\/i0.wp.com\/historiografija.hr\/wp-content\/uploads\/2023\/07\/Gordogan-23-24-1987.jpg?resize=982%2C1536&amp;ssl=1 982w, https:\/\/i0.wp.com\/historiografija.hr\/wp-content\/uploads\/2023\/07\/Gordogan-23-24-1987.jpg?w=983&amp;ssl=1 983w\" sizes=\"auto, (max-width: 255px) 100vw, 255px\" \/><\/figure>\n\n\n\n<hr class=\"wp-block-separator\"\/>\n\n\n\n<p><strong>Prilozi u kojima se referira na Kunderin esej \u201eTragedija Srednje Europe\u201c (izbor)<\/strong><\/p>\n\n\n\n<figure class=\"wp-block-embed-wordpress wp-block-embed is-type-wp-embed is-provider-miljenko-jergovic\"><div class=\"wp-block-embed__wrapper\">\n<blockquote class=\"wp-embedded-content\" data-secret=\"xC5ACqvuia\"><a href=\"https:\/\/www.jergovic.com\/ajfelov-most\/treba-li-nam-srednja-europa\/\">Treba li nam Srednja Europa<\/a><\/blockquote><iframe loading=\"lazy\" class=\"wp-embedded-content\" sandbox=\"allow-scripts\" security=\"restricted\" style=\"position: absolute; clip: rect(1px, 1px, 1px, 1px);\" title=\"&#8220;Treba li nam Srednja Europa&#8221; &#8212; Miljenko Jergovi\u0107\" src=\"https:\/\/www.jergovic.com\/ajfelov-most\/treba-li-nam-srednja-europa\/embed\/#?secret=eFXK7oaLBl#?secret=xC5ACqvuia\" data-secret=\"xC5ACqvuia\" width=\"600\" height=\"338\" frameborder=\"0\" marginwidth=\"0\" marginheight=\"0\" scrolling=\"no\"><\/iframe>\n<\/div><\/figure>\n\n\n\n<figure class=\"wp-block-embed-wordpress wp-block-embed is-type-wp-embed is-provider-nacionalnemanjine-hr\"><div class=\"wp-block-embed__wrapper\">\n<blockquote class=\"wp-embedded-content\" data-secret=\"gu67Ekl740\"><a href=\"https:\/\/nacionalnemanjine.hr\/tribinom-u-zagrebu-obiljezen-90-rodendan-milana-kundere\/\">TRIBINOM U ZAGREBU OBILJE\u017dEN 90. RO\u0110ENDAN MILANA KUNDERE<\/a><\/blockquote><iframe loading=\"lazy\" class=\"wp-embedded-content\" sandbox=\"allow-scripts\" security=\"restricted\" style=\"position: absolute; clip: rect(1px, 1px, 1px, 1px);\" title=\"&#8220;TRIBINOM U ZAGREBU OBILJE\u017dEN 90. RO\u0110ENDAN MILANA KUNDERE&#8221; &#8212; nacionalnemanjine.hr\" src=\"https:\/\/nacionalnemanjine.hr\/tribinom-u-zagrebu-obiljezen-90-rodendan-milana-kundere\/embed\/#?secret=NwSxEG2x5K#?secret=gu67Ekl740\" data-secret=\"gu67Ekl740\" width=\"600\" height=\"338\" frameborder=\"0\" marginwidth=\"0\" marginheight=\"0\" scrolling=\"no\"><\/iframe>\n<\/div><\/figure>\n\n\n\n<p><a href=\"https:\/\/www.bib.irb.hr\/665850\">https:\/\/www.bib.irb.hr\/665850<\/a><\/p>\n\n\n\n<p><a href=\"https:\/\/www.matica.hr\/vijenac\/592\/europa-otrgnuta-zapadu-26162\/\">https:\/\/www.matica.hr\/vijenac\/592\/europa-otrgnuta-zapadu-26162\/<\/a><\/p>\n\n\n\n<hr class=\"wp-block-separator\"\/>\n\n\n\n<p><strong>KNJIGE o Srednjoj Europi<\/strong> <strong>(izbor)<\/strong><\/p>\n\n\n\n<p><a href=\"http:\/\/durieux.hr\/wordpress\/knjige\/esejistika-publicistika\/unistenje-srednje-europe\/\">http:\/\/durieux.hr\/wordpress\/knjige\/esejistika-publicistika\/unistenje-srednje-europe\/<\/a><\/p>\n\n\n\n<p><a href=\"https:\/\/www.superknjizara.hr\/hr\/mitteleuropa-1998-jacques-le-rider\">https:\/\/www.superknjizara.hr\/hr\/mitteleuropa-1998-jacques-le-rider<\/a><\/p>\n\n\n\n<p><a href=\"https:\/\/www.bib.irb.hr\/25613\">https:\/\/www.bib.irb.hr\/25613<\/a><\/p>\n\n\n\n<p><a href=\"http:\/\/www.knjigolov.hr\/katalog\/Nikola-Petkovic\/Srednja-Europa--Zbilja---mit---utopija\/25978\">http:\/\/www.knjigolov.hr\/katalog\/Nikola-Petkovic\/Srednja-Europa&#8211;Zbilja&#8212;mit&#8212;utopija\/25978<\/a><\/p>\n\n\n\n<p><a href=\"https:\/\/katalog.kgz.hr\/pagesresults\/bibliografskiZapis.aspx?&amp;currentPage=1&amp;searchById=10&amp;sort=0&amp;age=0&amp;spid0=10&amp;spv0=Haselsteiner%2c+Horst&amp;mdid0=0&amp;vzid0=0&amp;xm0=1&amp;selectedId=5000632\">https:\/\/katalog.kgz.hr\/pagesresults\/bibliografskiZapis.aspx?&amp;currentPage=1&amp;searchById=10&amp;sort=0&amp;age=0&amp;spid0=10&amp;spv0=Haselsteiner%2c+Horst&amp;mdid0=0&amp;vzid0=0&amp;xm0=1&amp;selectedId=5000632<\/a><\/p>\n\n\n\n<p><a href=\"https:\/\/katalog.kgz.hr\/pagesResults\/bibliografskiZapis.aspx?&amp;currentPage=1&amp;searchById=10&amp;sort=0&amp;age=0&amp;spid0=10&amp;spv0=bibo&amp;mdid0=0&amp;vzid0=0&amp;selectedId=951220061\">https:\/\/katalog.kgz.hr\/pagesResults\/bibliografskiZapis.aspx?&amp;currentPage=1&amp;searchById=10&amp;sort=0&amp;age=0&amp;spid0=10&amp;spv0=bibo&amp;mdid0=0&amp;vzid0=0&amp;selectedId=951220061<\/a><\/p>\n\n\n\n<figure class=\"wp-block-embed-wordpress wp-block-embed is-type-wp-embed is-provider-izdavastvo-ffri\"><div class=\"wp-block-embed__wrapper\">\n<blockquote class=\"wp-embedded-content\" data-secret=\"fKWGnSbDCi\"><a href=\"http:\/\/izdavastvo.ffri.hr\/darko-dukovski-povijest-srednje-jugoistocne-europe-19-20-stoljeca-dio-1800-do-1914\/\">Darko Dukovski  POVIJEST SREDNJE I JUGOISTO\u010cNE EUROPE 19. I 20. STOLJE\u0106AI. dio &#8211; 1800. do 1914.<\/a><\/blockquote><iframe loading=\"lazy\" class=\"wp-embedded-content\" sandbox=\"allow-scripts\" security=\"restricted\" style=\"position: absolute; clip: rect(1px, 1px, 1px, 1px);\" title=\"&#8220;Darko Dukovski &lt;\/br&gt; POVIJEST SREDNJE I JUGOISTO\u010cNE EUROPE 19. I 20. STOLJE\u0106A&lt;\/br&gt;&lt;i&gt;I. dio &#8211; 1800. do 1914.&lt;\/i&gt;&#8221; &#8212; IZDAVA\u0160TVO FFRI\" src=\"http:\/\/izdavastvo.ffri.hr\/darko-dukovski-povijest-srednje-jugoistocne-europe-19-20-stoljeca-dio-1800-do-1914\/embed\/#?secret=fKWGnSbDCi\" data-secret=\"fKWGnSbDCi\" width=\"600\" height=\"338\" frameborder=\"0\" marginwidth=\"0\" marginheight=\"0\" scrolling=\"no\"><\/iframe>\n<\/div><\/figure>\n\n\n\n<figure class=\"wp-block-embed-wordpress wp-block-embed is-type-wp-embed is-provider-izdavastvo-ffri\"><div class=\"wp-block-embed__wrapper\">\n<blockquote class=\"wp-embedded-content\" data-secret=\"NvprduoiJX\"><a href=\"http:\/\/izdavastvo.ffri.hr\/darko-dukovski-povijest-srednje-jugoistocne-europe-19-20-stoljeca\/\">Darko Dukovski  POVIJEST SREDNJE I JUGOISTO\u010cNE EUROPE 19. I 20. STOLJE\u0106A\u00a0II. dio 1914. do 1999.<\/a><\/blockquote><iframe loading=\"lazy\" class=\"wp-embedded-content\" sandbox=\"allow-scripts\" security=\"restricted\" style=\"position: absolute; clip: rect(1px, 1px, 1px, 1px);\" title=\"&#8220;Darko Dukovski &lt;\/br&gt; POVIJEST SREDNJE I JUGOISTO\u010cNE EUROPE 19. I 20. STOLJE\u0106A&lt;\/br&gt;&lt;i&gt;\u00a0II. dio 1914. do 1999.&lt;\/i&gt;&#8221; &#8212; IZDAVA\u0160TVO FFRI\" src=\"http:\/\/izdavastvo.ffri.hr\/darko-dukovski-povijest-srednje-jugoistocne-europe-19-20-stoljeca\/embed\/#?secret=NvprduoiJX\" data-secret=\"NvprduoiJX\" width=\"600\" height=\"338\" frameborder=\"0\" marginwidth=\"0\" marginheight=\"0\" scrolling=\"no\"><\/iframe>\n<\/div><\/figure>\n\n\n\n<figure class=\"wp-block-embed-wordpress wp-block-embed is-type-wp-embed is-provider-srednja-europa\"><div class=\"wp-block-embed__wrapper\">\n<blockquote class=\"wp-embedded-content\" data-secret=\"vkmTal2Cm9\"><a href=\"https:\/\/srednja-europa.hr\/proizvod\/srednjoeuropske-teme\/\">Srednjoeuropske teme<\/a><\/blockquote><iframe loading=\"lazy\" class=\"wp-embedded-content\" sandbox=\"allow-scripts\" security=\"restricted\" style=\"position: absolute; clip: rect(1px, 1px, 1px, 1px);\" title=\"&#8220;Srednjoeuropske teme&#8221; &#8212; Srednja Europa\" src=\"https:\/\/srednja-europa.hr\/proizvod\/srednjoeuropske-teme\/embed\/#?secret=vkmTal2Cm9\" data-secret=\"vkmTal2Cm9\" width=\"600\" height=\"338\" frameborder=\"0\" marginwidth=\"0\" marginheight=\"0\" scrolling=\"no\"><\/iframe>\n<\/div><\/figure>\n\n\n\n<hr class=\"wp-block-separator\"\/>\n\n\n\n<p><strong>\u010cLANCI o Srednjoj Europi (izbor)<\/strong><\/p>\n\n\n\n<p><a href=\"https:\/\/hrcak.srce.hr\/clanak\/173858\">https:\/\/hrcak.srce.hr\/clanak\/173858<\/a><\/p>\n\n\n\n<p><a href=\"https:\/\/hrcak.srce.hr\/105787\">https:\/\/hrcak.srce.hr\/105787<\/a><\/p>\n\n\n\n<p><a href=\"https:\/\/hrcak.srce.hr\/clanak\/151872\">https:\/\/hrcak.srce.hr\/clanak\/151872<\/a><\/p>\n\n\n\n<p><a href=\"https:\/\/hrcak.srce.hr\/55529\">https:\/\/hrcak.srce.hr\/55529<\/a><\/p>\n\n\n\n<p><a href=\"https:\/\/hrcak.srce.hr\/clanak\/125794\">https:\/\/hrcak.srce.hr\/clanak\/125794<\/a><\/p>\n\n\n\n<p><a href=\"https:\/\/hrcak.srce.hr\/clanak\/42939\">https:\/\/hrcak.srce.hr\/clanak\/42939<\/a><\/p>\n\n\n\n<p><a href=\"https:\/\/hrcak.srce.hr\/clanak\/155682\">https:\/\/hrcak.srce.hr\/clanak\/155682<\/a><\/p>\n\n\n\n<p><a href=\"https:\/\/hrcak.srce.hr\/clanak\/250405\">https:\/\/hrcak.srce.hr\/clanak\/250405<\/a><\/p>\n\n\n\n<hr class=\"wp-block-separator\"\/>\n","protected":false},"excerpt":{"rendered":"","protected":false},"author":2,"featured_media":36489,"comment_status":"open","ping_status":"open","sticky":false,"template":"","format":"standard","meta":{"_acf_changed":false,"jetpack_post_was_ever_published":false,"_jetpack_newsletter_access":"","_jetpack_dont_email_post_to_subs":false,"_jetpack_newsletter_tier_id":0,"_jetpack_memberships_contains_paywalled_content":false,"_jetpack_memberships_contains_paid_content":false,"footnotes":"","jetpack_publicize_message":"","jetpack_publicize_feature_enabled":true,"jetpack_social_post_already_shared":true,"jetpack_social_options":{"image_generator_settings":{"template":"highway","default_image_id":0,"font":"","enabled":false},"version":2}},"categories":[3,20],"tags":[],"class_list":["post-36488","post","type-post","status-publish","format-standard","has-post-thumbnail","hentry","category-novosti","category-obavijesti-o-smrti-i-nekrolozi"],"acf":{"facebook_opis":""},"jetpack_publicize_connections":[],"jetpack_featured_media_url":"https:\/\/i0.wp.com\/historiografija.hr\/wp-content\/uploads\/2023\/07\/Gordogan-23-24-1987.jpg?fit=983%2C1538&ssl=1","jetpack_sharing_enabled":true,"jetpack-related-posts":[],"_links":{"self":[{"href":"https:\/\/historiografija.hr\/index.php?rest_route=\/wp\/v2\/posts\/36488","targetHints":{"allow":["GET"]}}],"collection":[{"href":"https:\/\/historiografija.hr\/index.php?rest_route=\/wp\/v2\/posts"}],"about":[{"href":"https:\/\/historiografija.hr\/index.php?rest_route=\/wp\/v2\/types\/post"}],"author":[{"embeddable":true,"href":"https:\/\/historiografija.hr\/index.php?rest_route=\/wp\/v2\/users\/2"}],"replies":[{"embeddable":true,"href":"https:\/\/historiografija.hr\/index.php?rest_route=%2Fwp%2Fv2%2Fcomments&post=36488"}],"version-history":[{"count":8,"href":"https:\/\/historiografija.hr\/index.php?rest_route=\/wp\/v2\/posts\/36488\/revisions"}],"predecessor-version":[{"id":36497,"href":"https:\/\/historiografija.hr\/index.php?rest_route=\/wp\/v2\/posts\/36488\/revisions\/36497"}],"wp:featuredmedia":[{"embeddable":true,"href":"https:\/\/historiografija.hr\/index.php?rest_route=\/wp\/v2\/media\/36489"}],"wp:attachment":[{"href":"https:\/\/historiografija.hr\/index.php?rest_route=%2Fwp%2Fv2%2Fmedia&parent=36488"}],"wp:term":[{"taxonomy":"category","embeddable":true,"href":"https:\/\/historiografija.hr\/index.php?rest_route=%2Fwp%2Fv2%2Fcategories&post=36488"},{"taxonomy":"post_tag","embeddable":true,"href":"https:\/\/historiografija.hr\/index.php?rest_route=%2Fwp%2Fv2%2Ftags&post=36488"}],"curies":[{"name":"wp","href":"https:\/\/api.w.org\/{rel}","templated":true}]}}