{"id":36477,"date":"2023-07-12T11:55:23","date_gmt":"2023-07-12T11:55:23","guid":{"rendered":"http:\/\/historiografija.hr\/?p=36477"},"modified":"2023-07-12T11:55:23","modified_gmt":"2023-07-12T11:55:23","slug":"cfp-international-medieval-congress-2024-crisis","status":"publish","type":"post","link":"https:\/\/historiografija.hr\/?p=36477","title":{"rendered":"CfP: International Medieval Congress 2024 \u2013 \u2018Crisis\u2019"},"content":{"rendered":"\n<p>The IMC provides an interdisciplinary forum for the discussion of <a href=\"https:\/\/www.imc.leeds.ac.uk\/about\/programming\/\">all aspects of Medieval Studies<\/a>. Proposals on any topic related to the Middle Ages are welcome, while every year the IMC also chooses a special thematic focus. In 2024 this is \u2018<strong>Crisis<\/strong>\u2019.<\/p>\n\n\n\n<p>\u2018Crisis\u2019 has long been used when writing about the Middle Ages \u2013 incorporating climate and environmental issues such as epidemics, famines, and floods, political issues such as the breakdowns of dynasties and popular revolts, and socio-cultural issues such as religious apocalypticism and the questioning of faith. Yet while crisis is a concept deep-rooted in a wide range of scholarship, it has also recently been reconsidered. Rather than seeing whole periods as characterized by crisis conditions, medievalists now explicitly ask \u2018crisis for whom?\u2019 Medieval institutions and systems could be resilient, surviving challenges and pressures. Yet people simultaneously suffered hardships, even if not everyone suffered to an equal degree. Medievalists are also interested in how individuals and communities coped with crisis. Indeed, medieval societies had their own perception and understanding of risk and found ways to adapt. An important component of this was the construction of crisis narratives, sometimes informed by religious beliefs \u2013 stories that changed across time, place, and audience. Temporality is also fundamental to medievalists\u2019 understanding of crisis, offering important counter-perspectives to views of linear progress and modernization paradigms often seen in crisis historiography. While substantial crises could serve as short-term ruptures and turning points, crises also provoked more incremental changes within economies, institutions, and cultures over time. Some things stayed the same despite crises and, thus, continuity remains important.<\/p>\n\n\n\n<p>A new language of resilience, vulnerability, and adaptation has become prominent within medieval studies in recent years: stimulating new kinds of questions and new approaches to old issues, as well as allowing medievalists to engage with other disciplines. However, to what extent are these old ideas just repackaged with new terms? How we can define, measure, and test these concepts?<\/p>\n\n\n\n<p>IMC 2024 invites a plurality of viewpoints and critical engagement with these concepts. We hope to engage scholars working at a variety of geographical scales \u2013 from the global to the micro-community, and over a variety of timescales \u2013 from those linking the Middle Ages to Antiquity or the early modern period to those focusing on an individual year. The proportion of IMC sessions focused outside Europe continues to grow \u2013 a trend we hope to see again in 2024. We welcome approaches from across medieval studies, including economic, political, social, cultural, demographic, linguistic, artistic and visual, religious-historical and intellectual, environmental, as well as those relating to landscape and material culture, and approaches that engage those working outside the disciplines of medieval studies per se, integrating relevant evidence from genetics, bio-archaeology, historical climatology, and much more!<\/p>\n\n\n\n<p>Themes to be addressed may include, but are not limited to:<\/p>\n\n\n\n<ul class=\"wp-block-list\"><li>Critical discussion of relevant terminology \u2013 crisis, collapse, adaptation, risk, resilience, transformation, vulnerability \u2013 and pathways forward<\/li><li>The creation of crisis narratives and stories<\/li><li>Who is to blame during crises? Scapegoating, hate, compassion, and cohesion<\/li><li>Medieval crisis-related datasets, their application, pitfalls, and uses<\/li><li>Inequalities, and the unequal impacts of crises<\/li><li>Explicitly gendered approaches to crises<\/li><li>Entangled scales, global pressures\/hazards played out at local or micro levels<\/li><li>Early modern and modern representations of medieval crisis<\/li><li>The interaction of religious and institutional responses to hazards<\/li><li>Intersectional considerations in responses to crises<\/li><li>Demographic approaches to hazards and disasters: deaths, births, marriages<\/li><li>Material culture and conceptualizing crisis \u2013 objects and rituals<\/li><li>Hazards, shocks, disasters, and their redistributive impact<\/li><li>Textual representations of crisis and its impact on human agents \u2013 trauma, emotion, physical, and mental responses<\/li><li>Concepts of longing for crisis \u2013 the signs of apocalypses, revolutions, and renewals<\/li><li>Methodological insights \u2013 how to define, measure, and test medieval crisis \u2018outcomes\u2019<\/li><li>Medieval crises represented in visual culture, music culture, and the arts<\/li><li>Medieval climate change and its interaction with socio-ecological context<\/li><li>Crises occurring or conceptualized across borders<\/li><li>Settlements: adaptation and continuity under stress<\/li><li>Human-animal connections and their place within crisis contexts<\/li><li>Medieval studies and the natural sciences: how can we help each other?<\/li><li>Hazards, the managed environment, and the body politic<\/li><li>Medieval religious and intellectual responses to crisis in the Middle Ages<\/li><\/ul>\n\n\n\n<p><strong>The IMC welcomes session and paper proposals submitted in all major languages.<\/strong><\/p>\n\n\n\n<p>The Special Thematic Strand <strong>\u2018Crisis\u2018<\/strong> will be co-ordinated by Daniel R. Curtis (School of History, Culture &amp; Communication, Erasmus University Rotterdam).<\/p>\n\n\n\n<hr class=\"wp-block-separator\"\/>\n\n\n\n<figure class=\"wp-block-embed-wordpress wp-block-embed is-type-wp-embed is-provider-international-medieval-congress\"><div class=\"wp-block-embed__wrapper\">\n<blockquote class=\"wp-embedded-content\" data-secret=\"YUEhiq0qZ7\"><a href=\"https:\/\/www.imc.leeds.ac.uk\/imc-2024\/\">Call for Papers: IMC 2024 &#8211; &#8216;Crisis&#8217;<\/a><\/blockquote><iframe loading=\"lazy\" class=\"wp-embedded-content\" sandbox=\"allow-scripts\" security=\"restricted\" style=\"position: absolute; clip: rect(1px, 1px, 1px, 1px);\" title=\"&#8220;Call for Papers: IMC 2024 &#8211; &#8216;Crisis&#8217;&#8221; &#8212; International Medieval Congress\" src=\"https:\/\/www.imc.leeds.ac.uk\/imc-2024\/embed\/#?secret=pdGgaaz102#?secret=YUEhiq0qZ7\" data-secret=\"YUEhiq0qZ7\" width=\"600\" height=\"338\" frameborder=\"0\" marginwidth=\"0\" marginheight=\"0\" scrolling=\"no\"><\/iframe>\n<\/div><\/figure>\n\n\n\n<hr class=\"wp-block-separator\"\/>\n","protected":false},"excerpt":{"rendered":"","protected":false},"author":2,"featured_media":36478,"comment_status":"open","ping_status":"open","sticky":false,"template":"","format":"standard","meta":{"_acf_changed":false,"_jetpack_newsletter_access":"","_jetpack_dont_email_post_to_subs":false,"_jetpack_newsletter_tier_id":0,"_jetpack_memberships_contains_paywalled_content":false,"_jetpack_memberships_contains_paid_content":false,"footnotes":"","jetpack_publicize_message":"","jetpack_publicize_feature_enabled":true,"jetpack_social_post_already_shared":true,"jetpack_social_options":{"image_generator_settings":{"template":"highway","default_image_id":0,"font":"","enabled":false},"version":2},"jetpack_post_was_ever_published":false},"categories":[3,9],"tags":[],"class_list":["post-36477","post","type-post","status-publish","format-standard","has-post-thumbnail","hentry","category-novosti","category-skupovi"],"acf":{"facebook_opis":""},"jetpack_publicize_connections":[],"jetpack_featured_media_url":"https:\/\/i0.wp.com\/historiografija.hr\/wp-content\/uploads\/2023\/07\/IMC-2024.jpg?fit=1200%2C675&ssl=1","jetpack_sharing_enabled":true,"jetpack-related-posts":[{"id":47341,"url":"https:\/\/historiografija.hr\/?p=47341","url_meta":{"origin":36477,"position":0},"title":"Call for Papers: International Medieval Congress 2026 &#8211; &#8216;Temporalities&#8217;","author":"Branimir Jankovi\u0107","date":"10. srpnja 2025.","format":false,"excerpt":"IMC 2026 will take place from Monday 06 July to Thursday 09 July 2026 and this will be the fifth fully-hybrid event. There will be an in-person gathering in Leeds with a virtual component for those unable to attend in person. Call for Papers: IMC 2026 - Temporalities The IMC\u2026","rel":"","context":"U &quot;Novosti&quot;","block_context":{"text":"Novosti","link":"https:\/\/historiografija.hr\/?cat=3"},"img":{"alt_text":"","src":"https:\/\/i0.wp.com\/historiografija.hr\/wp-content\/uploads\/2025\/07\/IMC-Postcard-2026.jpg?fit=1200%2C851&ssl=1&resize=350%2C200","width":350,"height":200,"srcset":"https:\/\/i0.wp.com\/historiografija.hr\/wp-content\/uploads\/2025\/07\/IMC-Postcard-2026.jpg?fit=1200%2C851&ssl=1&resize=350%2C200 1x, https:\/\/i0.wp.com\/historiografija.hr\/wp-content\/uploads\/2025\/07\/IMC-Postcard-2026.jpg?fit=1200%2C851&ssl=1&resize=525%2C300 1.5x, https:\/\/i0.wp.com\/historiografija.hr\/wp-content\/uploads\/2025\/07\/IMC-Postcard-2026.jpg?fit=1200%2C851&ssl=1&resize=700%2C400 2x, https:\/\/i0.wp.com\/historiografija.hr\/wp-content\/uploads\/2025\/07\/IMC-Postcard-2026.jpg?fit=1200%2C851&ssl=1&resize=1050%2C600 3x"},"classes":[]},{"id":54543,"url":"https:\/\/historiografija.hr\/?p=54543","url_meta":{"origin":36477,"position":1},"title":"International Medieval Congress 2026 \u2013 \u2018Temporalities\u2019","author":"Branimir Jankovi\u0107","date":"9. srpnja 2026.","format":false,"excerpt":"Veliki me\u0111unarodni medijevisti\u010dki kongres odr\u017eava se u Leedsu od 6. do 9. srpnja 2026. godine. Me\u0111u gotovo 2,500 tisu\u0107e sudionika zastupljeni su i mnogi iz Hrvatske, a ovogodi\u0161nja koordinatorica sredi\u0161nje teme temporalnosti je Nada Ze\u010devi\u0107 s Filozofskog fakulteta Sveu\u010dili\u0161ta u Zagrebu. IMC 2026 will take place from Monday 06 July\u2026","rel":"","context":"U &quot;Novosti&quot;","block_context":{"text":"Novosti","link":"https:\/\/historiografija.hr\/?cat=3"},"img":{"alt_text":"","src":"https:\/\/i0.wp.com\/historiografija.hr\/wp-content\/uploads\/2025\/07\/IMC-Postcard-2026.jpg?fit=1200%2C851&ssl=1&resize=350%2C200","width":350,"height":200,"srcset":"https:\/\/i0.wp.com\/historiografija.hr\/wp-content\/uploads\/2025\/07\/IMC-Postcard-2026.jpg?fit=1200%2C851&ssl=1&resize=350%2C200 1x, https:\/\/i0.wp.com\/historiografija.hr\/wp-content\/uploads\/2025\/07\/IMC-Postcard-2026.jpg?fit=1200%2C851&ssl=1&resize=525%2C300 1.5x, https:\/\/i0.wp.com\/historiografija.hr\/wp-content\/uploads\/2025\/07\/IMC-Postcard-2026.jpg?fit=1200%2C851&ssl=1&resize=700%2C400 2x, https:\/\/i0.wp.com\/historiografija.hr\/wp-content\/uploads\/2025\/07\/IMC-Postcard-2026.jpg?fit=1200%2C851&ssl=1&resize=1050%2C600 3x"},"classes":[]},{"id":54738,"url":"https:\/\/historiografija.hr\/?p=54738","url_meta":{"origin":36477,"position":2},"title":"Call for Papers: International Medieval Congress 2027 &#8211; &#8216;Communities&#8217;","author":"Branimir Jankovi\u0107","date":"22. srpnja 2026.","format":false,"excerpt":"IMC 2027 will take place from Monday 05 July to Thursday 08 July 2027 and this will be the sixth fully-hybrid event. There will be an in-person gathering in Leeds with a virtual component for those unable to attend in person. Call for Papers: IMC 2027 - Communities The IMC\u2026","rel":"","context":"U &quot;Novosti&quot;","block_context":{"text":"Novosti","link":"https:\/\/historiografija.hr\/?cat=3"},"img":{"alt_text":"","src":"https:\/\/i0.wp.com\/historiografija.hr\/wp-content\/uploads\/2026\/07\/CfP-Leeds-2027.jpg?fit=1200%2C675&ssl=1&resize=350%2C200","width":350,"height":200,"srcset":"https:\/\/i0.wp.com\/historiografija.hr\/wp-content\/uploads\/2026\/07\/CfP-Leeds-2027.jpg?fit=1200%2C675&ssl=1&resize=350%2C200 1x, https:\/\/i0.wp.com\/historiografija.hr\/wp-content\/uploads\/2026\/07\/CfP-Leeds-2027.jpg?fit=1200%2C675&ssl=1&resize=525%2C300 1.5x, https:\/\/i0.wp.com\/historiografija.hr\/wp-content\/uploads\/2026\/07\/CfP-Leeds-2027.jpg?fit=1200%2C675&ssl=1&resize=700%2C400 2x, https:\/\/i0.wp.com\/historiografija.hr\/wp-content\/uploads\/2026\/07\/CfP-Leeds-2027.jpg?fit=1200%2C675&ssl=1&resize=1050%2C600 3x"},"classes":[]},{"id":54757,"url":"https:\/\/historiografija.hr\/?p=54757","url_meta":{"origin":36477,"position":3},"title":"Exploring Monarchy in Medieval Europe, 1000\u20131500","author":"Branimir Jankovi\u0107","date":"23. srpnja 2026.","format":false,"excerpt":"By Elena Woodacre, Lucinda H.S. Dean, Simon Lambe, Patrik Pastrnak Through wide-ranging thematic chapters, this book offers students a comprehensive introduction to the theory and practice of monarchy across Europe in the Middle Ages. The volume is separated into four themes: Concepts of Rulership, Exercising Authority, Dynasty and Succession, and\u2026","rel":"","context":"U &quot;Knjige&quot;","block_context":{"text":"Knjige","link":"https:\/\/historiografija.hr\/?cat=8"},"img":{"alt_text":"","src":"https:\/\/i0.wp.com\/historiografija.hr\/wp-content\/uploads\/2026\/07\/Monarchy.jpg?fit=350%2C525&ssl=1&resize=350%2C200","width":350,"height":200},"classes":[]},{"id":55124,"url":"https:\/\/historiografija.hr\/?p=55124","url_meta":{"origin":36477,"position":4},"title":"Anthony Kaldellis, \u201e1453: The Conquest and Tragedy of Constantinople\u201c","author":"Filip \u0160imunjak","date":"26. kolovoza 2026.","format":false,"excerpt":"Anthony Kaldellis offers the first narrative in sixty years of the siege of Constantinople in 1453, an event that marked the end of the Roman empire. The reconstruction of events is detailed, following a day-by-day basis when possible, and is grounded in the testimony of eye-witnesses who left gripping accounts\u2026","rel":"","context":"U &quot;Knjige&quot;","block_context":{"text":"Knjige","link":"https:\/\/historiografija.hr\/?cat=8"},"img":{"alt_text":"","src":"https:\/\/i0.wp.com\/historiografija.hr\/wp-content\/uploads\/2026\/08\/1453-Kaldellis.webp?fit=1200%2C690&ssl=1&resize=350%2C200","width":350,"height":200,"srcset":"https:\/\/i0.wp.com\/historiografija.hr\/wp-content\/uploads\/2026\/08\/1453-Kaldellis.webp?fit=1200%2C690&ssl=1&resize=350%2C200 1x, https:\/\/i0.wp.com\/historiografija.hr\/wp-content\/uploads\/2026\/08\/1453-Kaldellis.webp?fit=1200%2C690&ssl=1&resize=525%2C300 1.5x, https:\/\/i0.wp.com\/historiografija.hr\/wp-content\/uploads\/2026\/08\/1453-Kaldellis.webp?fit=1200%2C690&ssl=1&resize=700%2C400 2x, https:\/\/i0.wp.com\/historiografija.hr\/wp-content\/uploads\/2026\/08\/1453-Kaldellis.webp?fit=1200%2C690&ssl=1&resize=1050%2C600 3x"},"classes":[]},{"id":53802,"url":"https:\/\/historiografija.hr\/?p=53802","url_meta":{"origin":36477,"position":5},"title":"&#8220;Disability and War in the Late Middle Ages: Becoming, Surviving, Managing&#8221;, eds. N. Dubourg, C. Masson","author":"Filip \u0160imunjak","date":"4. lipnja 2026.","format":false,"excerpt":"Issues relating to disability and war remain largely overlooked by military and disability historians. This exclusion is all the more striking since there was hardly a more likely place for receiving permanent injury than a battle, and we can barely imagine a worse place for disabled people than a battlefield.\u2026","rel":"","context":"U &quot;Knjige&quot;","block_context":{"text":"Knjige","link":"https:\/\/historiografija.hr\/?cat=8"},"img":{"alt_text":"","src":"https:\/\/i0.wp.com\/historiografija.hr\/wp-content\/uploads\/2026\/05\/Disability-Medieval-ages.webp?fit=596%2C894&ssl=1&resize=350%2C200","width":350,"height":200,"srcset":"https:\/\/i0.wp.com\/historiografija.hr\/wp-content\/uploads\/2026\/05\/Disability-Medieval-ages.webp?fit=596%2C894&ssl=1&resize=350%2C200 1x, https:\/\/i0.wp.com\/historiografija.hr\/wp-content\/uploads\/2026\/05\/Disability-Medieval-ages.webp?fit=596%2C894&ssl=1&resize=525%2C300 1.5x"},"classes":[]}],"_links":{"self":[{"href":"https:\/\/historiografija.hr\/index.php?rest_route=\/wp\/v2\/posts\/36477","targetHints":{"allow":["GET"]}}],"collection":[{"href":"https:\/\/historiografija.hr\/index.php?rest_route=\/wp\/v2\/posts"}],"about":[{"href":"https:\/\/historiografija.hr\/index.php?rest_route=\/wp\/v2\/types\/post"}],"author":[{"embeddable":true,"href":"https:\/\/historiografija.hr\/index.php?rest_route=\/wp\/v2\/users\/2"}],"replies":[{"embeddable":true,"href":"https:\/\/historiografija.hr\/index.php?rest_route=%2Fwp%2Fv2%2Fcomments&post=36477"}],"version-history":[{"count":1,"href":"https:\/\/historiografija.hr\/index.php?rest_route=\/wp\/v2\/posts\/36477\/revisions"}],"predecessor-version":[{"id":36479,"href":"https:\/\/historiografija.hr\/index.php?rest_route=\/wp\/v2\/posts\/36477\/revisions\/36479"}],"wp:featuredmedia":[{"embeddable":true,"href":"https:\/\/historiografija.hr\/index.php?rest_route=\/wp\/v2\/media\/36478"}],"wp:attachment":[{"href":"https:\/\/historiografija.hr\/index.php?rest_route=%2Fwp%2Fv2%2Fmedia&parent=36477"}],"wp:term":[{"taxonomy":"category","embeddable":true,"href":"https:\/\/historiografija.hr\/index.php?rest_route=%2Fwp%2Fv2%2Fcategories&post=36477"},{"taxonomy":"post_tag","embeddable":true,"href":"https:\/\/historiografija.hr\/index.php?rest_route=%2Fwp%2Fv2%2Ftags&post=36477"}],"curies":[{"name":"wp","href":"https:\/\/api.w.org\/{rel}","templated":true}]}}