{"id":36472,"date":"2023-07-11T22:06:12","date_gmt":"2023-07-11T22:06:12","guid":{"rendered":"http:\/\/historiografija.hr\/?p=36472"},"modified":"2023-07-11T22:09:25","modified_gmt":"2023-07-11T22:09:25","slug":"fra-josip-markusic-josip-joze-plecnik-korespondencija-1932-1956","status":"publish","type":"post","link":"https:\/\/historiografija.hr\/?p=36472","title":{"rendered":"Fra Josip Marku\u0161i\u0107 \u2013 Josip (Jo\u017ee) Ple\u010dnik. Korespondencija 1932.-1956."},"content":{"rendered":"\n<p>Franjeva\u010dki samostan sv. Luke u Jajcu objavio je korespondenciju izme\u0111u bosanskog franjevca fra Josipa Marku\u0161i\u0107a (1880.-1968.) i slovenskog arhitekta Josipa (Jo\u017ee) Ple\u010dnika (1872.-1957.): Fra Josip Marku\u0161i\u0107 \u2013 Josip (Jo\u017ee) Ple\u010dnik. Korespondencija 1932.-1956. Korespondenciju je priredio i komentirao dr. Jozo D\u017eambo uz suradnju prof. dr. Damjana Prelov\u0161eka. Suizdava\u010di ovog vrijednog djela su Franjeva\u010dki samostan sv. Ante \u2013 Beograd, ZRC SAZU \u2013 Ljubljana i izdava\u010dka ku\u0107a Synopsis, Zagreb \u2013 Sarajevo.<\/p>\n\n\n\n<hr class=\"wp-block-separator\"\/>\n\n\n\n<p>Izvor i dodatne obavijesti:<\/p>\n\n\n\n<p><a href=\"https:\/\/polis.ba\/fra-josip-markusic-josip-joze-plecnik-korespondencija-1932-1956\/\">https:\/\/polis.ba\/fra-josip-markusic-josip-joze-plecnik-korespondencija-1932-1956\/<\/a><\/p>\n\n\n\n<figure class=\"wp-block-embed-wordpress wp-block-embed is-type-wp-embed is-provider-spletna-knjigarna-buca\"><div class=\"wp-block-embed__wrapper\">\n<blockquote class=\"wp-embedded-content\" data-secret=\"v6Etof2pbS\"><a href=\"https:\/\/buca.si\/knjigarna\/novosti\/fra-josip-markusic-josip-joze-plecnik-korespondencija-1932-1956\/\">Fra Josip Marku\u0161i\u0107 &#038; Josip (Jo\u017ee) Ple\u010dnik: Korespondencija (1932. \u2013 1956.)<\/a><\/blockquote><iframe loading=\"lazy\" class=\"wp-embedded-content\" sandbox=\"allow-scripts\" security=\"restricted\" style=\"position: absolute; clip: rect(1px, 1px, 1px, 1px);\" title=\"&#8220;Fra Josip Marku\u0161i\u0107 &#038; Josip (Jo\u017ee) Ple\u010dnik: Korespondencija (1932. \u2013 1956.)&#8221; &#8212; Spletna knjigarna Bu\u010da\" src=\"https:\/\/buca.si\/knjigarna\/novosti\/fra-josip-markusic-josip-joze-plecnik-korespondencija-1932-1956\/embed\/#?secret=xoCNQD8ADt#?secret=v6Etof2pbS\" data-secret=\"v6Etof2pbS\" width=\"600\" height=\"338\" frameborder=\"0\" marginwidth=\"0\" marginheight=\"0\" scrolling=\"no\"><\/iframe>\n<\/div><\/figure>\n\n\n\n<p><a href=\"https:\/\/rtv-hb.com\/bosna-i-hercegovina\/objavljena-korespodencija-izmedu-fra-josipa-markusica-i-josipa-plecnika\">https:\/\/rtv-hb.com\/bosna-i-hercegovina\/objavljena-korespodencija-izmedu-fra-josipa-markusica-i-josipa-plecnika<\/a><\/p>\n\n\n\n<p><a href=\"https:\/\/ivanlovrenovic.com\/clanci\/bosna-argentina\/jozo-dzambo-i-damjan-prelovsek-korespondencija-plecnik-markusic-1932-1956-\">https:\/\/ivanlovrenovic.com\/clanci\/bosna-argentina\/jozo-dzambo-i-damjan-prelovsek-korespondencija-plecnik-markusic-1932-1956-<\/a><\/p>\n\n\n\n<p><a href=\"https:\/\/www.jergovic.com\/subotnja-matineja\/kako-su-dva-velika-josipa-svetome-anti-gradili-bosansku-fratarsku-crkvu-u-beogradu\/\">https:\/\/www.jergovic.com\/subotnja-matineja\/kako-su-dva-velika-josipa-svetome-anti-gradili-bosansku-fratarsku-crkvu-u-beogradu\/<\/a><\/p>\n\n\n\n<hr class=\"wp-block-separator\"\/>\n\n\n\n<p><\/p>\n","protected":false},"excerpt":{"rendered":"","protected":false},"author":2,"featured_media":36473,"comment_status":"open","ping_status":"open","sticky":false,"template":"","format":"standard","meta":{"_acf_changed":false,"jetpack_post_was_ever_published":false,"_jetpack_newsletter_access":"","_jetpack_dont_email_post_to_subs":false,"_jetpack_newsletter_tier_id":0,"_jetpack_memberships_contains_paywalled_content":false,"_jetpack_memberships_contains_paid_content":false,"footnotes":"","jetpack_publicize_message":"","jetpack_publicize_feature_enabled":true,"jetpack_social_post_already_shared":true,"jetpack_social_options":{"image_generator_settings":{"template":"highway","default_image_id":0,"font":"","enabled":false},"version":2}},"categories":[8,3],"tags":[],"class_list":["post-36472","post","type-post","status-publish","format-standard","has-post-thumbnail","hentry","category-knjige","category-novosti"],"acf":{"facebook_opis":""},"jetpack_publicize_connections":[],"jetpack_featured_media_url":"https:\/\/i0.wp.com\/historiografija.hr\/wp-content\/uploads\/2023\/07\/markusic_plecnik.jpg?fit=276%2C430&ssl=1","jetpack_sharing_enabled":true,"jetpack-related-posts":[],"_links":{"self":[{"href":"https:\/\/historiografija.hr\/index.php?rest_route=\/wp\/v2\/posts\/36472","targetHints":{"allow":["GET"]}}],"collection":[{"href":"https:\/\/historiografija.hr\/index.php?rest_route=\/wp\/v2\/posts"}],"about":[{"href":"https:\/\/historiografija.hr\/index.php?rest_route=\/wp\/v2\/types\/post"}],"author":[{"embeddable":true,"href":"https:\/\/historiografija.hr\/index.php?rest_route=\/wp\/v2\/users\/2"}],"replies":[{"embeddable":true,"href":"https:\/\/historiografija.hr\/index.php?rest_route=%2Fwp%2Fv2%2Fcomments&post=36472"}],"version-history":[{"count":3,"href":"https:\/\/historiografija.hr\/index.php?rest_route=\/wp\/v2\/posts\/36472\/revisions"}],"predecessor-version":[{"id":36476,"href":"https:\/\/historiografija.hr\/index.php?rest_route=\/wp\/v2\/posts\/36472\/revisions\/36476"}],"wp:featuredmedia":[{"embeddable":true,"href":"https:\/\/historiografija.hr\/index.php?rest_route=\/wp\/v2\/media\/36473"}],"wp:attachment":[{"href":"https:\/\/historiografija.hr\/index.php?rest_route=%2Fwp%2Fv2%2Fmedia&parent=36472"}],"wp:term":[{"taxonomy":"category","embeddable":true,"href":"https:\/\/historiografija.hr\/index.php?rest_route=%2Fwp%2Fv2%2Fcategories&post=36472"},{"taxonomy":"post_tag","embeddable":true,"href":"https:\/\/historiografija.hr\/index.php?rest_route=%2Fwp%2Fv2%2Ftags&post=36472"}],"curies":[{"name":"wp","href":"https:\/\/api.w.org\/{rel}","templated":true}]}}