{"id":36462,"date":"2023-07-10T22:54:32","date_gmt":"2023-07-10T22:54:32","guid":{"rendered":"http:\/\/historiografija.hr\/?p=36462"},"modified":"2023-07-10T22:54:32","modified_gmt":"2023-07-10T22:54:32","slug":"online-vortrag-die-ethnischen-sauberungen-im-bosnienkrieg-einsichten-der-taterforschung","status":"publish","type":"post","link":"https:\/\/historiografija.hr\/?p=36462","title":{"rendered":"Online-Vortrag: Die \u201eEthnischen S\u00e4uberungen\u201c im Bosnienkrieg. Einsichten der T\u00e4terforschung"},"content":{"rendered":"\n<p>Prof. Dr. Marie-Janine Calic (M\u00fcnchen)<\/p>\n\n\n\n<p>Mittwoch, 12.07.2023, 18:15 Uhr, Online-Vortrag<\/p>\n\n\n\n<hr class=\"wp-block-separator\"\/>\n\n\n\n<p>W\u00e4hrend des jugoslawischen Zerfallskrieges der neunziger Jahre fanden im multiethnischen Bosnien-Herzegowina in gro\u00dfem Umfang schwerste Menschenrechtsverletzungen statt. Angesichts massenhafter&nbsp;\u201eethnischer S\u00e4uberungen\u201c erschien \u201eder Balkan\u201c als Chiffre f\u00fcr Unruhe und grausame Gewalt. Wer aber&nbsp;waren die Akteure dieser Massenverbrechen? Welche Erkl\u00e4rungen liefern neuere Forschungen&nbsp;unterschiedlicher Disziplinen, und was l\u00e4sst sich empirisch aus den Quellen schlie\u00dfen, die u.a. der IStGH in&nbsp;Den Haag zusammengetragen hat? Gibt es eine balkanspezifische \u201eKriegskultur\u201c \u2013 und was macht sie aus?&nbsp;Wie stellt sich der jugoslawische Fall im internationalen Vergleich dar?<\/p>\n\n\n\n<p><strong>Marie-Janine Calic<\/strong> ist Professorin f\u00fcr Ost- und S\u00fcdosteurop\u00e4ische Geschichte an der Ludwig-Maximilians-Universit\u00e4t in&nbsp;M\u00fcnchen. Zuvor war sie bei der Stiftung Wissenschaft und Politik in Ebenhausen und Berlin t\u00e4tig. Daneben war sie u.a.&nbsp;politische Beraterin des UN-Sondergesandten f\u00fcr das ehemalige Jugoslawien in Zagreb (1995) sowie des&nbsp;Sonderkoordinators des Stabilit\u00e4tspakts f\u00fcr S\u00fcdosteuropa in Br\u00fcssel (1999-2002).<\/p>\n\n\n\n<p>Anmeldung zum Vortrag: <a href=\"mailto:grk2304@uni-mainz.de\">grk2304@uni-mainz.de<\/a><\/p>\n\n\n\n<hr class=\"wp-block-separator\"\/>\n\n\n\n<p><a href=\"https:\/\/www.sogde.org\/de\/events\/die-ethnischen-sauberungen-im-bosnienkrieg-einsichten-der-taterforschung\/\">https:\/\/www.sogde.org\/de\/events\/die-ethnischen-sauberungen-im-bosnienkrieg-einsichten-der-taterforschung\/<\/a><\/p>\n\n\n\n<hr class=\"wp-block-separator\"\/>\n","protected":false},"excerpt":{"rendered":"","protected":false},"author":2,"featured_media":36463,"comment_status":"open","ping_status":"open","sticky":false,"template":"","format":"standard","meta":{"_acf_changed":false,"_jetpack_newsletter_access":"","_jetpack_dont_email_post_to_subs":false,"_jetpack_newsletter_tier_id":0,"_jetpack_memberships_contains_paywalled_content":false,"_jetpack_memberships_contains_paid_content":false,"footnotes":"","jetpack_publicize_message":"","jetpack_publicize_feature_enabled":true,"jetpack_social_post_already_shared":true,"jetpack_social_options":{"image_generator_settings":{"template":"highway","default_image_id":0,"font":"","enabled":false},"version":2},"jetpack_post_was_ever_published":false},"categories":[3],"tags":[],"class_list":["post-36462","post","type-post","status-publish","format-standard","has-post-thumbnail","hentry","category-novosti"],"acf":{"facebook_opis":""},"jetpack_publicize_connections":[],"jetpack_featured_media_url":"https:\/\/i0.wp.com\/historiografija.hr\/wp-content\/uploads\/2023\/07\/Sg.png?fit=436%2C116&ssl=1","jetpack_sharing_enabled":true,"jetpack-related-posts":[{"id":54556,"url":"https:\/\/historiografija.hr\/?p=54556","url_meta":{"origin":36462,"position":0},"title":"Patrick Teichmann, &#8220;Die Nation als Familie. Die Konterrevolution im franz\u00f6sischen Roman um 1870&#8221;","author":"Branimir Jankovi\u0107","date":"10. srpnja 2026.","format":false,"excerpt":"Patrick Teichmann u knjizi \u201eDie Nation als Familie\u201c analizira na\u010dine na kojima se u djelima francuske knji\u017eevnosti koja su nastala oko 1870. godine tematizira kontrarevolucija iz 1790-ih, pri \u010demu se koristi povijesni narativ i obiteljska metaforika za promi\u0161ljanje politi\u010dke nestabilnosti i budu\u0107nosti francuske nacije. O knjizi: \u201eDie franz\u00f6sische Konterrevolution der\u2026","rel":"","context":"U &quot;Knjige&quot;","block_context":{"text":"Knjige","link":"https:\/\/historiografija.hr\/?cat=8"},"img":{"alt_text":"","src":"https:\/\/i0.wp.com\/historiografija.hr\/wp-content\/uploads\/2026\/07\/Die-Nation-als-Familie-Buch-2.jpg?fit=800%2C545&ssl=1&resize=350%2C200","width":350,"height":200,"srcset":"https:\/\/i0.wp.com\/historiografija.hr\/wp-content\/uploads\/2026\/07\/Die-Nation-als-Familie-Buch-2.jpg?fit=800%2C545&ssl=1&resize=350%2C200 1x, https:\/\/i0.wp.com\/historiografija.hr\/wp-content\/uploads\/2026\/07\/Die-Nation-als-Familie-Buch-2.jpg?fit=800%2C545&ssl=1&resize=525%2C300 1.5x, https:\/\/i0.wp.com\/historiografija.hr\/wp-content\/uploads\/2026\/07\/Die-Nation-als-Familie-Buch-2.jpg?fit=800%2C545&ssl=1&resize=700%2C400 2x"},"classes":[]},{"id":54420,"url":"https:\/\/historiografija.hr\/?p=54420","url_meta":{"origin":36462,"position":1},"title":"Anna H\u00e1jkov\u00e1, &#8220;Das letzte Ghetto. Eine Alltagsgeschichte von Theresienstadt&#8221;","author":"Branimir Jankovi\u0107","date":"2. srpnja 2026.","format":false,"excerpt":"W\u00e4hrend des Holocaust bildete sich in der H\u00e4ftlingsgesellschaft von Theresienstadt eine eigene soziale Hierarchie heraus. Dabei entschieden kleine Unterschiede zwischen den H\u00e4ftlingen \u2013 ihr Alter, ihre Herkunft oder ihre fr\u00fchere Arbeit \u2013 \u00fcber Leben und Tod. In den dreieinhalb Jahren des Bestehens des Lagers schufen die H\u00e4ftlinge ihre eigene Kultur\u2026","rel":"","context":"U &quot;Knjige&quot;","block_context":{"text":"Knjige","link":"https:\/\/historiografija.hr\/?cat=8"},"img":{"alt_text":"","src":"https:\/\/i0.wp.com\/historiografija.hr\/wp-content\/uploads\/2026\/07\/A_Hajkova.jpg?fit=789%2C685&ssl=1&resize=350%2C200","width":350,"height":200,"srcset":"https:\/\/i0.wp.com\/historiografija.hr\/wp-content\/uploads\/2026\/07\/A_Hajkova.jpg?fit=789%2C685&ssl=1&resize=350%2C200 1x, https:\/\/i0.wp.com\/historiografija.hr\/wp-content\/uploads\/2026\/07\/A_Hajkova.jpg?fit=789%2C685&ssl=1&resize=525%2C300 1.5x, https:\/\/i0.wp.com\/historiografija.hr\/wp-content\/uploads\/2026\/07\/A_Hajkova.jpg?fit=789%2C685&ssl=1&resize=700%2C400 2x"},"classes":[]},{"id":54451,"url":"https:\/\/historiografija.hr\/?p=54451","url_meta":{"origin":36462,"position":2},"title":"Gewalt historisch lesen. Praxisbeispiele f\u00fcr multiperspektivische Interpretationen von Quellen in der Geschichtswissenschaft","author":"Branimir Jankovi\u0107","date":"3. srpnja 2026.","format":false,"excerpt":"Die Interpretation von historischen Quellen ist in der Geschichtswissenschaft der wichtigste Weg zur Gewinnung von Erkenntnis. Am Beispiel der Gewaltgeschichte erl\u00e4utern die Beitr\u00e4gerinnen den korrekten Umgang mit unterschiedlichem Quellenmaterial. Durch die ausf\u00fchrliche Darstellung von Best-Practice-Beispielen geben sie konkrete Hilfestellung bei der Quellenanalyse. Eine Quelle wird dabei von zwei Wissenschaftlerinnen interpretiert\u2026","rel":"","context":"U &quot;E-knjige&quot;","block_context":{"text":"E-knjige","link":"https:\/\/historiografija.hr\/?cat=19"},"img":{"alt_text":"","src":"https:\/\/i0.wp.com\/historiografija.hr\/wp-content\/uploads\/2026\/07\/Gewalt-Buch.jpg?fit=775%2C670&ssl=1&resize=350%2C200","width":350,"height":200,"srcset":"https:\/\/i0.wp.com\/historiografija.hr\/wp-content\/uploads\/2026\/07\/Gewalt-Buch.jpg?fit=775%2C670&ssl=1&resize=350%2C200 1x, https:\/\/i0.wp.com\/historiografija.hr\/wp-content\/uploads\/2026\/07\/Gewalt-Buch.jpg?fit=775%2C670&ssl=1&resize=525%2C300 1.5x, https:\/\/i0.wp.com\/historiografija.hr\/wp-content\/uploads\/2026\/07\/Gewalt-Buch.jpg?fit=775%2C670&ssl=1&resize=700%2C400 2x"},"classes":[]},{"id":49750,"url":"https:\/\/historiografija.hr\/?p=49750","url_meta":{"origin":36462,"position":3},"title":"Rashid I. Khalidi, &#8220;Hundred Years&#8217; War on Palestine&#8221;","author":"Branimir Jankovi\u0107","date":"20. studenoga 2025.","format":false,"excerpt":"The twentieth century for Palestine and the Palestinians has been a century of denial: denial of statehood, denial of nationhood and denial of history. The Hundred Years War on Palestine is Rashid Khalidi`s powerful response. Drawing on his family archives, he reclaims the fundamental right of any people: to narrate\u2026","rel":"","context":"U &quot;Knjige&quot;","block_context":{"text":"Knjige","link":"https:\/\/historiografija.hr\/?cat=8"},"img":{"alt_text":"","src":"https:\/\/i0.wp.com\/historiografija.hr\/wp-content\/uploads\/2025\/11\/Rashid.jpg?fit=360%2C553&ssl=1&resize=350%2C200","width":350,"height":200},"classes":[]},{"id":54476,"url":"https:\/\/historiografija.hr\/?p=54476","url_meta":{"origin":36462,"position":4},"title":"Predavanje Senne \u0160imek &#8220;Croatian Government Responses to ICTY Judgments on Bosnia and Herzegovina: Continuity or Change?&#8221; u Berlinu","author":"Branimir Jankovi\u0107","date":"6. srpnja 2026.","format":false,"excerpt":"U sklopu kolokvija \"Themen, Theorien und Forschungsans\u00e4tze in der Geschichte Mittel-\/S\u00fcdosteuropas\" (TTF) koji se odr\u017eava na\u00a0Katedri za povijest jugoisto\u010dne Europe (Chair for Southeast European History) u okviru Odsjeka za povijest Humboldtovog sveu\u010dili\u0161ta u Berlinu, u srijedu, 8. srpnja 2026. u 12:15, doktorandica na doktorskom studiju Moderna i suvremena hrvatska povijest\u2026","rel":"","context":"U &quot;Novosti&quot;","block_context":{"text":"Novosti","link":"https:\/\/historiografija.hr\/?cat=3"},"img":{"alt_text":"","src":"https:\/\/i0.wp.com\/historiografija.hr\/wp-content\/uploads\/2017\/07\/Huberlin-logo_svg.png?fit=1024%2C1024&ssl=1&resize=350%2C200","width":350,"height":200,"srcset":"https:\/\/i0.wp.com\/historiografija.hr\/wp-content\/uploads\/2017\/07\/Huberlin-logo_svg.png?fit=1024%2C1024&ssl=1&resize=350%2C200 1x, https:\/\/i0.wp.com\/historiografija.hr\/wp-content\/uploads\/2017\/07\/Huberlin-logo_svg.png?fit=1024%2C1024&ssl=1&resize=525%2C300 1.5x, https:\/\/i0.wp.com\/historiografija.hr\/wp-content\/uploads\/2017\/07\/Huberlin-logo_svg.png?fit=1024%2C1024&ssl=1&resize=700%2C400 2x"},"classes":[]},{"id":54767,"url":"https:\/\/historiografija.hr\/?p=54767","url_meta":{"origin":36462,"position":5},"title":"Philipp Ther: The Sound of Habsburg \/ Der Klang der Monarchie. A Musical History of the Austro-Hungarian Empire","author":"Branimir Jankovi\u0107","date":"23. srpnja 2026.","format":false,"excerpt":"A fascinating history of the Austro-Hungarian Empire told through the prism of the music it created and was shaped by From the late 18th century onwards, the Habsburg Monarchy was on the decline internationally, and internally was riven by conflict. But time and again, the Habsburgs rallied together, survived the\u2026","rel":"","context":"U &quot;Knjige&quot;","block_context":{"text":"Knjige","link":"https:\/\/historiografija.hr\/?cat=8"},"img":{"alt_text":"","src":"https:\/\/i0.wp.com\/historiografija.hr\/wp-content\/uploads\/2026\/07\/the-sound-of-habsburg.webp?fit=400%2C635&ssl=1&resize=350%2C200","width":350,"height":200},"classes":[]}],"_links":{"self":[{"href":"https:\/\/historiografija.hr\/index.php?rest_route=\/wp\/v2\/posts\/36462","targetHints":{"allow":["GET"]}}],"collection":[{"href":"https:\/\/historiografija.hr\/index.php?rest_route=\/wp\/v2\/posts"}],"about":[{"href":"https:\/\/historiografija.hr\/index.php?rest_route=\/wp\/v2\/types\/post"}],"author":[{"embeddable":true,"href":"https:\/\/historiografija.hr\/index.php?rest_route=\/wp\/v2\/users\/2"}],"replies":[{"embeddable":true,"href":"https:\/\/historiografija.hr\/index.php?rest_route=%2Fwp%2Fv2%2Fcomments&post=36462"}],"version-history":[{"count":1,"href":"https:\/\/historiografija.hr\/index.php?rest_route=\/wp\/v2\/posts\/36462\/revisions"}],"predecessor-version":[{"id":36464,"href":"https:\/\/historiografija.hr\/index.php?rest_route=\/wp\/v2\/posts\/36462\/revisions\/36464"}],"wp:featuredmedia":[{"embeddable":true,"href":"https:\/\/historiografija.hr\/index.php?rest_route=\/wp\/v2\/media\/36463"}],"wp:attachment":[{"href":"https:\/\/historiografija.hr\/index.php?rest_route=%2Fwp%2Fv2%2Fmedia&parent=36462"}],"wp:term":[{"taxonomy":"category","embeddable":true,"href":"https:\/\/historiografija.hr\/index.php?rest_route=%2Fwp%2Fv2%2Fcategories&post=36462"},{"taxonomy":"post_tag","embeddable":true,"href":"https:\/\/historiografija.hr\/index.php?rest_route=%2Fwp%2Fv2%2Ftags&post=36462"}],"curies":[{"name":"wp","href":"https:\/\/api.w.org\/{rel}","templated":true}]}}