{"id":36459,"date":"2023-07-10T22:44:09","date_gmt":"2023-07-10T22:44:09","guid":{"rendered":"http:\/\/historiografija.hr\/?p=36459"},"modified":"2023-07-10T22:44:09","modified_gmt":"2023-07-10T22:44:09","slug":"izlozba-fotografija-milosa-cvetkovica-moja-bosna-u-beogradu","status":"publish","type":"post","link":"https:\/\/historiografija.hr\/?p=36459","title":{"rendered":"Izlo\u017eba fotografija Milo\u0161a Cvetkovi\u0107a \u201eMoja Bosna\u201c u Beogradu"},"content":{"rendered":"\n<p>Promocija knjige i izlo\u017eba \u201eMoja Bosna\u201c, autora Milo\u0161a Cvetkovi\u0107a Cveleta otvorena je u utorak, 4. jula 2023. u End\u017eio Hab-u u Beogradu. Izlo\u017eba \u0107e biti otvorena za posetioce do 11. jula svakog dana od 12:00h-18:00h, i ulaz je besplatan.<\/p>\n\n\n\n<hr class=\"wp-block-separator\"\/>\n\n\n\n<p>Izvor i dodatne obavijesti:<\/p>\n\n\n\n<p><a href=\"https:\/\/www.facebook.com\/endzio.rs\/\">https:\/\/www.facebook.com\/endzio.rs\/<\/a><\/p>\n\n\n\n<figure class=\"wp-block-embed-wordpress wp-block-embed is-type-wp-embed is-provider-endzio-hab\"><div class=\"wp-block-embed__wrapper\">\n<blockquote class=\"wp-embedded-content\" data-secret=\"qVyoC3N7l0\"><a href=\"https:\/\/endzio.rs\/otvorena-izlozba-moja-bosna-autora-milana-cvetkovica-cveleta-u-beogradu\/\">Otvorena izlo\u017eba \u201eMoja Bosna\u201c, autora Milana Cvetkovi\u0107a \u2013 Cveleta u Beogradu<\/a><\/blockquote><iframe loading=\"lazy\" class=\"wp-embedded-content\" sandbox=\"allow-scripts\" security=\"restricted\" style=\"position: absolute; clip: rect(1px, 1px, 1px, 1px);\" title=\"&#8220;Otvorena izlo\u017eba \u201eMoja Bosna\u201c, autora Milana Cvetkovi\u0107a \u2013 Cveleta u Beogradu&#8221; &#8212; End\u017eio HAB\" src=\"https:\/\/endzio.rs\/otvorena-izlozba-moja-bosna-autora-milana-cvetkovica-cveleta-u-beogradu\/embed\/#?secret=enswv8MxZQ#?secret=qVyoC3N7l0\" data-secret=\"qVyoC3N7l0\" width=\"600\" height=\"338\" frameborder=\"0\" marginwidth=\"0\" marginheight=\"0\" scrolling=\"no\"><\/iframe>\n<\/div><\/figure>\n\n\n\n<hr class=\"wp-block-separator\"\/>\n\n\n\n<p><a href=\"https:\/\/www.portalnovosti.com\/moja-bosna-na-fotografijama-milosa-cvetkovica\">https:\/\/www.portalnovosti.com\/moja-bosna-na-fotografijama-milosa-cvetkovica<\/a><\/p>\n\n\n\n<figure class=\"wp-block-embed-wordpress wp-block-embed is-type-wp-embed is-provider-dnevni-list-danas\"><div class=\"wp-block-embed__wrapper\">\n<blockquote class=\"wp-embedded-content\" data-secret=\"YEC93CJJmj\"><a href=\"https:\/\/www.danas.rs\/kultura\/izlozba-moja-bosna-u-endzio-hub-u\/\">Izlo\u017eba &#8222;Moja Bosna&#8220; u End\u017eio HUB-u<\/a><\/blockquote><iframe loading=\"lazy\" class=\"wp-embedded-content\" sandbox=\"allow-scripts\" security=\"restricted\" style=\"position: absolute; clip: rect(1px, 1px, 1px, 1px);\" title=\"&#132;Izlo\u017eba &#8222;Moja Bosna&#8220; u End\u017eio HUB-u&#147; &#8212; Dnevni list Danas\" src=\"https:\/\/www.danas.rs\/kultura\/izlozba-moja-bosna-u-endzio-hub-u\/embed\/#?secret=Pn0UB1vJ0B#?secret=YEC93CJJmj\" data-secret=\"YEC93CJJmj\" width=\"600\" height=\"338\" frameborder=\"0\" marginwidth=\"0\" marginheight=\"0\" scrolling=\"no\"><\/iframe>\n<\/div><\/figure>\n\n\n\n<p><a href=\"https:\/\/balkans.aljazeera.net\/news\/culture\/2023\/6\/29\/moja-bosna-izlozba-ratnih-fotografija-milosa-cvetkovica-u-beogradu\">https:\/\/balkans.aljazeera.net\/news\/culture\/2023\/6\/29\/moja-bosna-izlozba-ratnih-fotografija-milosa-cvetkovica-u-beogradu<\/a><\/p>\n\n\n\n<figure class=\"wp-block-embed-wordpress wp-block-embed is-type-wp-embed is-provider-autonomija\"><div class=\"wp-block-embed__wrapper\">\n<blockquote class=\"wp-embedded-content\" data-secret=\"TNl3RIY8eA\"><a href=\"https:\/\/autonomija.info\/izlozba-ratnih-fotografija-moja-bosna-milosa-cvetkovica-cveleta-u-beogradu-od-4-jula\/\">Izlo\u017eba ratnih fotografija \u201cMoja Bosna\u201d Milo\u0161a Cvetkovi\u0107a \u2013 Cveleta u Beogradu od 4. jula<\/a><\/blockquote><iframe loading=\"lazy\" class=\"wp-embedded-content\" sandbox=\"allow-scripts\" security=\"restricted\" style=\"position: absolute; clip: rect(1px, 1px, 1px, 1px);\" title=\"&#132;Izlo\u017eba ratnih fotografija \u201cMoja Bosna\u201d Milo\u0161a Cvetkovi\u0107a \u2013 Cveleta u Beogradu od 4. jula&#147; &#8212; Autonomija\" src=\"https:\/\/autonomija.info\/izlozba-ratnih-fotografija-moja-bosna-milosa-cvetkovica-cveleta-u-beogradu-od-4-jula\/embed\/#?secret=5zKV4lYcil#?secret=TNl3RIY8eA\" data-secret=\"TNl3RIY8eA\" width=\"600\" height=\"338\" frameborder=\"0\" marginwidth=\"0\" marginheight=\"0\" scrolling=\"no\"><\/iframe>\n<\/div><\/figure>\n\n\n\n<p><a href=\"https:\/\/www.slobodnaevropa.org\/a\/izlozba-beograd-milos-cvetkovic-ratne-fotografije-\/32489269.html\">https:\/\/www.slobodnaevropa.org\/a\/izlozba-beograd-milos-cvetkovic-ratne-fotografije-\/32489269.html<\/a><\/p>\n\n\n\n<p><a href=\"https:\/\/balkaninsight.com\/sr\/2023\/07\/05\/izlozba-fotografija-srpskog-fotografa-iz-rata-u-bih\/\">https:\/\/balkaninsight.com\/sr\/2023\/07\/05\/izlozba-fotografija-srpskog-fotografa-iz-rata-u-bih\/<\/a><\/p>\n\n\n\n<hr class=\"wp-block-separator\"\/>\n","protected":false},"excerpt":{"rendered":"","protected":false},"author":2,"featured_media":36460,"comment_status":"open","ping_status":"open","sticky":false,"template":"","format":"standard","meta":{"_acf_changed":false,"jetpack_post_was_ever_published":false,"_jetpack_newsletter_access":"","_jetpack_dont_email_post_to_subs":false,"_jetpack_newsletter_tier_id":0,"_jetpack_memberships_contains_paywalled_content":false,"_jetpack_memberships_contains_paid_content":false,"footnotes":"","jetpack_publicize_message":"","jetpack_publicize_feature_enabled":true,"jetpack_social_post_already_shared":true,"jetpack_social_options":{"image_generator_settings":{"template":"highway","default_image_id":0,"font":"","enabled":false},"version":2}},"categories":[10,3],"tags":[],"class_list":["post-36459","post","type-post","status-publish","format-standard","has-post-thumbnail","hentry","category-izlozbe","category-novosti"],"acf":{"facebook_opis":""},"jetpack_publicize_connections":[],"jetpack_featured_media_url":"https:\/\/i0.wp.com\/historiografija.hr\/wp-content\/uploads\/2023\/07\/Moja_Bosna.jpg?fit=1080%2C1080&ssl=1","jetpack_sharing_enabled":true,"jetpack-related-posts":[],"_links":{"self":[{"href":"https:\/\/historiografija.hr\/index.php?rest_route=\/wp\/v2\/posts\/36459","targetHints":{"allow":["GET"]}}],"collection":[{"href":"https:\/\/historiografija.hr\/index.php?rest_route=\/wp\/v2\/posts"}],"about":[{"href":"https:\/\/historiografija.hr\/index.php?rest_route=\/wp\/v2\/types\/post"}],"author":[{"embeddable":true,"href":"https:\/\/historiografija.hr\/index.php?rest_route=\/wp\/v2\/users\/2"}],"replies":[{"embeddable":true,"href":"https:\/\/historiografija.hr\/index.php?rest_route=%2Fwp%2Fv2%2Fcomments&post=36459"}],"version-history":[{"count":1,"href":"https:\/\/historiografija.hr\/index.php?rest_route=\/wp\/v2\/posts\/36459\/revisions"}],"predecessor-version":[{"id":36461,"href":"https:\/\/historiografija.hr\/index.php?rest_route=\/wp\/v2\/posts\/36459\/revisions\/36461"}],"wp:featuredmedia":[{"embeddable":true,"href":"https:\/\/historiografija.hr\/index.php?rest_route=\/wp\/v2\/media\/36460"}],"wp:attachment":[{"href":"https:\/\/historiografija.hr\/index.php?rest_route=%2Fwp%2Fv2%2Fmedia&parent=36459"}],"wp:term":[{"taxonomy":"category","embeddable":true,"href":"https:\/\/historiografija.hr\/index.php?rest_route=%2Fwp%2Fv2%2Fcategories&post=36459"},{"taxonomy":"post_tag","embeddable":true,"href":"https:\/\/historiografija.hr\/index.php?rest_route=%2Fwp%2Fv2%2Ftags&post=36459"}],"curies":[{"name":"wp","href":"https:\/\/api.w.org\/{rel}","templated":true}]}}