{"id":36452,"date":"2023-07-10T22:22:47","date_gmt":"2023-07-10T22:22:47","guid":{"rendered":"http:\/\/historiografija.hr\/?p=36452"},"modified":"2023-07-10T22:23:34","modified_gmt":"2023-07-10T22:23:34","slug":"mirsada-simchen-kahrimanovic-lauf-madchen-lauf-mein-dorf-in-bosnien-der-krieg-und-mein-neues-leben","status":"publish","type":"post","link":"https:\/\/historiografija.hr\/?p=36452","title":{"rendered":"Mirsada Simchen-Kahrimanovi\u0107, \u201eLauf, M\u00e4dchen, lauf! Mein Dorf in Bosnien, der Krieg und mein neues Leben\u201c"},"content":{"rendered":"\n<p>Autorica Mirsada Simchen-Kahrimanovi\u0107 u autobiografskoj knjizi objavljenoj 2022. godine govori o svom traumati\u010dnom iskustvu rata u Bosni i Hercegovini obilje\u017eenog ubojstvom oca i zato\u010deni\u0161tvom u logoru Trnopolje te zatim o novom \u017eivotu u Njema\u010dkoj.<\/p>\n\n\n\n<hr class=\"wp-block-separator\"\/>\n\n\n\n<p><strong>Ein kaum beleuchteter Krieg in Europa: Der Balkan-Konflikt aus Sicht einer Zeitzeugin<\/strong><\/p>\n\n\n\n<p>Im Fr\u00fchjahr 1992 spitzt sich die Lage in der zentraljugoslawischen Republik dramatisch zu. Bosnien-Herzegowina erkl\u00e4rt seine Unabh\u00e4ngigkeit von Jugoslawien. Als Antwort darauf beginnen serbische Einheiten sogenannte \u00bbethnische S\u00e4uberungen\u00ab unter der bosniakischen Bev\u00f6lkerung durchzuf\u00fchren. Die Kriegsverbrechen und Gr\u00e4ueltaten steigern sich ins Unermessliche.<\/p>\n\n\n\n<p>Gleich beim ersten Angriff auf ihr bosnisches Dorf wird Mirsada Simchen-Kahrimanovics Vater ermordet. Sie selbst wird mit Mutter und Schwester im Lager Trnopolje inhaftiert. Hier erlebt die 13-J\u00e4hrige Terror und sexuellen Missbrauch der gefangenen Frauen durch serbische Soldaten.<\/p>\n\n\n\n<p>In ihrer Autobiografie berichtet sie von diesem Kindheitstrauma und setzt ein Zeichen f\u00fcr Verst\u00e4ndigung und Frieden.<\/p>\n\n\n\n<ul class=\"wp-block-list\"><li>Eine Zeitzeugin erz\u00e4hlt: Biografie einer starken Frau basierend auf ihren Tageb\u00fcchern<\/li><li>Die verdr\u00e4ngten Jugoslawienkriege zwischen 1991 und 1995 und ihre Folgen<\/li><li>Kriegserinnerungen, die pr\u00e4gen: Mitrei\u00dfender und ersch\u00fctternder Erfahrungsbericht<\/li><li>Neuanfang in Deutschland: Erlebnisse als Kriegsfl\u00fcchtling in einem fremden Land<\/li><li>Ber\u00fchrendes Pl\u00e4doyer f\u00fcr mehr Toleranz zwischen V\u00f6lkern und Religionen<\/li><\/ul>\n\n\n\n<p><strong>Der verdr\u00e4ngte Krieg auf dem Balkan: Erinnerungsbuch macht menschliche Schicksale greifbar<\/strong><\/p>\n\n\n\n<p>\u00bb\u203aRennt, rennt\u2039, riefen uns die Soldaten von drau\u00dfen in unser Versteck zu, w\u00e4hrend sie mit den F\u00e4usten an die Fenster h\u00e4mmerten. Wir rannten aus unserem Keller &#8211; direkt in die H\u00f6lle: das Konzentrationslager von Trnopolje.\u00ab Mirsada Simchen-Kahrimanovic gelingt schlie\u00dflich die Flucht. In Deutschland baut sie sich erfolgreich ein neues Leben auf &#8211; und kann die Erinnerung an den geliebten Vater und den Krieg doch nicht absch\u00fctteln. Bis heute rennt sie: jeden Morgen zehn Kilometer.<\/p>\n\n\n\n<p>\u00bbLauf, M\u00e4dchen, lauf!\u00ab ist ihr sehr pers\u00f6nliches und emotionales Memoir. Eine Lebensgeschichte, die durch ihre Standhaftigkeit Mut macht, und ein Buch, das den vergessenen Krieg auf dem Balkan wieder in das \u00f6ffentliche Bewusstsein r\u00fcckt.<\/p>\n\n\n\n<hr class=\"wp-block-separator\"\/>\n\n\n\n<p>2022. Mit einem Nachwort des Hohen Repr\u00e4sentanten f\u00fcr Bosnien und Herzegowina Christian Schmidt. 144 S., 6 s\/w Abb. und 4 Kt., 13,5 x 21,5 cm, geb. wbg Theiss, Darmstadt.<\/p>\n\n\n\n<hr class=\"wp-block-separator\"\/>\n\n\n\n<p><a href=\"https:\/\/www.wbg-wissenverbindet.de\/shop\/42421\/lauf-maedchen-lauf\">https:\/\/www.wbg-wissenverbindet.de\/shop\/42421\/lauf-maedchen-lauf<\/a><\/p>\n\n\n\n<hr class=\"wp-block-separator\"\/>\n\n\n\n<p>Dodatne obavijesti:<\/p>\n\n\n\n<figure class=\"wp-block-embed-wordpress wp-block-embed is-type-wp-embed is-provider-hrvatski-glas-berlin\"><div class=\"wp-block-embed__wrapper\">\n<blockquote class=\"wp-embedded-content\" data-secret=\"pjQRAACQsH\"><a href=\"https:\/\/hrvatskiglas-berlin.eu\/?p=225733\">BUDU\u0106NOST TREBA SJE\u0106ANJE I TOLERANTAN SU\u017dIVOT<\/a><\/blockquote><iframe loading=\"lazy\" class=\"wp-embedded-content\" sandbox=\"allow-scripts\" security=\"restricted\" style=\"position: absolute; clip: rect(1px, 1px, 1px, 1px);\" title=\"&#8222;BUDU\u0106NOST TREBA SJE\u0106ANJE I TOLERANTAN SU\u017dIVOT&#8220; &#8212; Hrvatski Glas Berlin\" src=\"https:\/\/hrvatskiglas-berlin.eu\/?p=225733&#038;embed=true#?secret=pjQRAACQsH\" data-secret=\"pjQRAACQsH\" width=\"600\" height=\"338\" frameborder=\"0\" marginwidth=\"0\" marginheight=\"0\" scrolling=\"no\"><\/iframe>\n<\/div><\/figure>\n\n\n\n<p><a href=\"https:\/\/mojabih.oslobodjenje.ba\/mb\/zivotne-price\/mirsada-simchen-kahrimanovic-djevojcica-iz-logora-trnopolje-isplati-se-zalagati-za-mir-ljubav-i-toleranciju-793133\">https:\/\/mojabih.oslobodjenje.ba\/mb\/zivotne-price\/mirsada-simchen-kahrimanovic-djevojcica-iz-logora-trnopolje-isplati-se-zalagati-za-mir-ljubav-i-toleranciju-793133<\/a><\/p>\n\n\n\n<hr class=\"wp-block-separator\"\/>\n","protected":false},"excerpt":{"rendered":"","protected":false},"author":2,"featured_media":36453,"comment_status":"open","ping_status":"open","sticky":false,"template":"","format":"standard","meta":{"_acf_changed":false,"jetpack_post_was_ever_published":false,"_jetpack_newsletter_access":"","_jetpack_dont_email_post_to_subs":false,"_jetpack_newsletter_tier_id":0,"_jetpack_memberships_contains_paywalled_content":false,"_jetpack_memberships_contains_paid_content":false,"footnotes":"","jetpack_publicize_message":"","jetpack_publicize_feature_enabled":true,"jetpack_social_post_already_shared":true,"jetpack_social_options":{"image_generator_settings":{"template":"highway","default_image_id":0,"font":"","enabled":false},"version":2}},"categories":[8,3],"tags":[],"class_list":["post-36452","post","type-post","status-publish","format-standard","has-post-thumbnail","hentry","category-knjige","category-novosti"],"acf":{"facebook_opis":""},"jetpack_publicize_connections":[],"jetpack_featured_media_url":"https:\/\/i0.wp.com\/historiografija.hr\/wp-content\/uploads\/2023\/07\/Kahrimovic.jpg?fit=400%2C600&ssl=1","jetpack_sharing_enabled":true,"jetpack-related-posts":[],"_links":{"self":[{"href":"https:\/\/historiografija.hr\/index.php?rest_route=\/wp\/v2\/posts\/36452","targetHints":{"allow":["GET"]}}],"collection":[{"href":"https:\/\/historiografija.hr\/index.php?rest_route=\/wp\/v2\/posts"}],"about":[{"href":"https:\/\/historiografija.hr\/index.php?rest_route=\/wp\/v2\/types\/post"}],"author":[{"embeddable":true,"href":"https:\/\/historiografija.hr\/index.php?rest_route=\/wp\/v2\/users\/2"}],"replies":[{"embeddable":true,"href":"https:\/\/historiografija.hr\/index.php?rest_route=%2Fwp%2Fv2%2Fcomments&post=36452"}],"version-history":[{"count":2,"href":"https:\/\/historiografija.hr\/index.php?rest_route=\/wp\/v2\/posts\/36452\/revisions"}],"predecessor-version":[{"id":36455,"href":"https:\/\/historiografija.hr\/index.php?rest_route=\/wp\/v2\/posts\/36452\/revisions\/36455"}],"wp:featuredmedia":[{"embeddable":true,"href":"https:\/\/historiografija.hr\/index.php?rest_route=\/wp\/v2\/media\/36453"}],"wp:attachment":[{"href":"https:\/\/historiografija.hr\/index.php?rest_route=%2Fwp%2Fv2%2Fmedia&parent=36452"}],"wp:term":[{"taxonomy":"category","embeddable":true,"href":"https:\/\/historiografija.hr\/index.php?rest_route=%2Fwp%2Fv2%2Fcategories&post=36452"},{"taxonomy":"post_tag","embeddable":true,"href":"https:\/\/historiografija.hr\/index.php?rest_route=%2Fwp%2Fv2%2Ftags&post=36452"}],"curies":[{"name":"wp","href":"https:\/\/api.w.org\/{rel}","templated":true}]}}