{"id":36426,"date":"2023-07-07T21:43:47","date_gmt":"2023-07-07T21:43:47","guid":{"rendered":"http:\/\/historiografija.hr\/?p=36426"},"modified":"2023-07-07T21:43:47","modified_gmt":"2023-07-07T21:43:47","slug":"amir-muharemi-kuvajt","status":"publish","type":"post","link":"https:\/\/historiografija.hr\/?p=36426","title":{"rendered":"Amir Muharemi, \u201eKuvajt\u201c"},"content":{"rendered":"\n<p>Kuvajt je malen dio onoga dijela svijeta koji se \u010desto naziva \u201ekolijevkom civilizacije\u201c. Nije to\u010dno poznato otkada je dana\u0161nji Kuvajt nastanjen, ali zna se da ljudi tisu\u0107ama godina nastanjuju ove prostore. Uglavnom je prihva\u0107eno mi\u0161ljenje da je grad Kuvajt etabliran i sagra\u0111en oko 1716. godine. Poznato je da je daleko u povijesti otok Failaka nasuprot Kuvajtu slu\u017eio kao uto\u010di\u0161te ili stani\u0161te brojnim putnicima, trgovcima i vojskama. \u010cak su i postrojbe Aleksandra Makedonskog pra\u0107ene trgovcima tada\u0161njega helenisti\u010dkog civilizacijskog kruga na otoku uspostavile malu trgova\u010dku postaju, o \u010demu svjedo\u010de i arheolo\u0161ki nalazi. <\/p>\n\n\n\n<p>Pisati o ranoj povijesti Kuvajta te\u0161ko je zbog nedostatka kvalitetnih izvora. Neki autori uspore\u0111uju to s pisanjem rane srednjovjekovne povijesti u Europi. Kao nomadi Arapi su uglavnom imali usmenu kulturu koja se unutar zajednice prenosila s generacije na generaciju. Ono malo relevantnoga pisanog materijala razbacano je unutar velike koli\u010dine neva\u017enih podataka u trgova\u010dkim papirima Portugala, Nizozemske, Francuske i Velike Britanije, a po\u010dinje se pojavljivati od 17. stolje\u0107a.<\/p>\n\n\n\n<hr class=\"wp-block-separator\"\/>\n\n\n\n<p>Godina izdanja: 2023<\/p>\n\n\n\n<hr class=\"wp-block-separator\"\/>\n\n\n\n<p>Izvor:<\/p>\n\n\n\n<figure class=\"wp-block-embed-wordpress wp-block-embed is-type-wp-embed is-provider-meandar-media\"><div class=\"wp-block-embed__wrapper\">\n<blockquote class=\"wp-embedded-content\" data-secret=\"s7Xtu3X238\"><a href=\"https:\/\/meandar.hr\/proizvod\/kuvajt\/\">KUVAJT<\/a><\/blockquote><iframe loading=\"lazy\" class=\"wp-embedded-content\" sandbox=\"allow-scripts\" security=\"restricted\" style=\"position: absolute; clip: rect(1px, 1px, 1px, 1px);\" title=\"&#8220;KUVAJT&#8221; &#8212; Meandar Media\" src=\"https:\/\/meandar.hr\/proizvod\/kuvajt\/embed\/#?secret=TKUbPgsIqL#?secret=s7Xtu3X238\" data-secret=\"s7Xtu3X238\" width=\"600\" height=\"338\" frameborder=\"0\" marginwidth=\"0\" marginheight=\"0\" scrolling=\"no\"><\/iframe>\n<\/div><\/figure>\n\n\n\n<hr class=\"wp-block-separator\"\/>\n","protected":false},"excerpt":{"rendered":"","protected":false},"author":2,"featured_media":36427,"comment_status":"open","ping_status":"open","sticky":false,"template":"","format":"standard","meta":{"_acf_changed":false,"jetpack_post_was_ever_published":false,"_jetpack_newsletter_access":"","_jetpack_dont_email_post_to_subs":false,"_jetpack_newsletter_tier_id":0,"_jetpack_memberships_contains_paywalled_content":false,"_jetpack_memberships_contains_paid_content":false,"footnotes":"","jetpack_publicize_message":"","jetpack_publicize_feature_enabled":true,"jetpack_social_post_already_shared":true,"jetpack_social_options":{"image_generator_settings":{"template":"highway","default_image_id":0,"font":"","enabled":false},"version":2}},"categories":[8,3],"tags":[],"class_list":["post-36426","post","type-post","status-publish","format-standard","has-post-thumbnail","hentry","category-knjige","category-novosti"],"acf":{"facebook_opis":""},"jetpack_publicize_connections":[],"jetpack_featured_media_url":"https:\/\/i0.wp.com\/historiografija.hr\/wp-content\/uploads\/2023\/07\/Muharemi_Kuvajt.jpg?fit=407%2C567&ssl=1","jetpack_sharing_enabled":true,"jetpack-related-posts":[],"_links":{"self":[{"href":"https:\/\/historiografija.hr\/index.php?rest_route=\/wp\/v2\/posts\/36426","targetHints":{"allow":["GET"]}}],"collection":[{"href":"https:\/\/historiografija.hr\/index.php?rest_route=\/wp\/v2\/posts"}],"about":[{"href":"https:\/\/historiografija.hr\/index.php?rest_route=\/wp\/v2\/types\/post"}],"author":[{"embeddable":true,"href":"https:\/\/historiografija.hr\/index.php?rest_route=\/wp\/v2\/users\/2"}],"replies":[{"embeddable":true,"href":"https:\/\/historiografija.hr\/index.php?rest_route=%2Fwp%2Fv2%2Fcomments&post=36426"}],"version-history":[{"count":1,"href":"https:\/\/historiografija.hr\/index.php?rest_route=\/wp\/v2\/posts\/36426\/revisions"}],"predecessor-version":[{"id":36428,"href":"https:\/\/historiografija.hr\/index.php?rest_route=\/wp\/v2\/posts\/36426\/revisions\/36428"}],"wp:featuredmedia":[{"embeddable":true,"href":"https:\/\/historiografija.hr\/index.php?rest_route=\/wp\/v2\/media\/36427"}],"wp:attachment":[{"href":"https:\/\/historiografija.hr\/index.php?rest_route=%2Fwp%2Fv2%2Fmedia&parent=36426"}],"wp:term":[{"taxonomy":"category","embeddable":true,"href":"https:\/\/historiografija.hr\/index.php?rest_route=%2Fwp%2Fv2%2Fcategories&post=36426"},{"taxonomy":"post_tag","embeddable":true,"href":"https:\/\/historiografija.hr\/index.php?rest_route=%2Fwp%2Fv2%2Ftags&post=36426"}],"curies":[{"name":"wp","href":"https:\/\/api.w.org\/{rel}","templated":true}]}}