{"id":36420,"date":"2023-07-06T22:55:32","date_gmt":"2023-07-06T22:55:32","guid":{"rendered":"http:\/\/historiografija.hr\/?p=36420"},"modified":"2023-07-06T22:55:32","modified_gmt":"2023-07-06T22:55:32","slug":"international-conference-1989-and-the-future-of-europe-challenges-and-ambiguities-of-democratic-transformation-in-central-and-eastern-europe","status":"publish","type":"post","link":"https:\/\/historiografija.hr\/?p=36420","title":{"rendered":"International Conference \u201e1989 and the Future of Europe: Challenges and Ambiguities of Democratic Transformation in Central and Eastern Europe\u201c"},"content":{"rendered":"\n<p>U Berlinu se od 5. do 7. srpnja 2023. \u2013 u organizaciji Imre Kert\u00e9sz Kolleg Jena \u2013 odr\u017eava me\u0111unarodna konferencija \u201e1989 und die Zukunft Europas. Ambivalenzen und Herausforderungen demokratischer Transformation in Mittel- und Osteuropa\u201c.<\/p>\n\n\n\n<p>Program konferencije (na njema\u010dkom i engleskom):<\/p>\n\n\n\n<p><a href=\"https:\/\/www.imre-kertesz-kolleg.uni-jena.de\/activities\/detail\/internationale-konferenz-1989-und-die-zukunft-europas\">https:\/\/www.imre-kertesz-kolleg.uni-jena.de\/activities\/detail\/internationale-konferenz-1989-und-die-zukunft-europas<\/a><\/p>\n\n\n\n<hr class=\"wp-block-separator\"\/>\n","protected":false},"excerpt":{"rendered":"","protected":false},"author":2,"featured_media":36421,"comment_status":"open","ping_status":"open","sticky":false,"template":"","format":"standard","meta":{"_acf_changed":false,"_jetpack_newsletter_access":"","_jetpack_dont_email_post_to_subs":false,"_jetpack_newsletter_tier_id":0,"_jetpack_memberships_contains_paywalled_content":false,"_jetpack_memberships_contains_paid_content":false,"footnotes":"","jetpack_publicize_message":"","jetpack_publicize_feature_enabled":true,"jetpack_social_post_already_shared":true,"jetpack_social_options":{"image_generator_settings":{"template":"highway","default_image_id":0,"font":"","enabled":false},"version":2},"jetpack_post_was_ever_published":false},"categories":[3,9],"tags":[],"class_list":["post-36420","post","type-post","status-publish","format-standard","has-post-thumbnail","hentry","category-novosti","category-skupovi"],"acf":{"facebook_opis":""},"jetpack_publicize_connections":[],"jetpack_featured_media_url":"https:\/\/i0.wp.com\/historiografija.hr\/wp-content\/uploads\/2023\/07\/Konferenz_1989.jpg?fit=282%2C282&ssl=1","jetpack_sharing_enabled":true,"jetpack-related-posts":[{"id":54517,"url":"https:\/\/historiografija.hr\/?p=54517","url_meta":{"origin":36420,"position":0},"title":"CfP: Entangled Transformations: Temporalities, Experiences, and Critical Histories of Postsocialist Change in Europe","author":"Branimir Jankovi\u0107","date":"8. srpnja 2026.","format":false,"excerpt":"International Workshop organised by the Department of History, University of Warsaw and the Department of Public History, FernUniversit\u00e4t in Hagen Often framed within the triumphalist narrative, most prominently articulated in the \u201cend of history\u201d concept (Fukuyama, 1989), transformations that reshaped the socialist states in Europe in the late twentieth century\u2026","rel":"","context":"U &quot;Novosti&quot;","block_context":{"text":"Novosti","link":"https:\/\/historiografija.hr\/?cat=3"},"img":{"alt_text":"","src":"https:\/\/i0.wp.com\/historiografija.hr\/wp-content\/uploads\/2017\/10\/hsozkult.png?fit=1006%2C241&ssl=1&resize=350%2C200","width":350,"height":200,"srcset":"https:\/\/i0.wp.com\/historiografija.hr\/wp-content\/uploads\/2017\/10\/hsozkult.png?fit=1006%2C241&ssl=1&resize=350%2C200 1x, https:\/\/i0.wp.com\/historiografija.hr\/wp-content\/uploads\/2017\/10\/hsozkult.png?fit=1006%2C241&ssl=1&resize=525%2C300 1.5x, https:\/\/i0.wp.com\/historiografija.hr\/wp-content\/uploads\/2017\/10\/hsozkult.png?fit=1006%2C241&ssl=1&resize=700%2C400 2x"},"classes":[]},{"id":53902,"url":"https:\/\/historiografija.hr\/?p=53902","url_meta":{"origin":36420,"position":1},"title":"Poziv za sudjelovanje na skupu &#8220;Commissioners, Artists, and the Public in the Cities of Central Europe (16th\u2013mid-19th centuries)&#8221;","author":"Filip \u0160imunjak","date":"2. lipnja 2026.","format":false,"excerpt":"U zavr\u0161noj godini projekta Modeli naru\u010diteljstva: Naru\u010ditelji, umjetnici i publika u Zagrebu u 17. i dugom 18. stolje\u0107u, koji financira Hrvatska zaklada za znanost (IP-2022-10-3190, voditelj projekta prof.dr.sc. Dubravka Botica), najavljujemo me\u0111unarodnu konferenciju Commissioners, Artists, and the Public in the Cities of Central Europe(16th\u2013mid-19th centuries).\u00a0Konferencija se organizira u suradnji s\u2026","rel":"","context":"U &quot;Novosti&quot;","block_context":{"text":"Novosti","link":"https:\/\/historiografija.hr\/?cat=3"},"img":{"alt_text":"","src":"https:\/\/i0.wp.com\/historiografija.hr\/wp-content\/uploads\/2026\/06\/Modenar.webp?fit=894%2C400&ssl=1&resize=350%2C200","width":350,"height":200,"srcset":"https:\/\/i0.wp.com\/historiografija.hr\/wp-content\/uploads\/2026\/06\/Modenar.webp?fit=894%2C400&ssl=1&resize=350%2C200 1x, https:\/\/i0.wp.com\/historiografija.hr\/wp-content\/uploads\/2026\/06\/Modenar.webp?fit=894%2C400&ssl=1&resize=525%2C300 1.5x, https:\/\/i0.wp.com\/historiografija.hr\/wp-content\/uploads\/2026\/06\/Modenar.webp?fit=894%2C400&ssl=1&resize=700%2C400 2x"},"classes":[]},{"id":54819,"url":"https:\/\/historiografija.hr\/?p=54819","url_meta":{"origin":36420,"position":2},"title":"CfP: Charter 77 at 50: Transnational Human Rights, Social Imagination, and Civic Resistance in the (Post-)Global Age","author":"Branimir Jankovi\u0107","date":"27. srpnja 2026.","format":false,"excerpt":"The Institute of Contemporary History and the Institute of Philosophy of the Czech Academy of Sciences invite proposals for a two-day international conference bringing together historical scholarship and contemporary reflections on civic activism and democratic resistance. Charter 77 at 50: Transnational Human Rights, Social Imagination, and Civic Resistance in the\u2026","rel":"","context":"U &quot;Novosti&quot;","block_context":{"text":"Novosti","link":"https:\/\/historiografija.hr\/?cat=3"},"img":{"alt_text":"","src":"https:\/\/i0.wp.com\/historiografija.hr\/wp-content\/uploads\/2017\/10\/hsozkult.png?fit=1006%2C241&ssl=1&resize=350%2C200","width":350,"height":200,"srcset":"https:\/\/i0.wp.com\/historiografija.hr\/wp-content\/uploads\/2017\/10\/hsozkult.png?fit=1006%2C241&ssl=1&resize=350%2C200 1x, https:\/\/i0.wp.com\/historiografija.hr\/wp-content\/uploads\/2017\/10\/hsozkult.png?fit=1006%2C241&ssl=1&resize=525%2C300 1.5x, https:\/\/i0.wp.com\/historiografija.hr\/wp-content\/uploads\/2017\/10\/hsozkult.png?fit=1006%2C241&ssl=1&resize=700%2C400 2x"},"classes":[]},{"id":52148,"url":"https:\/\/historiografija.hr\/?p=52148","url_meta":{"origin":36420,"position":3},"title":"Poziv za prijavu na me\u0111unarodnu znanstvenu konferenciju \u201eGranice (ne)slobode: Zadarski krug 1966. Intelektualna opozicija u totalitarnom dru\u0161tvu\u201c","author":"Branimir Jankovi\u0107","date":"27. o\u017eujka 2026.","format":false,"excerpt":"\u00a0\u00a0\u00a0\u00a0 Povodom \u0161ezdesete obljetnice poku\u0161aja osnivanja \u010dasopisa Slobodan glas u Zadru 1966. godine, pozivamo vas na znanstvenu konferenciju posve\u0107enu istra\u017eivanju disidentstva, intelektualne opozicije i granica divergentnog mi\u0161ljenja nasuprot slu\u017ebenoj ideologiji u komunisti\u010dkoj Jugoslaviji. Ideja konferencije je analizirati konkretan fenomen zadarskog slu\u010daja razloge i okolnosti njegove pojave, ali uz otvaranje komparativnih\u2026","rel":"","context":"U &quot;Novosti&quot;","block_context":{"text":"Novosti","link":"https:\/\/historiografija.hr\/?cat=3"},"img":{"alt_text":"","src":"https:\/\/i0.wp.com\/historiografija.hr\/wp-content\/uploads\/2026\/03\/Poziv-konferencija-Zadar.jpg?fit=1200%2C509&ssl=1&resize=350%2C200","width":350,"height":200,"srcset":"https:\/\/i0.wp.com\/historiografija.hr\/wp-content\/uploads\/2026\/03\/Poziv-konferencija-Zadar.jpg?fit=1200%2C509&ssl=1&resize=350%2C200 1x, https:\/\/i0.wp.com\/historiografija.hr\/wp-content\/uploads\/2026\/03\/Poziv-konferencija-Zadar.jpg?fit=1200%2C509&ssl=1&resize=525%2C300 1.5x, https:\/\/i0.wp.com\/historiografija.hr\/wp-content\/uploads\/2026\/03\/Poziv-konferencija-Zadar.jpg?fit=1200%2C509&ssl=1&resize=700%2C400 2x, https:\/\/i0.wp.com\/historiografija.hr\/wp-content\/uploads\/2026\/03\/Poziv-konferencija-Zadar.jpg?fit=1200%2C509&ssl=1&resize=1050%2C600 3x"},"classes":[]},{"id":54264,"url":"https:\/\/historiografija.hr\/?p=54264","url_meta":{"origin":36420,"position":4},"title":"Interdisciplinary Balkan Symposium 2026","author":"Branimir Jankovi\u0107","date":"23. lipnja 2026.","format":false,"excerpt":"The Symposium is a joint initiative of several Polish academic institutions that have been conducting research on the region of South-Eastern Europe for many years. \u0141\u00f3d\u017a, 22 - 23 June, 2026 Interdisciplinary Balkan Symposium_programPreuzmi","rel":"","context":"U &quot;Novosti&quot;","block_context":{"text":"Novosti","link":"https:\/\/historiografija.hr\/?cat=3"},"img":{"alt_text":"","src":"https:\/\/i0.wp.com\/historiografija.hr\/wp-content\/uploads\/2026\/06\/Balkan-2026.jpg?fit=960%2C406&ssl=1&resize=350%2C200","width":350,"height":200,"srcset":"https:\/\/i0.wp.com\/historiografija.hr\/wp-content\/uploads\/2026\/06\/Balkan-2026.jpg?fit=960%2C406&ssl=1&resize=350%2C200 1x, https:\/\/i0.wp.com\/historiografija.hr\/wp-content\/uploads\/2026\/06\/Balkan-2026.jpg?fit=960%2C406&ssl=1&resize=525%2C300 1.5x, https:\/\/i0.wp.com\/historiografija.hr\/wp-content\/uploads\/2026\/06\/Balkan-2026.jpg?fit=960%2C406&ssl=1&resize=700%2C400 2x"},"classes":[]},{"id":51908,"url":"https:\/\/historiografija.hr\/?p=51908","url_meta":{"origin":36420,"position":5},"title":"(CAPONEU) Poziv za prijavu: Summer School in Critical Theory and Praxis: Literature and Society","author":"Branimir Jankovi\u0107","date":"14. o\u017eujka 2026.","format":false,"excerpt":"Pozivamo vas na ljetnu \u0161kolu\u00a0Summer School in Critical Theory and Praxis: Literature and Society, koja \u0107e se odr\u017eati od\u00a05. do 12. srpnja 2026.\u00a0u\u00a0Pala\u010di Moise u Cresu. Program organizira\u00a0Centar za teorijska istra\u017eivanja u humanistici (CTIH)\u00a0u okviru projekta\u00a0The Cartography of Political Novel in Europe (CAPONEU). Rije\u010d je o sedmodnevnom intenzivnom programu koji\u2026","rel":"","context":"U &quot;Novosti&quot;","block_context":{"text":"Novosti","link":"https:\/\/historiografija.hr\/?cat=3"},"img":{"alt_text":"","src":"https:\/\/i0.wp.com\/historiografija.hr\/wp-content\/uploads\/2026\/03\/Cres.png?fit=712%2C1004&ssl=1&resize=350%2C200","width":350,"height":200,"srcset":"https:\/\/i0.wp.com\/historiografija.hr\/wp-content\/uploads\/2026\/03\/Cres.png?fit=712%2C1004&ssl=1&resize=350%2C200 1x, https:\/\/i0.wp.com\/historiografija.hr\/wp-content\/uploads\/2026\/03\/Cres.png?fit=712%2C1004&ssl=1&resize=525%2C300 1.5x, https:\/\/i0.wp.com\/historiografija.hr\/wp-content\/uploads\/2026\/03\/Cres.png?fit=712%2C1004&ssl=1&resize=700%2C400 2x"},"classes":[]}],"_links":{"self":[{"href":"https:\/\/historiografija.hr\/index.php?rest_route=\/wp\/v2\/posts\/36420","targetHints":{"allow":["GET"]}}],"collection":[{"href":"https:\/\/historiografija.hr\/index.php?rest_route=\/wp\/v2\/posts"}],"about":[{"href":"https:\/\/historiografija.hr\/index.php?rest_route=\/wp\/v2\/types\/post"}],"author":[{"embeddable":true,"href":"https:\/\/historiografija.hr\/index.php?rest_route=\/wp\/v2\/users\/2"}],"replies":[{"embeddable":true,"href":"https:\/\/historiografija.hr\/index.php?rest_route=%2Fwp%2Fv2%2Fcomments&post=36420"}],"version-history":[{"count":1,"href":"https:\/\/historiografija.hr\/index.php?rest_route=\/wp\/v2\/posts\/36420\/revisions"}],"predecessor-version":[{"id":36422,"href":"https:\/\/historiografija.hr\/index.php?rest_route=\/wp\/v2\/posts\/36420\/revisions\/36422"}],"wp:featuredmedia":[{"embeddable":true,"href":"https:\/\/historiografija.hr\/index.php?rest_route=\/wp\/v2\/media\/36421"}],"wp:attachment":[{"href":"https:\/\/historiografija.hr\/index.php?rest_route=%2Fwp%2Fv2%2Fmedia&parent=36420"}],"wp:term":[{"taxonomy":"category","embeddable":true,"href":"https:\/\/historiografija.hr\/index.php?rest_route=%2Fwp%2Fv2%2Fcategories&post=36420"},{"taxonomy":"post_tag","embeddable":true,"href":"https:\/\/historiografija.hr\/index.php?rest_route=%2Fwp%2Fv2%2Ftags&post=36420"}],"curies":[{"name":"wp","href":"https:\/\/api.w.org\/{rel}","templated":true}]}}