{"id":36414,"date":"2023-07-06T22:29:09","date_gmt":"2023-07-06T22:29:09","guid":{"rendered":"http:\/\/historiografija.hr\/?p=36414"},"modified":"2023-07-06T22:29:09","modified_gmt":"2023-07-06T22:29:09","slug":"hrvoje-hitrec-roman-dux-chroatorum","status":"publish","type":"post","link":"https:\/\/historiografija.hr\/?p=36414","title":{"rendered":"Hrvoje Hitrec, roman \u201eDux Chroatorum\u201c"},"content":{"rendered":"\n<p><strong>Romanom <em>Dux Chroatorum<\/em>, tom nadahnutom i uzbudljivom pri\u010dom o stolje\u0107ima udaljenom mikrokozmosu, Hrvoje Hitrec zapalio je \u0161ibicu koja osvjetljuje jedan dio udaljene hrvatske povijesti, u dana\u0161njemu povr\u0161nom vremenu gotovo zaboravljen.<\/strong> \u2013 Helena Sabli\u0107 Tomi\u0107<\/p>\n\n\n\n<p>Da se Maru\u0161u pita, Branimir je jedini \u010dovjek u Hrvatskoj koji zaslu\u017euje biti knezom. Iz njegovih je rije\u010di ponekad razumjela da i on tako misli, ali bi sve okrenuo na \u0161alu&#8230; Mo\u017eda jednoga dana, ako Bog bude \u017eelio, ja \u0107u se \u017ertvovati, smijao se, ali mora\u0161 znati, lijepa moja Marijo, da je knez hrvatski putuju\u0107i nevoljnik koji svugdje biva, a najmanje u postelji svoje \u017eene. Onda ostani \u0161to sada jesi, zagrlila ga je, nije meni do toga da budem kneginja bez kneza&#8230;<\/p>\n\n\n\n<p>Tako je, gotovo snenim \u0161aptom, po\u010deo proces sna\u017eenja hrvatske srednjovjekovne dr\u017eave i uspon kneza Branimira o kojemu Hrvoje Hitrec pripovijeda dr\u017ee\u0107i se s jedne strane kulturno-povijesnih \u010dinjenica, a s druge plete pri\u010du gusta tkanja u koju, uz juna\u010dka djela ratnika, upli\u0107e privatni svijet i kulturu \u017eivljenja na na\u0161im prostorima u 9. stolje\u0107u.<\/p>\n\n\n\n<p>Profinjenim osje\u0107ajem za stari hrvatski jezik, kompoziciju te elegantno izno\u0161enje doga\u0111aja, bri\u017enim profiliranjem likova i znala\u010dkim nijansiranjem odnosa me\u0111u njima Hrvoje Hitrec u ovome apolo\u0161kome povijesnom romanu rekonstruira nacionalni hrvatski \u017eivot u 9. stolje\u0107u, nacionalne ideje Branimirova vremena, \u017ertve i tegobe koje je trebalo podnijeti kako bi Hrvatsku izbavio od politi\u010dkog utjecaja Bizanta i frana\u010dke krune te je u\u010dinio samostalnom kne\u017eevinom \u010diji je hrvatski narod i njega, hrvatskoga kneza, 21. svibnja 879. blagoslovio papa Ivan VIII. u crkvi sv. Petra u Rimu.<\/p>\n\n\n\n<p>Ova povijesna pri\u010da \u0161apu\u0107e o vremenu u kojem se stvarao hrvatski identitet, dru\u0161tveni, skupni, ali i osobni.<\/p>\n\n\n\n<hr class=\"wp-block-separator\"\/>\n\n\n\n<p>Izdava\u010d: \u0160kolska knjiga<\/p>\n\n\n\n<p>Broj stranica: 260<\/p>\n\n\n\n<p>Godina izdanja: 2022<\/p>\n\n\n\n<hr class=\"wp-block-separator\"\/>\n\n\n\n<p>Izvor:<\/p>\n\n\n\n<p><a href=\"https:\/\/shop.skolskaknjiga.hr\/dux-chroatorum.html\">https:\/\/shop.skolskaknjiga.hr\/dux-chroatorum.html<\/a><\/p>\n\n\n\n<hr class=\"wp-block-separator\"\/>\n","protected":false},"excerpt":{"rendered":"","protected":false},"author":2,"featured_media":36415,"comment_status":"open","ping_status":"open","sticky":false,"template":"","format":"standard","meta":{"_acf_changed":false,"jetpack_post_was_ever_published":false,"_jetpack_newsletter_access":"","_jetpack_dont_email_post_to_subs":false,"_jetpack_newsletter_tier_id":0,"_jetpack_memberships_contains_paywalled_content":false,"_jetpack_memberships_contains_paid_content":false,"footnotes":"","jetpack_publicize_message":"","jetpack_publicize_feature_enabled":true,"jetpack_social_post_already_shared":true,"jetpack_social_options":{"image_generator_settings":{"template":"highway","default_image_id":0,"font":"","enabled":false},"version":2}},"categories":[3,12],"tags":[],"class_list":["post-36414","post","type-post","status-publish","format-standard","has-post-thumbnail","hentry","category-novosti","category-knjizevnost"],"acf":{"facebook_opis":""},"jetpack_publicize_connections":[],"jetpack_featured_media_url":"https:\/\/i0.wp.com\/historiografija.hr\/wp-content\/uploads\/2023\/07\/Dux.jpg?fit=695%2C1000&ssl=1","jetpack_sharing_enabled":true,"jetpack-related-posts":[],"_links":{"self":[{"href":"https:\/\/historiografija.hr\/index.php?rest_route=\/wp\/v2\/posts\/36414","targetHints":{"allow":["GET"]}}],"collection":[{"href":"https:\/\/historiografija.hr\/index.php?rest_route=\/wp\/v2\/posts"}],"about":[{"href":"https:\/\/historiografija.hr\/index.php?rest_route=\/wp\/v2\/types\/post"}],"author":[{"embeddable":true,"href":"https:\/\/historiografija.hr\/index.php?rest_route=\/wp\/v2\/users\/2"}],"replies":[{"embeddable":true,"href":"https:\/\/historiografija.hr\/index.php?rest_route=%2Fwp%2Fv2%2Fcomments&post=36414"}],"version-history":[{"count":1,"href":"https:\/\/historiografija.hr\/index.php?rest_route=\/wp\/v2\/posts\/36414\/revisions"}],"predecessor-version":[{"id":36416,"href":"https:\/\/historiografija.hr\/index.php?rest_route=\/wp\/v2\/posts\/36414\/revisions\/36416"}],"wp:featuredmedia":[{"embeddable":true,"href":"https:\/\/historiografija.hr\/index.php?rest_route=\/wp\/v2\/media\/36415"}],"wp:attachment":[{"href":"https:\/\/historiografija.hr\/index.php?rest_route=%2Fwp%2Fv2%2Fmedia&parent=36414"}],"wp:term":[{"taxonomy":"category","embeddable":true,"href":"https:\/\/historiografija.hr\/index.php?rest_route=%2Fwp%2Fv2%2Fcategories&post=36414"},{"taxonomy":"post_tag","embeddable":true,"href":"https:\/\/historiografija.hr\/index.php?rest_route=%2Fwp%2Fv2%2Ftags&post=36414"}],"curies":[{"name":"wp","href":"https:\/\/api.w.org\/{rel}","templated":true}]}}