{"id":36410,"date":"2023-07-06T22:17:46","date_gmt":"2023-07-06T22:17:46","guid":{"rendered":"http:\/\/historiografija.hr\/?p=36410"},"modified":"2023-07-06T22:19:33","modified_gmt":"2023-07-06T22:19:33","slug":"international-medieval-congress-2023-networks-entanglements","status":"publish","type":"post","link":"https:\/\/historiografija.hr\/?p=36410","title":{"rendered":"International Medieval Congress 2023: Networks &#038; Entanglements"},"content":{"rendered":"\n<p>Na velikom me\u0111unarodnom medijevisti\u010dkom kongresu koji se od 3. do 6. srpnja 2023. tradicionalno odr\u017eava u Leedsu zastupljeno je vi\u0161e sesija koje obra\u0111uju povijest srednjovjekovne Hrvatske i Slavonije te posebno Dalmacije.<\/p>\n\n\n\n<hr class=\"wp-block-separator\"\/>\n\n\n\n<p><strong>International Medieval Congress 2023<\/strong><\/p>\n\n\n\n<p>Drawing medievalists from over 60 countries, with more than 2,000 individual papers as well as public concerts, performances, excursions, bookfairs and more, the International Medieval Congress (IMC) is Europe\u2019s largest forum for sharing ideas in medieval studies.<\/p>\n\n\n\n<p>IMC 2023 will take place from <strong>Monday 03 July<\/strong> to <strong>Thursday 06 July 2023<\/strong> and it is our strong intention, coronavirus restrictions permitting, that there will be both an in-person and virtual component. The special thematic focus for IMC 2023 will be \u2018Networks &amp; Entanglements\u2019.<\/p>\n\n\n\n<figure class=\"wp-block-embed-wordpress wp-block-embed is-type-wp-embed is-provider-international-medieval-congress\"><div class=\"wp-block-embed__wrapper\">\n<blockquote class=\"wp-embedded-content\" data-secret=\"9XLBWlD6CG\"><a href=\"https:\/\/www.imc.leeds.ac.uk\/\">Home<\/a><\/blockquote><iframe loading=\"lazy\" class=\"wp-embedded-content\" sandbox=\"allow-scripts\" security=\"restricted\" style=\"position: absolute; clip: rect(1px, 1px, 1px, 1px);\" title=\"&#8220;Home&#8221; &#8212; International Medieval Congress\" src=\"https:\/\/www.imc.leeds.ac.uk\/embed\/#?secret=ONOMoiz5JN#?secret=9XLBWlD6CG\" data-secret=\"9XLBWlD6CG\" width=\"600\" height=\"338\" frameborder=\"0\" marginwidth=\"0\" marginheight=\"0\" scrolling=\"no\"><\/iframe>\n<\/div><\/figure>\n\n\n\n<figure class=\"wp-block-embed-wordpress wp-block-embed is-type-wp-embed is-provider-international-medieval-congress\"><div class=\"wp-block-embed__wrapper\">\n<blockquote class=\"wp-embedded-content\" data-secret=\"UiXUf0EqIr\"><a href=\"https:\/\/www.imc.leeds.ac.uk\/imc-2023\/programme\/\">IMC 2023 Programme<\/a><\/blockquote><iframe loading=\"lazy\" class=\"wp-embedded-content\" sandbox=\"allow-scripts\" security=\"restricted\" style=\"position: absolute; clip: rect(1px, 1px, 1px, 1px);\" title=\"&#8220;IMC 2023 Programme&#8221; &#8212; International Medieval Congress\" src=\"https:\/\/www.imc.leeds.ac.uk\/imc-2023\/programme\/embed\/#?secret=8CPNOpd9Tn#?secret=UiXUf0EqIr\" data-secret=\"UiXUf0EqIr\" width=\"600\" height=\"338\" frameborder=\"0\" marginwidth=\"0\" marginheight=\"0\" scrolling=\"no\"><\/iframe>\n<\/div><\/figure>\n\n\n\n<hr class=\"wp-block-separator\"\/>\n","protected":false},"excerpt":{"rendered":"","protected":false},"author":2,"featured_media":36411,"comment_status":"open","ping_status":"open","sticky":false,"template":"","format":"standard","meta":{"_acf_changed":false,"_jetpack_newsletter_access":"","_jetpack_dont_email_post_to_subs":false,"_jetpack_newsletter_tier_id":0,"_jetpack_memberships_contains_paywalled_content":false,"_jetpack_memberships_contains_paid_content":false,"footnotes":"","jetpack_publicize_message":"","jetpack_publicize_feature_enabled":true,"jetpack_social_post_already_shared":true,"jetpack_social_options":{"image_generator_settings":{"template":"highway","default_image_id":0,"font":"","enabled":false},"version":2},"jetpack_post_was_ever_published":false},"categories":[3,9],"tags":[],"class_list":["post-36410","post","type-post","status-publish","format-standard","has-post-thumbnail","hentry","category-novosti","category-skupovi"],"acf":{"facebook_opis":""},"jetpack_publicize_connections":[],"jetpack_featured_media_url":"https:\/\/i0.wp.com\/historiografija.hr\/wp-content\/uploads\/2023\/07\/Leeds.jpg?fit=1444%2C960&ssl=1","jetpack_sharing_enabled":true,"jetpack-related-posts":[{"id":54543,"url":"https:\/\/historiografija.hr\/?p=54543","url_meta":{"origin":36410,"position":0},"title":"International Medieval Congress 2026 \u2013 \u2018Temporalities\u2019","author":"Branimir Jankovi\u0107","date":"9. srpnja 2026.","format":false,"excerpt":"Veliki me\u0111unarodni medijevisti\u010dki kongres odr\u017eava se u Leedsu od 6. do 9. srpnja 2026. godine. Me\u0111u gotovo 2,500 tisu\u0107e sudionika zastupljeni su i mnogi iz Hrvatske, a ovogodi\u0161nja koordinatorica sredi\u0161nje teme temporalnosti je Nada Ze\u010devi\u0107 s Filozofskog fakulteta Sveu\u010dili\u0161ta u Zagrebu. IMC 2026 will take place from Monday 06 July\u2026","rel":"","context":"U &quot;Novosti&quot;","block_context":{"text":"Novosti","link":"https:\/\/historiografija.hr\/?cat=3"},"img":{"alt_text":"","src":"https:\/\/i0.wp.com\/historiografija.hr\/wp-content\/uploads\/2025\/07\/IMC-Postcard-2026.jpg?fit=1200%2C851&ssl=1&resize=350%2C200","width":350,"height":200,"srcset":"https:\/\/i0.wp.com\/historiografija.hr\/wp-content\/uploads\/2025\/07\/IMC-Postcard-2026.jpg?fit=1200%2C851&ssl=1&resize=350%2C200 1x, https:\/\/i0.wp.com\/historiografija.hr\/wp-content\/uploads\/2025\/07\/IMC-Postcard-2026.jpg?fit=1200%2C851&ssl=1&resize=525%2C300 1.5x, https:\/\/i0.wp.com\/historiografija.hr\/wp-content\/uploads\/2025\/07\/IMC-Postcard-2026.jpg?fit=1200%2C851&ssl=1&resize=700%2C400 2x, https:\/\/i0.wp.com\/historiografija.hr\/wp-content\/uploads\/2025\/07\/IMC-Postcard-2026.jpg?fit=1200%2C851&ssl=1&resize=1050%2C600 3x"},"classes":[]},{"id":47341,"url":"https:\/\/historiografija.hr\/?p=47341","url_meta":{"origin":36410,"position":1},"title":"Call for Papers: International Medieval Congress 2026 &#8211; &#8216;Temporalities&#8217;","author":"Branimir Jankovi\u0107","date":"10. srpnja 2025.","format":false,"excerpt":"IMC 2026 will take place from Monday 06 July to Thursday 09 July 2026 and this will be the fifth fully-hybrid event. There will be an in-person gathering in Leeds with a virtual component for those unable to attend in person. Call for Papers: IMC 2026 - Temporalities The IMC\u2026","rel":"","context":"U &quot;Novosti&quot;","block_context":{"text":"Novosti","link":"https:\/\/historiografija.hr\/?cat=3"},"img":{"alt_text":"","src":"https:\/\/i0.wp.com\/historiografija.hr\/wp-content\/uploads\/2025\/07\/IMC-Postcard-2026.jpg?fit=1200%2C851&ssl=1&resize=350%2C200","width":350,"height":200,"srcset":"https:\/\/i0.wp.com\/historiografija.hr\/wp-content\/uploads\/2025\/07\/IMC-Postcard-2026.jpg?fit=1200%2C851&ssl=1&resize=350%2C200 1x, https:\/\/i0.wp.com\/historiografija.hr\/wp-content\/uploads\/2025\/07\/IMC-Postcard-2026.jpg?fit=1200%2C851&ssl=1&resize=525%2C300 1.5x, https:\/\/i0.wp.com\/historiografija.hr\/wp-content\/uploads\/2025\/07\/IMC-Postcard-2026.jpg?fit=1200%2C851&ssl=1&resize=700%2C400 2x, https:\/\/i0.wp.com\/historiografija.hr\/wp-content\/uploads\/2025\/07\/IMC-Postcard-2026.jpg?fit=1200%2C851&ssl=1&resize=1050%2C600 3x"},"classes":[]},{"id":54738,"url":"https:\/\/historiografija.hr\/?p=54738","url_meta":{"origin":36410,"position":2},"title":"Call for Papers: International Medieval Congress 2027 &#8211; &#8216;Communities&#8217;","author":"Branimir Jankovi\u0107","date":"22. srpnja 2026.","format":false,"excerpt":"IMC 2027 will take place from Monday 05 July to Thursday 08 July 2027 and this will be the sixth fully-hybrid event. There will be an in-person gathering in Leeds with a virtual component for those unable to attend in person. Call for Papers: IMC 2027 - Communities The IMC\u2026","rel":"","context":"U &quot;Novosti&quot;","block_context":{"text":"Novosti","link":"https:\/\/historiografija.hr\/?cat=3"},"img":{"alt_text":"","src":"https:\/\/i0.wp.com\/historiografija.hr\/wp-content\/uploads\/2026\/07\/CfP-Leeds-2027.jpg?fit=1200%2C675&ssl=1&resize=350%2C200","width":350,"height":200,"srcset":"https:\/\/i0.wp.com\/historiografija.hr\/wp-content\/uploads\/2026\/07\/CfP-Leeds-2027.jpg?fit=1200%2C675&ssl=1&resize=350%2C200 1x, https:\/\/i0.wp.com\/historiografija.hr\/wp-content\/uploads\/2026\/07\/CfP-Leeds-2027.jpg?fit=1200%2C675&ssl=1&resize=525%2C300 1.5x, https:\/\/i0.wp.com\/historiografija.hr\/wp-content\/uploads\/2026\/07\/CfP-Leeds-2027.jpg?fit=1200%2C675&ssl=1&resize=700%2C400 2x, https:\/\/i0.wp.com\/historiografija.hr\/wp-content\/uploads\/2026\/07\/CfP-Leeds-2027.jpg?fit=1200%2C675&ssl=1&resize=1050%2C600 3x"},"classes":[]},{"id":54757,"url":"https:\/\/historiografija.hr\/?p=54757","url_meta":{"origin":36410,"position":3},"title":"Exploring Monarchy in Medieval Europe, 1000\u20131500","author":"Branimir Jankovi\u0107","date":"23. srpnja 2026.","format":false,"excerpt":"By Elena Woodacre, Lucinda H.S. Dean, Simon Lambe, Patrik Pastrnak Through wide-ranging thematic chapters, this book offers students a comprehensive introduction to the theory and practice of monarchy across Europe in the Middle Ages. The volume is separated into four themes: Concepts of Rulership, Exercising Authority, Dynasty and Succession, and\u2026","rel":"","context":"U &quot;Knjige&quot;","block_context":{"text":"Knjige","link":"https:\/\/historiografija.hr\/?cat=8"},"img":{"alt_text":"","src":"https:\/\/i0.wp.com\/historiografija.hr\/wp-content\/uploads\/2026\/07\/Monarchy.jpg?fit=350%2C525&ssl=1&resize=350%2C200","width":350,"height":200},"classes":[]},{"id":53793,"url":"https:\/\/historiografija.hr\/?p=53793","url_meta":{"origin":36410,"position":4},"title":"&#8220;Shaping the Nation in Medieval Europe&#8221;, ed. E. Adde","author":"Filip \u0160imunjak","date":"2. lipnja 2026.","format":false,"excerpt":"This volume in The Medieval Globe book seriesexplores a fundamental problem of European historiography within a global context: the history of medieval nations and the question of their relationship to modern nation-states. Focusing on the emerging or established societies of Christian Europe and their immediate neighbours, contributors ask: To what\u2026","rel":"","context":"U &quot;Knjige&quot;","block_context":{"text":"Knjige","link":"https:\/\/historiografija.hr\/?cat=8"},"img":{"alt_text":"","src":"https:\/\/i0.wp.com\/historiografija.hr\/wp-content\/uploads\/2026\/05\/Shaping-medieval-nation.webp?fit=596%2C895&ssl=1&resize=350%2C200","width":350,"height":200,"srcset":"https:\/\/i0.wp.com\/historiografija.hr\/wp-content\/uploads\/2026\/05\/Shaping-medieval-nation.webp?fit=596%2C895&ssl=1&resize=350%2C200 1x, https:\/\/i0.wp.com\/historiografija.hr\/wp-content\/uploads\/2026\/05\/Shaping-medieval-nation.webp?fit=596%2C895&ssl=1&resize=525%2C300 1.5x"},"classes":[]},{"id":53155,"url":"https:\/\/historiografija.hr\/?p=53155","url_meta":{"origin":36410,"position":5},"title":"25. Me\u0111unarodni kongres bizantskih studija (Be\u010d, 24\u201329. kolovoza 2026) \u2013 Tema: &#8220;Byzantium beyond Byzantium&#8221;","author":"Filip \u0160imunjak","date":"14. svibnja 2026.","format":false,"excerpt":"The International Congress of Byzantine Studies is the world\u2019s largest academic event dedicated to the latest research and findings on the Byzantine Empire, its history, and culture. Since the first congress in 1924 in Bucharest, it has been held approximately every five years in different locations, attracting up to 1,500\u2026","rel":"","context":"U &quot;Novosti&quot;","block_context":{"text":"Novosti","link":"https:\/\/historiografija.hr\/?cat=3"},"img":{"alt_text":"","src":"https:\/\/i0.wp.com\/historiografija.hr\/wp-content\/uploads\/2026\/05\/25.-Medunarodni-kongres-bizantskih-studija-.webp?fit=1164%2C431&ssl=1&resize=350%2C200","width":350,"height":200,"srcset":"https:\/\/i0.wp.com\/historiografija.hr\/wp-content\/uploads\/2026\/05\/25.-Medunarodni-kongres-bizantskih-studija-.webp?fit=1164%2C431&ssl=1&resize=350%2C200 1x, https:\/\/i0.wp.com\/historiografija.hr\/wp-content\/uploads\/2026\/05\/25.-Medunarodni-kongres-bizantskih-studija-.webp?fit=1164%2C431&ssl=1&resize=525%2C300 1.5x, https:\/\/i0.wp.com\/historiografija.hr\/wp-content\/uploads\/2026\/05\/25.-Medunarodni-kongres-bizantskih-studija-.webp?fit=1164%2C431&ssl=1&resize=700%2C400 2x, https:\/\/i0.wp.com\/historiografija.hr\/wp-content\/uploads\/2026\/05\/25.-Medunarodni-kongres-bizantskih-studija-.webp?fit=1164%2C431&ssl=1&resize=1050%2C600 3x"},"classes":[]}],"_links":{"self":[{"href":"https:\/\/historiografija.hr\/index.php?rest_route=\/wp\/v2\/posts\/36410","targetHints":{"allow":["GET"]}}],"collection":[{"href":"https:\/\/historiografija.hr\/index.php?rest_route=\/wp\/v2\/posts"}],"about":[{"href":"https:\/\/historiografija.hr\/index.php?rest_route=\/wp\/v2\/types\/post"}],"author":[{"embeddable":true,"href":"https:\/\/historiografija.hr\/index.php?rest_route=\/wp\/v2\/users\/2"}],"replies":[{"embeddable":true,"href":"https:\/\/historiografija.hr\/index.php?rest_route=%2Fwp%2Fv2%2Fcomments&post=36410"}],"version-history":[{"count":2,"href":"https:\/\/historiografija.hr\/index.php?rest_route=\/wp\/v2\/posts\/36410\/revisions"}],"predecessor-version":[{"id":36413,"href":"https:\/\/historiografija.hr\/index.php?rest_route=\/wp\/v2\/posts\/36410\/revisions\/36413"}],"wp:featuredmedia":[{"embeddable":true,"href":"https:\/\/historiografija.hr\/index.php?rest_route=\/wp\/v2\/media\/36411"}],"wp:attachment":[{"href":"https:\/\/historiografija.hr\/index.php?rest_route=%2Fwp%2Fv2%2Fmedia&parent=36410"}],"wp:term":[{"taxonomy":"category","embeddable":true,"href":"https:\/\/historiografija.hr\/index.php?rest_route=%2Fwp%2Fv2%2Fcategories&post=36410"},{"taxonomy":"post_tag","embeddable":true,"href":"https:\/\/historiografija.hr\/index.php?rest_route=%2Fwp%2Fv2%2Ftags&post=36410"}],"curies":[{"name":"wp","href":"https:\/\/api.w.org\/{rel}","templated":true}]}}