{"id":36394,"date":"2023-07-05T13:51:00","date_gmt":"2023-07-05T13:51:00","guid":{"rendered":"http:\/\/historiografija.hr\/?p=36394"},"modified":"2023-07-05T13:52:28","modified_gmt":"2023-07-05T13:52:28","slug":"zavrsna-konferencija-projekta-erasmus-strateskog-partnerstva-developing-a-new-curriculum-in-global-migration-diaspora-and-border-studies-in-east-central-europe-glocaleast","status":"publish","type":"post","link":"https:\/\/historiografija.hr\/?p=36394","title":{"rendered":"Zavr\u0161na konferencija projekta Erasmus+ Strate\u0161kog partnerstva \u201dDeveloping a new curriculum in Global Migration, Diaspora and Border Studies in East-Central Europe (GLocalEAst)\u201d"},"content":{"rendered":"\n<p>Na Filozofskom fakultetu u Zagrebu \u0107e se 6. srpnja 2023., unutar programa Erasmus+ Strate\u0161kog partnerstva, odr\u017eati zavr\u0161na konferencija projekta \u201dDeveloping a new curriculum in Global Migration, Diaspora and Border Studies in East-Central Europe (GLocalEAst)\u201d, na kojoj \u0107e sudjelovati znanstvenici sa sveu\u010dili\u0161ta iz \u0161est zemalja koje su \u010dinile konzorcij projekta (Njema\u010dka, Slova\u010dka, Italija, Hrvatska, Srbija, Litva), te brojni drugi uzvanici iz znanstveno-istra\u017eiva\u010dkih institucija, srodnih podru\u010dja javne uprave, civilnog dru\u0161tva, i ostali.<\/p>\n\n\n\n<p>Glavni je organizator ove konferencije Filozofski fakultet Sveu\u010dili\u0161ta u Zagrebu, i \u010dlanovi nacionalnog projektnog tima GLocalEAst s Odsjeka za sociologiju i Odsjeka za etnologiju i kulturnu antropologiju. Sudjelovanje na ovoj zavr\u0161noj konferenciji je besplatno, bez kotizacije. Radni jezik konferencije je engleski, a detaljan program molimo prona\u0111ite preko <a href=\"https:\/\/web2020.ffzg.unizg.hr\/wp-content\/uploads\/2023\/07\/Program-i-raspored-konferencije-GLocalEAst.pdf\">poveznice<\/a>.<\/p>\n\n\n\n<p>Vi\u0161e informacija o GlocalEAst projektu:<\/p>\n\n\n\n<figure class=\"wp-block-embed-wordpress wp-block-embed is-type-wp-embed is-provider-glocaleast\"><div class=\"wp-block-embed__wrapper\">\n<blockquote class=\"wp-embedded-content\" data-secret=\"RLfluScNWo\"><a href=\"https:\/\/glocal.sk\/\">About the project<\/a><\/blockquote><iframe loading=\"lazy\" class=\"wp-embedded-content\" sandbox=\"allow-scripts\" security=\"restricted\" style=\"position: absolute; clip: rect(1px, 1px, 1px, 1px);\" title=\"&#8220;About the project&#8221; &#8212; GLocalEAst\" src=\"https:\/\/glocal.sk\/embed\/#?secret=gzy2VIJ0Hs#?secret=RLfluScNWo\" data-secret=\"RLfluScNWo\" width=\"600\" height=\"338\" frameborder=\"0\" marginwidth=\"0\" marginheight=\"0\" scrolling=\"no\"><\/iframe>\n<\/div><\/figure>\n\n\n\n<p>Konferencija koja se odvija u Vije\u0107nici Filozofskog fakulteta u Zagrebu po\u010dinje u \u010detvrtak 6. srpnja u 11:30 sati, a zavr\u0161ava u 18:00 sati.<\/p>\n\n\n\n<p>Za vi\u0161e informacija mo\u017eete se obratiti doc. dr. sc. Dragi \u017dupari\u0107u-Ilji\u0107u, putem e-mail adrese: <a href=\"mailto:dzuparic@ffzg.unizg.hr\">dzuparic@ffzg.unizg.hr<\/a><\/p>\n\n\n\n<hr class=\"wp-block-separator\"\/>\n\n\n\n<p>Izvor:<\/p>\n\n\n\n<figure class=\"wp-block-embed-wordpress wp-block-embed is-type-wp-embed is-provider-filozofski-fakultet-sveucilista-u-zagrebu\"><div class=\"wp-block-embed__wrapper\">\n<blockquote class=\"wp-embedded-content\" data-secret=\"FQNr1JP3g7\"><a href=\"https:\/\/web2020.ffzg.unizg.hr\/blog\/2023\/07\/03\/zavrsna-konferencija-projekta-erasmus-strateskog-partnerstva-developing-a-new-curriculum-in-global-migration-diaspora-and-border-studies-in-east-central-europe-glocaleast\/\">Zavr\u0161na konferencija projekta Erasmus+ Strate\u0161kog partnerstva &#8221;Developing a new curriculum in Global Migration, Diaspora and Border Studies in East-Central Europe (GLocalEAst)&#8221;<\/a><\/blockquote><iframe loading=\"lazy\" class=\"wp-embedded-content\" sandbox=\"allow-scripts\" security=\"restricted\" style=\"position: absolute; clip: rect(1px, 1px, 1px, 1px);\" title=\"&#8220;Zavr\u0161na konferencija projekta Erasmus+ Strate\u0161kog partnerstva &#8221;Developing a new curriculum in Global Migration, Diaspora and Border Studies in East-Central Europe (GLocalEAst)&#8221;&#8221; &#8212; Filozofski fakultet Sveu\u010dili\u0161ta u Zagrebu\" src=\"https:\/\/web2020.ffzg.unizg.hr\/blog\/2023\/07\/03\/zavrsna-konferencija-projekta-erasmus-strateskog-partnerstva-developing-a-new-curriculum-in-global-migration-diaspora-and-border-studies-in-east-central-europe-glocaleast\/embed\/#?secret=FQNr1JP3g7\" data-secret=\"FQNr1JP3g7\" width=\"600\" height=\"338\" frameborder=\"0\" marginwidth=\"0\" marginheight=\"0\" scrolling=\"no\"><\/iframe>\n<\/div><\/figure>\n\n\n\n<hr class=\"wp-block-separator\"\/>\n","protected":false},"excerpt":{"rendered":"","protected":false},"author":2,"featured_media":36395,"comment_status":"open","ping_status":"open","sticky":false,"template":"","format":"standard","meta":{"_acf_changed":false,"jetpack_post_was_ever_published":false,"_jetpack_newsletter_access":"","_jetpack_dont_email_post_to_subs":false,"_jetpack_newsletter_tier_id":0,"_jetpack_memberships_contains_paywalled_content":false,"_jetpack_memberships_contains_paid_content":false,"footnotes":"","jetpack_publicize_message":"","jetpack_publicize_feature_enabled":true,"jetpack_social_post_already_shared":true,"jetpack_social_options":{"image_generator_settings":{"template":"highway","default_image_id":0,"font":"","enabled":false},"version":2}},"categories":[3,9],"tags":[],"class_list":["post-36394","post","type-post","status-publish","format-standard","has-post-thumbnail","hentry","category-novosti","category-skupovi"],"acf":{"facebook_opis":""},"jetpack_publicize_connections":[],"jetpack_featured_media_url":"https:\/\/i0.wp.com\/historiografija.hr\/wp-content\/uploads\/2023\/07\/FFZG-konferencija.jpg?fit=1024%2C758&ssl=1","jetpack_sharing_enabled":true,"jetpack-related-posts":[],"_links":{"self":[{"href":"https:\/\/historiografija.hr\/index.php?rest_route=\/wp\/v2\/posts\/36394","targetHints":{"allow":["GET"]}}],"collection":[{"href":"https:\/\/historiografija.hr\/index.php?rest_route=\/wp\/v2\/posts"}],"about":[{"href":"https:\/\/historiografija.hr\/index.php?rest_route=\/wp\/v2\/types\/post"}],"author":[{"embeddable":true,"href":"https:\/\/historiografija.hr\/index.php?rest_route=\/wp\/v2\/users\/2"}],"replies":[{"embeddable":true,"href":"https:\/\/historiografija.hr\/index.php?rest_route=%2Fwp%2Fv2%2Fcomments&post=36394"}],"version-history":[{"count":2,"href":"https:\/\/historiografija.hr\/index.php?rest_route=\/wp\/v2\/posts\/36394\/revisions"}],"predecessor-version":[{"id":36397,"href":"https:\/\/historiografija.hr\/index.php?rest_route=\/wp\/v2\/posts\/36394\/revisions\/36397"}],"wp:featuredmedia":[{"embeddable":true,"href":"https:\/\/historiografija.hr\/index.php?rest_route=\/wp\/v2\/media\/36395"}],"wp:attachment":[{"href":"https:\/\/historiografija.hr\/index.php?rest_route=%2Fwp%2Fv2%2Fmedia&parent=36394"}],"wp:term":[{"taxonomy":"category","embeddable":true,"href":"https:\/\/historiografija.hr\/index.php?rest_route=%2Fwp%2Fv2%2Fcategories&post=36394"},{"taxonomy":"post_tag","embeddable":true,"href":"https:\/\/historiografija.hr\/index.php?rest_route=%2Fwp%2Fv2%2Ftags&post=36394"}],"curies":[{"name":"wp","href":"https:\/\/api.w.org\/{rel}","templated":true}]}}