{"id":36382,"date":"2023-07-04T07:15:38","date_gmt":"2023-07-04T07:15:38","guid":{"rendered":"http:\/\/historiografija.hr\/?p=36382"},"modified":"2023-07-04T07:15:38","modified_gmt":"2023-07-04T07:15:38","slug":"robert-mantran-istorija-carigrada-vizantion-konstantinopolj-istanbul","status":"publish","type":"post","link":"https:\/\/historiografija.hr\/?p=36382","title":{"rendered":"Robert Mantran, \u201eISTORIJA CARIGRADA. Vizantion\/Konstantinopolj\/Istanbul\u201c"},"content":{"rendered":"\n<p>Prevod: Jelena Staki\u0107<\/p>\n\n\n\n<p>Broj strana: 272<\/p>\n\n\n\n<p>Godina izdanja: 2022.<\/p>\n\n\n\n<hr class=\"wp-block-separator\"\/>\n\n\n\n<p>Vizantion, Konstantinopolj ili Istanbul (Stambol), grad koji je izazivao, naizmeni\u010dno, divljenje i pohlepu. U IV veku varvarin Atanarik toliko je o\u010daran gradom da odlu\u010duje da se nastani u njemu. Godine 1204. vitezovi sa Zapada koji se do\u010depavaju Konstantinopolja zadivljeni su prizorom njegovih \u201egospodstvenih palata\u201c i \u201evisokih crkava\u201c. \u201eNisu mogli da veruju\u201c, izve\u0161tava Vilarduen, \u201eda na svetu postoji neki drugi tako mo\u0107an grad\u2026\u201c Po\u010detkom XV veka, Manojlo Hrisolor je hvalio to izvanredno mesto na kom se spajaju more sa severa i more s juga (Crno i Sredozemno), njegovu luku \u201enajve\u0107u na svetu\u201c, a zidine kojima je opasan poredi s vavilonskim. Ushi\u0107enje posetilaca lepotom mesta vekovima ne\u0107e ni oslabiti ni prestati. \u201eNe mo\u017ee se ni videti, \u010dak ni pojmiti ne\u0161to krasnije od pristupa Konstantinopolju. Kad sam prvi put stigao amo, \u010dinilo mi se da ulazim u neki \u010daroban grad\u201c, priznaje Gijom Grelo, francuski putnik iz XVII veka. [\u2026]<\/p>\n\n\n\n<p>To \u0161to ovde poku\u0161avam da predstavim nije toliko tradicionalna istorija, koliko vi\u0111enje grada i krupnih doga\u0111aja koji su se odigravali u njemu. Konstantinopolj\/Istanbul bio je jedan od velikih polova Staroga sveta. Vekovima i vekovima raspaljivao je politi\u010dke pohlepe, bio mesto na kom su se najbolje izra\u017eavale razne civilizacije koje su na njegovoj zemlji ostavile bezbroj zadivljuju\u0107ih ili neupadljivih svedo\u010danstava. Istanbul nije grad. On je \u010ditav svet uobli\u010den istorijom.<br><em>Rober Mantran<\/em><\/p>\n\n\n\n<p>Dokle god je Carigrad bio glavni grad hri\u0161\u0107anskog carstva, hri\u0161\u0107anski svet na Zapadu smatrao ga je tu\u0111im, \u017eari\u0161tem propasti i jeresi, predmetom nepoverenja. Kada postaje centar muslimanskog antihrista, prevazi\u0161av\u0161i prvi \u0161ok (izme\u0111u XVI i XVII veka), malo-pomalo Carigrad postaje predmet \u017eelje, podsticaj egzoti\u010dnih ma\u0161tanja, cilj knji\u017eevnih pohoda. Dokle god je bio gotovo isti kao hri\u0161\u0107anski zapadni deo sveta, nisu ga voleli, a kada postaje potpuno druga\u010diji, postaje hram posebnosti.<br><em>Umberto Eko, iz predgovora Carigradu Edmonda de Ami\u010disa<\/em><\/p>\n\n\n\n<p>ROBER MANTRAN (Robert Mantran, 1917\u20131999), francuski istori\u010dar, stru\u010dnjak za tursku istoriju. Studirao je na Sorboni, bio profesor Liceja Galatasaraj, istra\u017eiva\u010d u Nacionalnom centru za nau\u010dno istra\u017eivanje (CNRS), profesor na Katedri za turkologiju na Univerzitetu Eks-Marsej, gde je ostao do penzionisanja 1985. godine. Objavio je brojne nau\u010dne radove i publikacije. U prevodu na srpski je objavljena knjiga <em>Istorija osmanskog carstva<\/em> koju je Rober Mantran priredio (Clio, 2021, 2022).<\/p>\n\n\n\n<hr class=\"wp-block-separator\"\/>\n\n\n\n<p>Izvor:<\/p>\n\n\n\n<figure class=\"wp-block-embed-wordpress wp-block-embed is-type-wp-embed is-provider-karpos\"><div class=\"wp-block-embed__wrapper\">\n<blockquote class=\"wp-embedded-content\" data-secret=\"Q6aNfPyiLS\"><a href=\"http:\/\/karposbooks.rs\/shop\/novo\/carigrad\/\">ISTORIJA CARIGRADAVizantion\/Konstantinopolj\/IstanbulRober Mantran<\/a><\/blockquote><iframe loading=\"lazy\" class=\"wp-embedded-content\" sandbox=\"allow-scripts\" security=\"restricted\" style=\"position: absolute; clip: rect(1px, 1px, 1px, 1px);\" title=\"&#132;ISTORIJA CARIGRADA&lt;br&gt;Vizantion\/Konstantinopolj\/Istanbul&lt;br&gt;Rober Mantran&#147; \u2014 Karpos\" src=\"http:\/\/karposbooks.rs\/shop\/novo\/carigrad\/embed\/#?secret=Q6aNfPyiLS\" data-secret=\"Q6aNfPyiLS\" width=\"600\" height=\"338\" frameborder=\"0\" marginwidth=\"0\" marginheight=\"0\" scrolling=\"no\"><\/iframe>\n<\/div><\/figure>\n\n\n\n<hr class=\"wp-block-separator\"\/>\n","protected":false},"excerpt":{"rendered":"","protected":false},"author":2,"featured_media":36383,"comment_status":"open","ping_status":"open","sticky":false,"template":"","format":"standard","meta":{"_acf_changed":false,"jetpack_post_was_ever_published":false,"_jetpack_newsletter_access":"","_jetpack_dont_email_post_to_subs":false,"_jetpack_newsletter_tier_id":0,"_jetpack_memberships_contains_paywalled_content":false,"_jetpack_memberships_contains_paid_content":false,"footnotes":"","jetpack_publicize_message":"","jetpack_publicize_feature_enabled":true,"jetpack_social_post_already_shared":true,"jetpack_social_options":{"image_generator_settings":{"template":"highway","default_image_id":0,"font":"","enabled":false},"version":2}},"categories":[8,3],"tags":[],"class_list":["post-36382","post","type-post","status-publish","format-standard","has-post-thumbnail","hentry","category-knjige","category-novosti"],"acf":{"facebook_opis":""},"jetpack_publicize_connections":[],"jetpack_featured_media_url":"https:\/\/i0.wp.com\/historiografija.hr\/wp-content\/uploads\/2023\/07\/istorija-carigrada.jpg?fit=320%2C455&ssl=1","jetpack_sharing_enabled":true,"jetpack-related-posts":[],"_links":{"self":[{"href":"https:\/\/historiografija.hr\/index.php?rest_route=\/wp\/v2\/posts\/36382","targetHints":{"allow":["GET"]}}],"collection":[{"href":"https:\/\/historiografija.hr\/index.php?rest_route=\/wp\/v2\/posts"}],"about":[{"href":"https:\/\/historiografija.hr\/index.php?rest_route=\/wp\/v2\/types\/post"}],"author":[{"embeddable":true,"href":"https:\/\/historiografija.hr\/index.php?rest_route=\/wp\/v2\/users\/2"}],"replies":[{"embeddable":true,"href":"https:\/\/historiografija.hr\/index.php?rest_route=%2Fwp%2Fv2%2Fcomments&post=36382"}],"version-history":[{"count":1,"href":"https:\/\/historiografija.hr\/index.php?rest_route=\/wp\/v2\/posts\/36382\/revisions"}],"predecessor-version":[{"id":36384,"href":"https:\/\/historiografija.hr\/index.php?rest_route=\/wp\/v2\/posts\/36382\/revisions\/36384"}],"wp:featuredmedia":[{"embeddable":true,"href":"https:\/\/historiografija.hr\/index.php?rest_route=\/wp\/v2\/media\/36383"}],"wp:attachment":[{"href":"https:\/\/historiografija.hr\/index.php?rest_route=%2Fwp%2Fv2%2Fmedia&parent=36382"}],"wp:term":[{"taxonomy":"category","embeddable":true,"href":"https:\/\/historiografija.hr\/index.php?rest_route=%2Fwp%2Fv2%2Fcategories&post=36382"},{"taxonomy":"post_tag","embeddable":true,"href":"https:\/\/historiografija.hr\/index.php?rest_route=%2Fwp%2Fv2%2Ftags&post=36382"}],"curies":[{"name":"wp","href":"https:\/\/api.w.org\/{rel}","templated":true}]}}