{"id":36371,"date":"2023-07-03T09:19:16","date_gmt":"2023-07-03T09:19:16","guid":{"rendered":"http:\/\/historiografija.hr\/?p=36371"},"modified":"2023-07-03T09:19:16","modified_gmt":"2023-07-03T09:19:16","slug":"16th-congress-of-the-international-society-for-eighteenth-century-studies","status":"publish","type":"post","link":"https:\/\/historiografija.hr\/?p=36371","title":{"rendered":"16th Congress of the International Society for Eighteenth-Century Studies"},"content":{"rendered":"\n<p>Na velikom 16. kongresu Me\u0111unarodnog udru\u017eenja za studije 18. stolje\u0107a, koji se od 3. do 7. srpnja 2023. odr\u017eava u Rimu, zastupljeni su i sudionici iz Hrvatske. Sredi\u0161nja tema kongresa je &#8220;Antiquity and the Shaping of the Future in the Age of Enlightenment&#8221;.<\/p>\n\n\n\n<hr class=\"wp-block-separator\"\/>\n\n\n\n<p>Program i dodatne obavijesti:<\/p>\n\n\n\n<p><a href=\"https:\/\/www.isecs-roma2023.net\/en\/contents\/programme\/118\">https:\/\/www.isecs-roma2023.net\/en\/contents\/programme\/118<\/a><\/p>\n\n\n\n<p><a href=\"https:\/\/www.isecs-roma2023.net\/\">https:\/\/www.isecs-roma2023.net\/<\/a><\/p>\n\n\n\n<hr class=\"wp-block-separator\"\/>\n\n\n\n<p><a href=\"https:\/\/www.ipu.hr\/article\/hr\/1428\/16th-congress-of-the-international-society-for-eighteenth-century-studies\">https:\/\/www.ipu.hr\/article\/hr\/1428\/16th-congress-of-the-international-society-for-eighteenth-century-studies<\/a><\/p>\n\n\n\n<hr class=\"wp-block-separator\"\/>\n\n\n\n<p><a href=\"https:\/\/www.facebook.com\/igos18\">https:\/\/www.facebook.com\/igos18<\/a><\/p>\n\n\n\n<hr class=\"wp-block-separator\"\/>\n","protected":false},"excerpt":{"rendered":"","protected":false},"author":2,"featured_media":36372,"comment_status":"open","ping_status":"open","sticky":false,"template":"","format":"standard","meta":{"_acf_changed":false,"_jetpack_newsletter_access":"","_jetpack_dont_email_post_to_subs":false,"_jetpack_newsletter_tier_id":0,"_jetpack_memberships_contains_paywalled_content":false,"_jetpack_memberships_contains_paid_content":false,"footnotes":"","jetpack_publicize_message":"","jetpack_publicize_feature_enabled":true,"jetpack_social_post_already_shared":true,"jetpack_social_options":{"image_generator_settings":{"template":"highway","default_image_id":0,"font":"","enabled":false},"version":2},"jetpack_post_was_ever_published":false},"categories":[3,9],"tags":[],"class_list":["post-36371","post","type-post","status-publish","format-standard","has-post-thumbnail","hentry","category-novosti","category-skupovi"],"acf":{"facebook_opis":""},"jetpack_publicize_connections":[],"jetpack_featured_media_url":"https:\/\/i0.wp.com\/historiografija.hr\/wp-content\/uploads\/2023\/07\/Roma_2023.jpg?fit=971%2C1337&ssl=1","jetpack_sharing_enabled":true,"jetpack-related-posts":[{"id":53155,"url":"https:\/\/historiografija.hr\/?p=53155","url_meta":{"origin":36371,"position":0},"title":"25. Me\u0111unarodni kongres bizantskih studija (Be\u010d, 24\u201329. kolovoza 2026) \u2013 Tema: &#8220;Byzantium beyond Byzantium&#8221;","author":"Filip \u0160imunjak","date":"14. svibnja 2026.","format":false,"excerpt":"The International Congress of Byzantine Studies is the world\u2019s largest academic event dedicated to the latest research and findings on the Byzantine Empire, its history, and culture. Since the first congress in 1924 in Bucharest, it has been held approximately every five years in different locations, attracting up to 1,500\u2026","rel":"","context":"U &quot;Novosti&quot;","block_context":{"text":"Novosti","link":"https:\/\/historiografija.hr\/?cat=3"},"img":{"alt_text":"","src":"https:\/\/i0.wp.com\/historiografija.hr\/wp-content\/uploads\/2026\/05\/25.-Medunarodni-kongres-bizantskih-studija-.webp?fit=1164%2C431&ssl=1&resize=350%2C200","width":350,"height":200,"srcset":"https:\/\/i0.wp.com\/historiografija.hr\/wp-content\/uploads\/2026\/05\/25.-Medunarodni-kongres-bizantskih-studija-.webp?fit=1164%2C431&ssl=1&resize=350%2C200 1x, https:\/\/i0.wp.com\/historiografija.hr\/wp-content\/uploads\/2026\/05\/25.-Medunarodni-kongres-bizantskih-studija-.webp?fit=1164%2C431&ssl=1&resize=525%2C300 1.5x, https:\/\/i0.wp.com\/historiografija.hr\/wp-content\/uploads\/2026\/05\/25.-Medunarodni-kongres-bizantskih-studija-.webp?fit=1164%2C431&ssl=1&resize=700%2C400 2x, https:\/\/i0.wp.com\/historiografija.hr\/wp-content\/uploads\/2026\/05\/25.-Medunarodni-kongres-bizantskih-studija-.webp?fit=1164%2C431&ssl=1&resize=1050%2C600 3x"},"classes":[]},{"id":54543,"url":"https:\/\/historiografija.hr\/?p=54543","url_meta":{"origin":36371,"position":1},"title":"International Medieval Congress 2026 \u2013 \u2018Temporalities\u2019","author":"Branimir Jankovi\u0107","date":"9. srpnja 2026.","format":false,"excerpt":"Veliki me\u0111unarodni medijevisti\u010dki kongres odr\u017eava se u Leedsu od 6. do 9. srpnja 2026. godine. Me\u0111u gotovo 2,500 tisu\u0107e sudionika zastupljeni su i mnogi iz Hrvatske, a ovogodi\u0161nja koordinatorica sredi\u0161nje teme temporalnosti je Nada Ze\u010devi\u0107 s Filozofskog fakulteta Sveu\u010dili\u0161ta u Zagrebu. IMC 2026 will take place from Monday 06 July\u2026","rel":"","context":"U &quot;Novosti&quot;","block_context":{"text":"Novosti","link":"https:\/\/historiografija.hr\/?cat=3"},"img":{"alt_text":"","src":"https:\/\/i0.wp.com\/historiografija.hr\/wp-content\/uploads\/2025\/07\/IMC-Postcard-2026.jpg?fit=1200%2C851&ssl=1&resize=350%2C200","width":350,"height":200,"srcset":"https:\/\/i0.wp.com\/historiografija.hr\/wp-content\/uploads\/2025\/07\/IMC-Postcard-2026.jpg?fit=1200%2C851&ssl=1&resize=350%2C200 1x, https:\/\/i0.wp.com\/historiografija.hr\/wp-content\/uploads\/2025\/07\/IMC-Postcard-2026.jpg?fit=1200%2C851&ssl=1&resize=525%2C300 1.5x, https:\/\/i0.wp.com\/historiografija.hr\/wp-content\/uploads\/2025\/07\/IMC-Postcard-2026.jpg?fit=1200%2C851&ssl=1&resize=700%2C400 2x, https:\/\/i0.wp.com\/historiografija.hr\/wp-content\/uploads\/2025\/07\/IMC-Postcard-2026.jpg?fit=1200%2C851&ssl=1&resize=1050%2C600 3x"},"classes":[]},{"id":53902,"url":"https:\/\/historiografija.hr\/?p=53902","url_meta":{"origin":36371,"position":2},"title":"Poziv za sudjelovanje na skupu &#8220;Commissioners, Artists, and the Public in the Cities of Central Europe (16th\u2013mid-19th centuries)&#8221;","author":"Filip \u0160imunjak","date":"2. lipnja 2026.","format":false,"excerpt":"U zavr\u0161noj godini projekta Modeli naru\u010diteljstva: Naru\u010ditelji, umjetnici i publika u Zagrebu u 17. i dugom 18. stolje\u0107u, koji financira Hrvatska zaklada za znanost (IP-2022-10-3190, voditelj projekta prof.dr.sc. Dubravka Botica), najavljujemo me\u0111unarodnu konferenciju Commissioners, Artists, and the Public in the Cities of Central Europe(16th\u2013mid-19th centuries).\u00a0Konferencija se organizira u suradnji s\u2026","rel":"","context":"U &quot;Novosti&quot;","block_context":{"text":"Novosti","link":"https:\/\/historiografija.hr\/?cat=3"},"img":{"alt_text":"","src":"https:\/\/i0.wp.com\/historiografija.hr\/wp-content\/uploads\/2026\/06\/Modenar.webp?fit=894%2C400&ssl=1&resize=350%2C200","width":350,"height":200,"srcset":"https:\/\/i0.wp.com\/historiografija.hr\/wp-content\/uploads\/2026\/06\/Modenar.webp?fit=894%2C400&ssl=1&resize=350%2C200 1x, https:\/\/i0.wp.com\/historiografija.hr\/wp-content\/uploads\/2026\/06\/Modenar.webp?fit=894%2C400&ssl=1&resize=525%2C300 1.5x, https:\/\/i0.wp.com\/historiografija.hr\/wp-content\/uploads\/2026\/06\/Modenar.webp?fit=894%2C400&ssl=1&resize=700%2C400 2x"},"classes":[]},{"id":47341,"url":"https:\/\/historiografija.hr\/?p=47341","url_meta":{"origin":36371,"position":3},"title":"Call for Papers: International Medieval Congress 2026 &#8211; &#8216;Temporalities&#8217;","author":"Branimir Jankovi\u0107","date":"10. srpnja 2025.","format":false,"excerpt":"IMC 2026 will take place from Monday 06 July to Thursday 09 July 2026 and this will be the fifth fully-hybrid event. There will be an in-person gathering in Leeds with a virtual component for those unable to attend in person. Call for Papers: IMC 2026 - Temporalities The IMC\u2026","rel":"","context":"U &quot;Novosti&quot;","block_context":{"text":"Novosti","link":"https:\/\/historiografija.hr\/?cat=3"},"img":{"alt_text":"","src":"https:\/\/i0.wp.com\/historiografija.hr\/wp-content\/uploads\/2025\/07\/IMC-Postcard-2026.jpg?fit=1200%2C851&ssl=1&resize=350%2C200","width":350,"height":200,"srcset":"https:\/\/i0.wp.com\/historiografija.hr\/wp-content\/uploads\/2025\/07\/IMC-Postcard-2026.jpg?fit=1200%2C851&ssl=1&resize=350%2C200 1x, https:\/\/i0.wp.com\/historiografija.hr\/wp-content\/uploads\/2025\/07\/IMC-Postcard-2026.jpg?fit=1200%2C851&ssl=1&resize=525%2C300 1.5x, https:\/\/i0.wp.com\/historiografija.hr\/wp-content\/uploads\/2025\/07\/IMC-Postcard-2026.jpg?fit=1200%2C851&ssl=1&resize=700%2C400 2x, https:\/\/i0.wp.com\/historiografija.hr\/wp-content\/uploads\/2025\/07\/IMC-Postcard-2026.jpg?fit=1200%2C851&ssl=1&resize=1050%2C600 3x"},"classes":[]},{"id":54028,"url":"https:\/\/historiografija.hr\/?p=54028","url_meta":{"origin":36371,"position":4},"title":"Hrvatski institut za povijest na godi\u0161njoj konferenciji American Association for Italian Studies u Sassariju, Italija","author":"Branimir Jankovi\u0107","date":"11. lipnja 2026.","format":false,"excerpt":"Delegacija Hrvatskog instituta za povijest sudjelovala je u ovogodi\u0161njoj konferenciji American Association for Italian Studies koja se odr\u017eavala na Sveu\u010dili\u0161tu u Sassariju, Italija, od 3. do 5. lipnja. Radi se o rijetkoj po\u010dasti, s obzirom na to da ova udruga u pravilu ne dopu\u0161ta drugim institucijama da budu predstavljene na\u2026","rel":"","context":"U &quot;Novosti&quot;","block_context":{"text":"Novosti","link":"https:\/\/historiografija.hr\/?cat=3"},"img":{"alt_text":"","src":"https:\/\/i0.wp.com\/historiografija.hr\/wp-content\/uploads\/2026\/06\/HIP.jpg?fit=500%2C281&ssl=1&resize=350%2C200","width":350,"height":200},"classes":[]},{"id":54738,"url":"https:\/\/historiografija.hr\/?p=54738","url_meta":{"origin":36371,"position":5},"title":"Call for Papers: International Medieval Congress 2027 &#8211; &#8216;Communities&#8217;","author":"Branimir Jankovi\u0107","date":"22. srpnja 2026.","format":false,"excerpt":"IMC 2027 will take place from Monday 05 July to Thursday 08 July 2027 and this will be the sixth fully-hybrid event. There will be an in-person gathering in Leeds with a virtual component for those unable to attend in person. Call for Papers: IMC 2027 - Communities The IMC\u2026","rel":"","context":"U &quot;Novosti&quot;","block_context":{"text":"Novosti","link":"https:\/\/historiografija.hr\/?cat=3"},"img":{"alt_text":"","src":"https:\/\/i0.wp.com\/historiografija.hr\/wp-content\/uploads\/2026\/07\/CfP-Leeds-2027.jpg?fit=1200%2C675&ssl=1&resize=350%2C200","width":350,"height":200,"srcset":"https:\/\/i0.wp.com\/historiografija.hr\/wp-content\/uploads\/2026\/07\/CfP-Leeds-2027.jpg?fit=1200%2C675&ssl=1&resize=350%2C200 1x, https:\/\/i0.wp.com\/historiografija.hr\/wp-content\/uploads\/2026\/07\/CfP-Leeds-2027.jpg?fit=1200%2C675&ssl=1&resize=525%2C300 1.5x, https:\/\/i0.wp.com\/historiografija.hr\/wp-content\/uploads\/2026\/07\/CfP-Leeds-2027.jpg?fit=1200%2C675&ssl=1&resize=700%2C400 2x, https:\/\/i0.wp.com\/historiografija.hr\/wp-content\/uploads\/2026\/07\/CfP-Leeds-2027.jpg?fit=1200%2C675&ssl=1&resize=1050%2C600 3x"},"classes":[]}],"_links":{"self":[{"href":"https:\/\/historiografija.hr\/index.php?rest_route=\/wp\/v2\/posts\/36371","targetHints":{"allow":["GET"]}}],"collection":[{"href":"https:\/\/historiografija.hr\/index.php?rest_route=\/wp\/v2\/posts"}],"about":[{"href":"https:\/\/historiografija.hr\/index.php?rest_route=\/wp\/v2\/types\/post"}],"author":[{"embeddable":true,"href":"https:\/\/historiografija.hr\/index.php?rest_route=\/wp\/v2\/users\/2"}],"replies":[{"embeddable":true,"href":"https:\/\/historiografija.hr\/index.php?rest_route=%2Fwp%2Fv2%2Fcomments&post=36371"}],"version-history":[{"count":1,"href":"https:\/\/historiografija.hr\/index.php?rest_route=\/wp\/v2\/posts\/36371\/revisions"}],"predecessor-version":[{"id":36373,"href":"https:\/\/historiografija.hr\/index.php?rest_route=\/wp\/v2\/posts\/36371\/revisions\/36373"}],"wp:featuredmedia":[{"embeddable":true,"href":"https:\/\/historiografija.hr\/index.php?rest_route=\/wp\/v2\/media\/36372"}],"wp:attachment":[{"href":"https:\/\/historiografija.hr\/index.php?rest_route=%2Fwp%2Fv2%2Fmedia&parent=36371"}],"wp:term":[{"taxonomy":"category","embeddable":true,"href":"https:\/\/historiografija.hr\/index.php?rest_route=%2Fwp%2Fv2%2Fcategories&post=36371"},{"taxonomy":"post_tag","embeddable":true,"href":"https:\/\/historiografija.hr\/index.php?rest_route=%2Fwp%2Fv2%2Ftags&post=36371"}],"curies":[{"name":"wp","href":"https:\/\/api.w.org\/{rel}","templated":true}]}}