{"id":36368,"date":"2023-07-03T09:01:36","date_gmt":"2023-07-03T09:01:36","guid":{"rendered":"http:\/\/historiografija.hr\/?p=36368"},"modified":"2023-07-03T09:01:36","modified_gmt":"2023-07-03T09:01:36","slug":"hannah-arendt-misljenje-i-delanje-u-mracnim-vremenima-izbor-tekstova-objavljenih-na-pescaniku","status":"publish","type":"post","link":"https:\/\/historiografija.hr\/?p=36368","title":{"rendered":"Hannah Arendt \u201eMi\u0161ljenje i delanje u mra\u010dnim vremenima. Izbor tekstova objavljenih na Pe\u0161\u010daniku\u201c"},"content":{"rendered":"\n<p>Objavljena je 2023. godine knjiga Hanne Arendt \u201eMi\u0161ljenje i delanje u mra\u010dnim vremenima. Izbor tekstova objavljenih na Pe\u0161\u010daniku\u201c, koju su preveli Branislav Dujmi\u0107 i Slavica Mileti\u0107, a uredio Nenad Dimitrijevi\u0107.<\/p>\n\n\n\n<hr class=\"wp-block-separator\"\/>\n\n\n\n<p>Op\u0161irnije:<\/p>\n\n\n\n<p><a href=\"https:\/\/pescanik.net\/u-svetu-kod-kuce-misljenje-sudjenje-i-vita-activa-nakon-zlocina\/\">https:\/\/pescanik.net\/u-svetu-kod-kuce-misljenje-sudjenje-i-vita-activa-nakon-zlocina\/<\/a><\/p>\n\n\n\n<figure class=\"wp-block-embed-wordpress wp-block-embed is-type-wp-embed is-provider-beopolis\"><div class=\"wp-block-embed__wrapper\">\n<blockquote class=\"wp-embedded-content\" data-secret=\"tEdTnZFRip\"><a href=\"https:\/\/www.beopolis.rs\/shop\/misljenje-i-delanje-u-mracnim-vremenima-izbor-tekstova-objavljenih-na-pescaniku\/\">Mi\u0161ljenje i delanje u mra\u010dnim vremenima : izbor tekstova objavljenih na Pe\u0161\u010daniku<\/a><\/blockquote><iframe loading=\"lazy\" class=\"wp-embedded-content\" sandbox=\"allow-scripts\" security=\"restricted\" style=\"position: absolute; clip: rect(1px, 1px, 1px, 1px);\" title=\"&#132;Mi\u0161ljenje i delanje u mra\u010dnim vremenima : izbor tekstova objavljenih na Pe\u0161\u010daniku&#147; &#8212; Beopolis\" src=\"https:\/\/www.beopolis.rs\/shop\/misljenje-i-delanje-u-mracnim-vremenima-izbor-tekstova-objavljenih-na-pescaniku\/embed\/#?secret=FxAHg6lLTU#?secret=tEdTnZFRip\" data-secret=\"tEdTnZFRip\" width=\"600\" height=\"338\" frameborder=\"0\" marginwidth=\"0\" marginheight=\"0\" scrolling=\"no\"><\/iframe>\n<\/div><\/figure>\n\n\n\n<hr class=\"wp-block-separator\"\/>\n","protected":false},"excerpt":{"rendered":"","protected":false},"author":2,"featured_media":36369,"comment_status":"open","ping_status":"open","sticky":false,"template":"","format":"standard","meta":{"_acf_changed":false,"jetpack_post_was_ever_published":false,"_jetpack_newsletter_access":"","_jetpack_dont_email_post_to_subs":false,"_jetpack_newsletter_tier_id":0,"_jetpack_memberships_contains_paywalled_content":false,"_jetpack_memberships_contains_paid_content":false,"footnotes":"","jetpack_publicize_message":"","jetpack_publicize_feature_enabled":true,"jetpack_social_post_already_shared":true,"jetpack_social_options":{"image_generator_settings":{"template":"highway","default_image_id":0,"font":"","enabled":false},"version":2}},"categories":[8,3],"tags":[],"class_list":["post-36368","post","type-post","status-publish","format-standard","has-post-thumbnail","hentry","category-knjige","category-novosti"],"acf":{"facebook_opis":""},"jetpack_publicize_connections":[],"jetpack_featured_media_url":"https:\/\/i0.wp.com\/historiografija.hr\/wp-content\/uploads\/2023\/07\/Korice-Arendt.jpg?fit=1200%2C786&ssl=1","jetpack_sharing_enabled":true,"jetpack-related-posts":[],"_links":{"self":[{"href":"https:\/\/historiografija.hr\/index.php?rest_route=\/wp\/v2\/posts\/36368","targetHints":{"allow":["GET"]}}],"collection":[{"href":"https:\/\/historiografija.hr\/index.php?rest_route=\/wp\/v2\/posts"}],"about":[{"href":"https:\/\/historiografija.hr\/index.php?rest_route=\/wp\/v2\/types\/post"}],"author":[{"embeddable":true,"href":"https:\/\/historiografija.hr\/index.php?rest_route=\/wp\/v2\/users\/2"}],"replies":[{"embeddable":true,"href":"https:\/\/historiografija.hr\/index.php?rest_route=%2Fwp%2Fv2%2Fcomments&post=36368"}],"version-history":[{"count":1,"href":"https:\/\/historiografija.hr\/index.php?rest_route=\/wp\/v2\/posts\/36368\/revisions"}],"predecessor-version":[{"id":36370,"href":"https:\/\/historiografija.hr\/index.php?rest_route=\/wp\/v2\/posts\/36368\/revisions\/36370"}],"wp:featuredmedia":[{"embeddable":true,"href":"https:\/\/historiografija.hr\/index.php?rest_route=\/wp\/v2\/media\/36369"}],"wp:attachment":[{"href":"https:\/\/historiografija.hr\/index.php?rest_route=%2Fwp%2Fv2%2Fmedia&parent=36368"}],"wp:term":[{"taxonomy":"category","embeddable":true,"href":"https:\/\/historiografija.hr\/index.php?rest_route=%2Fwp%2Fv2%2Fcategories&post=36368"},{"taxonomy":"post_tag","embeddable":true,"href":"https:\/\/historiografija.hr\/index.php?rest_route=%2Fwp%2Fv2%2Ftags&post=36368"}],"curies":[{"name":"wp","href":"https:\/\/api.w.org\/{rel}","templated":true}]}}