{"id":36365,"date":"2023-07-03T08:54:18","date_gmt":"2023-07-03T08:54:18","guid":{"rendered":"http:\/\/historiografija.hr\/?p=36365"},"modified":"2023-07-03T08:54:18","modified_gmt":"2023-07-03T08:54:18","slug":"hybrider-workshop-negationismus-und-geschichtsrevisionismus-als-herausforderung-fur-wissenschaft-justiz-und-erinnerungskultur","status":"publish","type":"post","link":"https:\/\/historiografija.hr\/?p=36365","title":{"rendered":"Hybrider Workshop \u201eNegationismus und \u201cGeschichtsrevisionismus\u201d als Herausforderung f\u00fcr Wissenschaft, Justiz und Erinnerungskultur\u201c"},"content":{"rendered":"\n<p>U Potsdamu se u hibridnom obliku (u\u017eivo i online) odr\u017eava 3. i 4. srpnja 2023. skup o izazovu negacionizma i povijesnog revizionizma za znanost, pravosu\u0111e i kulturu sje\u0107anja. Program u nastavku.<\/p>\n\n\n\n<hr class=\"wp-block-separator\"\/>\n\n\n\n<p><strong>Datum:&nbsp;<\/strong>03.07.2023 to 04.07.2023<\/p>\n\n\n\n<p><strong>Ort:&nbsp;<\/strong>Potsdam und Online<\/p>\n\n\n\n<p><strong>Veranstalter:<\/strong><br>Forschungsprojekt <a href=\"https:\/\/zzf-potsdam.de\/de\/forschung\/linien\/die-radikale-rechte-deutschland-1945-2000\">\u201eDie radikale Rechte in Deutschland 1945-2000\u201c<\/a> (Ein Kooperationsprojekt vom Leibniz-Zentrum f\u00fcr Zeithistorische Forschung Potsdam (ZZF Potsdam) und Moses Mendelssohn Zentrum Potsdam (MMZ), gef\u00f6rdert von der VolkswagenStiftung)<\/p>\n\n\n\n<p><strong>Organisation:<\/strong><br><a href=\"https:\/\/zzf-potsdam.de\/de\/mitarbeiter\/marie-muller-zetzsche\" target=\"_blank\" rel=\"noreferrer noopener\">Marie M\u00fcller-Zetzsche<\/a> (MMZ), Alexandra Preitschopf (Universit\u00e4t Klagenfurt), <a href=\"https:\/\/zzf-potsdam.de\/de\/mitarbeiter\/dominik-rigoll\" target=\"_blank\" rel=\"noreferrer noopener\">Dominik Rigoll<\/a> (ZZF Potsdam), <a href=\"https:\/\/zzf-potsdam.de\/de\/mitarbeiter\/irmgard-zundorf\" target=\"_blank\" rel=\"noreferrer noopener\">Irmgard Z\u00fcndorf<\/a> (ZZF Potsdam)<\/p>\n\n\n\n<p>Die Leugnung des Holocaust fordert Wissenschaft, Justiz und Erinnerungskultur gegenw\u00e4rtig auf neue Weise heraus, l\u00e4sst sich doch die Verbreitung negationistischer Inhalte im digitalen Zeitalter nur noch schwer durch Verbote kontrollieren. Der Negationismus selbsterkl\u00e4rter \u201eRevisionisten\u201d, die in Wirklichkeit wissenschaftliche Erkenntnisse leugnen und diese als \u2013 nicht selten \u201ej\u00fcdische\u201d \u2013 F\u00e4lschungen darstellen, ist inzwischen ein globalisiertes Problem. Wie kam es dazu? Wie gehen Justiz, Universit\u00e4ten und Medien mit der Herausforderung um? Wie kann man ihr in Gedenkst\u00e4tten und in anderen Bildungskontexten begegnen? Wie l\u00e4sst sich Antisemitismus, dem Infrage-Stellen des Holocaust und geschichtsverf\u00e4lschenden Diskursen mittels politischer Bildung vorbeugen?<br>Der hybride Workshop m\u00f6chte sich dieser Problematik sowohl aus wissenschaftlich-theoretischer Sicht als auch aus praxisbezogenen Blickwinkeln n\u00e4hern und auf diese Weise einen multiperspektivischen und interdisziplin\u00e4ren Dialog zwischen Wissenschaft, Justiz und politischer Bildung erm\u00f6glichen.<\/p>\n\n\n\n<p>Bitte beachten Sie, dass die Abendveranstaltung im Filmmuseum Potsdam am 3. Juli nichtonline stattfindet.<\/p>\n\n\n\n<p><strong>PROGRAMM<\/strong><\/p>\n\n\n\n<p><strong>Montag, 3. Juli 2023<\/strong><\/p>\n\n\n\n<p>14 Uhr<br>Begr\u00fc\u00dfung und Einf\u00fchrung: <strong>Frank B\u00f6sch<\/strong> (ZZF Potsdam)<\/p>\n\n\n\n<p>14.30-16.00 Uhr<br><strong>Panel 1: Negationismus und \u201eGeschichtsrevisionismus\u201d in der Zeitgeschichte<\/strong><\/p>\n\n\n\n<p><strong>Dominik Rigoll<\/strong> (ZZF Potsdam): Antisemitismus als Waffe. Die nationalistische Internationale und die Geburt des globalen Negationismus<\/p>\n\n\n\n<p><strong>Marie M\u00fcller-Zetzsche<\/strong> (MMZ Potsdam): Internationale publizistische Netzwerke von Holocaustleugnern<\/p>\n\n\n\n<p>Moderation: Christoph Schulze (MMZ Potsdam)<\/p>\n\n\n\n<p>16.30-18.00 Uhr<br><strong>Panel 2: Negationismus und \u201eGeschichtsrevisionismus\u201d in der Gegenwart<\/strong><\/p>\n\n\n\n<p><strong>Volker Wei\u00df<\/strong> (Hamburg): Finis Germania \u2013 Die Neue Rechte und die Vergangenheitsbew\u00e4ltigung<\/p>\n\n\n\n<p><strong>Laura Schwarz <\/strong>(Humboldt-Universit\u00e4t zu Berlin): Strafrechtliche Bek\u00e4mpfung von Antisemitismus. Etappen und Herausforderungen<\/p>\n\n\n\n<p>Moderation: Dominik Rigoll (ZZF Potsdam)<\/p>\n\n\n\n<p>Abendveranstaltung:<br>18.30 Uhr | Ort: Filmmuseum Potsdam, ohne Anmeldung, Eintritt frei<br><strong>B\u00f6se F\u00e4lschung: Was steht in den &#8220;Hitler-Tageb\u00fcchern\u201c? (NDR 2023)<\/strong><br>Film und Diskussion mit Magnus Brechtken (IfZ M\u00fcnchen) und Heike G\u00f6rtemaker (Kleinmachnow)<br>Moderation: Marie M\u00fcller-Zetzsche (MMZ Potsdam)<\/p>\n\n\n\n<p><strong>Dienstag, 4. Juli 2023<\/strong><\/p>\n\n\n\n<p>9-10.30 Uhr:<br><strong>Panel 3: Neue Herausforderungen durch neue Medien<\/strong><\/p>\n\n\n\n<p><strong>Alexandra Preitschopf<\/strong> (Universit\u00e4t Klagenfurt): \u201eShoahnanas\u201c, \u201eQuenelle\u201c und \u201econcurrence victimaire\u201c. Neue Formen von Holocaustrelativierung am Beispiel Frankreich<\/p>\n\n\n\n<p><strong>Steffen Jost<\/strong> (Alfred Landecker Foundation Berlin): Digitale Bildung zum Nationalsozialismus als Mittel gegen Antisemitismus, Geschichtsrevisionismus &amp; Co?<\/p>\n\n\n\n<p><strong>Elke Gryglewski<\/strong> (Stiftung nieders\u00e4chsische Gedenkst\u00e4tten): Soziale Medien als Herausforderung f\u00fcr die Gedenkst\u00e4tten<\/p>\n\n\n\n<p>Moderation: Irmgard Z\u00fcndorf (ZZF Potsdam)<\/p>\n\n\n\n<p>11.00-13.00 Uhr<br><strong>Panel 4: Holocaust Education in der Erwachsenenbildung<\/strong><\/p>\n\n\n\n<p><strong>Charlotte Husemann<\/strong> (Universit\u00e4t Potsdam): Postmigrantisch, postdigital, postfaktisch? \u2013 Historisches Lernen im Umgang mit geschichtsrevisionistischen Narrativen&nbsp;<\/p>\n\n\n\n<p><strong>Jacqueline Dyballa<\/strong> (DAAD\/Universit\u00e4t Sofia): Nationalsozialismus im DaF-Unterricht \u2013 immer noch (fast) ein Tabuthema?<\/p>\n\n\n\n<p><strong>Matthias Heyl <\/strong>(Gedenkst\u00e4tte Ravensbr\u00fcck): \u201eWas ist, wenn es das alles nicht gegeben hat?\u201c Wie umgehen mit rechtskonnotierten Interventionen in der Bildungsarbeit der Gedenkst\u00e4tte Ravensbr\u00fcck?<\/p>\n\n\n\n<p><strong>Julia Gilfert<\/strong> (Universit\u00e4t T\u00fcbingen): Wie mit rechter Einflussnahme umgehen? Chancen und Herausforderungen am Beispiel der Gedenkst\u00e4tte Sachsenhausen<\/p>\n\n\n\n<p>Moderation: Alexandra Preitschopf (Universit\u00e4t Klagenfurt)<\/p>\n\n\n\n<p><strong>Veranstaltungsort<\/strong><\/p>\n\n\n\n<p><strong>Workshop:<\/strong><br>Leibniz-Zentrum f\u00fcr Zeithistorische Forschung Potsdam<br>Am Neuen Markt 9d<br>14467 Potsdam<\/p>\n\n\n\n<p>und<\/p>\n\n\n\n<p>Online via Zoom<br><em>Der Teilnahme-Link wird nach erfolgter Anmeldung per E-Mail zugesandt.<\/em><\/p>\n\n\n\n<hr class=\"wp-block-separator\"\/>\n\n\n\n<p><a href=\"https:\/\/zzf-potsdam.de\/en\/veranstaltungen\/negationismus-geschichtsrevisionismus-als-herausforderung-fur-wissenschaft-justiz\">https:\/\/zzf-potsdam.de\/en\/veranstaltungen\/negationismus-geschichtsrevisionismus-als-herausforderung-fur-wissenschaft-justiz<\/a><\/p>\n\n\n\n<hr class=\"wp-block-separator\"\/>\n","protected":false},"excerpt":{"rendered":"","protected":false},"author":2,"featured_media":36366,"comment_status":"open","ping_status":"open","sticky":false,"template":"","format":"standard","meta":{"_acf_changed":false,"jetpack_post_was_ever_published":false,"_jetpack_newsletter_access":"","_jetpack_dont_email_post_to_subs":false,"_jetpack_newsletter_tier_id":0,"_jetpack_memberships_contains_paywalled_content":false,"_jetpack_memberships_contains_paid_content":false,"footnotes":"","jetpack_publicize_message":"","jetpack_publicize_feature_enabled":true,"jetpack_social_post_already_shared":true,"jetpack_social_options":{"image_generator_settings":{"template":"highway","default_image_id":0,"font":"","enabled":false},"version":2}},"categories":[3,9],"tags":[],"class_list":["post-36365","post","type-post","status-publish","format-standard","has-post-thumbnail","hentry","category-novosti","category-skupovi"],"acf":{"facebook_opis":""},"jetpack_publicize_connections":[],"jetpack_featured_media_url":"https:\/\/i0.wp.com\/historiografija.hr\/wp-content\/uploads\/2023\/07\/zzf_plakat_luge.jpg?fit=360%2C509&ssl=1","jetpack_sharing_enabled":true,"jetpack-related-posts":[{"id":52505,"url":"https:\/\/historiografija.hr\/?p=52505","url_meta":{"origin":36365,"position":0},"title":"Izlo\u017eba &#8220;Eschenstock \/ Jasenov prut&#8221;","author":"Branimir Jankovi\u0107","date":"17. travnja 2026.","format":false,"excerpt":"Srpsko narodno vije\u0107e (SNV) i Vizura aperta postavljaju izlo\u017ebu \u0161vicarskog slikara Velimira Ili\u0161evi\u0107a: Eschenstock \/ Jasenov prut. Izlo\u017eba se uz prisustvo autora otvara povodom 81. godi\u0161njice proboja logora\u0161a iz usta\u0161kog logora smrti Jasenovac 22. aprila 2026. u 19 sati u Srpskom kulturnom centru (SKC) u Preradovi\u0107evoj ulici 21 u Zagrebu.\u2026","rel":"","context":"U &quot;Izlo\u017ebe&quot;","block_context":{"text":"Izlo\u017ebe","link":"https:\/\/historiografija.hr\/?cat=10"},"img":{"alt_text":"","src":"https:\/\/i0.wp.com\/historiografija.hr\/wp-content\/uploads\/2026\/04\/Jasenov_prut.jpg?fit=1024%2C640&ssl=1&resize=350%2C200","width":350,"height":200,"srcset":"https:\/\/i0.wp.com\/historiografija.hr\/wp-content\/uploads\/2026\/04\/Jasenov_prut.jpg?fit=1024%2C640&ssl=1&resize=350%2C200 1x, https:\/\/i0.wp.com\/historiografija.hr\/wp-content\/uploads\/2026\/04\/Jasenov_prut.jpg?fit=1024%2C640&ssl=1&resize=525%2C300 1.5x, https:\/\/i0.wp.com\/historiografija.hr\/wp-content\/uploads\/2026\/04\/Jasenov_prut.jpg?fit=1024%2C640&ssl=1&resize=700%2C400 2x"},"classes":[]},{"id":52613,"url":"https:\/\/historiografija.hr\/?p=52613","url_meta":{"origin":36365,"position":1},"title":"No\u0107 knjige u Hrvatskom dr\u017eavnom arhivu","author":"Branimir Jankovi\u0107","date":"22. travnja 2026.","format":false,"excerpt":"Predstavljanje knjige Rajke Bu\u0107in \u201dLije\u010denje i zbrinjavanje \u017didova u Bolnici sestara milosrdnica u Zagrebu 1941. \u2013 1945.\u201d u \u010detvrtak, 23. travnja 2026. u 13 sati u Hrvatskom dr\u017eavnom arhivu u Zagrebu. Izvor: https:\/\/www.arhiv.hr\/hr-hr\/Kulturno-prosvjetne-aktivnosti\/ArticleId\/1986\/oamid\/1633","rel":"","context":"U &quot;Novosti&quot;","block_context":{"text":"Novosti","link":"https:\/\/historiografija.hr\/?cat=3"},"img":{"alt_text":"","src":"https:\/\/i0.wp.com\/historiografija.hr\/wp-content\/uploads\/2026\/04\/noc_knjige_2026.jpg?fit=680%2C276&ssl=1&resize=350%2C200","width":350,"height":200,"srcset":"https:\/\/i0.wp.com\/historiografija.hr\/wp-content\/uploads\/2026\/04\/noc_knjige_2026.jpg?fit=680%2C276&ssl=1&resize=350%2C200 1x, https:\/\/i0.wp.com\/historiografija.hr\/wp-content\/uploads\/2026\/04\/noc_knjige_2026.jpg?fit=680%2C276&ssl=1&resize=525%2C300 1.5x"},"classes":[]},{"id":52654,"url":"https:\/\/historiografija.hr\/?p=52654","url_meta":{"origin":36365,"position":2},"title":"Gostuju\u0107e predavanje &#8211; Danijel D\u017eino \u201eKasnoanti\u010dke i ranosrednjovjekovne gra\u0111evine u Brezi: Spomenici nepotpune biografije\u201c","author":"Branimir Jankovi\u0107","date":"24. travnja 2026.","format":false,"excerpt":"Doktorski studij predmoderne povijesti poziva na predavanje \"Kasnoanti\u010dke i ranosrednjovjekovne gra\u0111evine u Brezi: Spomenici nepotpune biografije\u201d koje \u0107e odr\u017eati profesor Danijel D\u017eino sa Sveu\u010dili\u0161ta Macquarie u Sydneyu u\u00a0utorak 28. travnja 2026. u 17h u Konferencijskoj dvorani Knji\u017enice Filozofskog fakulteta u Zagrebu. Predavanje \u0107e predo\u010diti nova saznanja dobivena kroz arhivsko-dokumentarna istra\u017eivanja\u2026","rel":"","context":"U &quot;Novosti&quot;","block_context":{"text":"Novosti","link":"https:\/\/historiografija.hr\/?cat=3"},"img":{"alt_text":"","src":"https:\/\/i0.wp.com\/historiografija.hr\/wp-content\/uploads\/2026\/04\/Dzino.jpg?fit=980%2C819&ssl=1&resize=350%2C200","width":350,"height":200,"srcset":"https:\/\/i0.wp.com\/historiografija.hr\/wp-content\/uploads\/2026\/04\/Dzino.jpg?fit=980%2C819&ssl=1&resize=350%2C200 1x, https:\/\/i0.wp.com\/historiografija.hr\/wp-content\/uploads\/2026\/04\/Dzino.jpg?fit=980%2C819&ssl=1&resize=525%2C300 1.5x, https:\/\/i0.wp.com\/historiografija.hr\/wp-content\/uploads\/2026\/04\/Dzino.jpg?fit=980%2C819&ssl=1&resize=700%2C400 2x"},"classes":[]},{"id":52651,"url":"https:\/\/historiografija.hr\/?p=52651","url_meta":{"origin":36365,"position":3},"title":"Promocija knjige Emira O. Filipovi\u0107a \u201cVite\u0161tvo u srednjovjekovnoj Bosni\u201d u Sarajevu","author":"Branimir Jankovi\u0107","date":"24. travnja 2026.","format":false,"excerpt":"Knji\u017eevni korner poziva na promociju knjige Emira O. Filipovi\u0107a \u201cVite\u0161tvo u srednjovjekovnoj Bosni\u201d koja \u0107e se odr\u017eati u srijedu, 29. aprila 2026. u 18 sati u Evropskoj ku\u0107i kulture i nacionalnih manjina (Austrijska ku\u0107a) u Sarajevu. Na promociji \u0107e govoriti Mirsad Sijari\u0107, Ema Mazrak i autor, a moderirat \u0107e Nikola\u2026","rel":"","context":"U &quot;Novosti&quot;","block_context":{"text":"Novosti","link":"https:\/\/historiografija.hr\/?cat=3"},"img":{"alt_text":"","src":"https:\/\/i0.wp.com\/historiografija.hr\/wp-content\/uploads\/2026\/04\/Vitestvo.jpg?fit=1080%2C565&ssl=1&resize=350%2C200","width":350,"height":200,"srcset":"https:\/\/i0.wp.com\/historiografija.hr\/wp-content\/uploads\/2026\/04\/Vitestvo.jpg?fit=1080%2C565&ssl=1&resize=350%2C200 1x, https:\/\/i0.wp.com\/historiografija.hr\/wp-content\/uploads\/2026\/04\/Vitestvo.jpg?fit=1080%2C565&ssl=1&resize=525%2C300 1.5x, https:\/\/i0.wp.com\/historiografija.hr\/wp-content\/uploads\/2026\/04\/Vitestvo.jpg?fit=1080%2C565&ssl=1&resize=700%2C400 2x, https:\/\/i0.wp.com\/historiografija.hr\/wp-content\/uploads\/2026\/04\/Vitestvo.jpg?fit=1080%2C565&ssl=1&resize=1050%2C600 3x"},"classes":[]},{"id":52569,"url":"https:\/\/historiografija.hr\/?p=52569","url_meta":{"origin":36365,"position":4},"title":"[Predavanje] Ne \u010dekaju\u0107i inspiraciju \u2013 anga\u017eovane intelektualne, kulturalne i umetni\u010dke prakse u me\u0111uratnom periodu: teorija i praksa kriti\u010dke levice u jugoslovenskoj kulturi (YugoLab)","author":"Branimir Jankovi\u0107","date":"21. travnja 2026.","format":false,"excerpt":"U vreme agresivnog ja\u010danja globalne desnice, (pro)fa\u0161isti\u010dkih, rasisti\u010dkih i imperijalisti\u010dkih politika, dok je istovremeno globalna levica izrazito slaba, a progresivni pokreti atomizirani i fragmentisani, va\u017eno je iz savremene perspektive vratiti se revolucionarnim i emancipatorskim zbivanjima u jugoslovenskom (ali i s njima u vezi internacionalnim de\u0161avanjima), kao i dru\u0161tvenoj ulozi kulturalnih\u2026","rel":"","context":"U &quot;Novosti&quot;","block_context":{"text":"Novosti","link":"https:\/\/historiografija.hr\/?cat=3"},"img":{"alt_text":"","src":"","width":0,"height":0},"classes":[]},{"id":52547,"url":"https:\/\/historiografija.hr\/?p=52547","url_meta":{"origin":36365,"position":5},"title":"ISHA Zagreb \u2013 Filmska ve\u010der: Povratak Martina Guerrea","author":"Branimir Jankovi\u0107","date":"20. travnja 2026.","format":false,"excerpt":"Klub studenata povijesti \u2013 ISHA Zagreb poziva Vas na filmsku ve\u010der na kojoj \u0107e se prikazivati \u201ePovratak Martina Guerrea\u201c, povijesna drama iz 1982. godine s radnjom smje\u0161tenom u 16. stolje\u0107u. Radnja je utemeljena na stvarnoj povijesnoj li\u010dnosti Martina Guerrea koji se nakon mnogo godina izbivanja vra\u0107a u svoje rodno mjesto\u2026","rel":"","context":"U &quot;Filmovi i serije&quot;","block_context":{"text":"Filmovi i serije","link":"https:\/\/historiografija.hr\/?cat=13"},"img":{"alt_text":"","src":"https:\/\/i0.wp.com\/historiografija.hr\/wp-content\/uploads\/2026\/04\/M-Guerre.png?fit=702%2C1006&ssl=1&resize=350%2C200","width":350,"height":200,"srcset":"https:\/\/i0.wp.com\/historiografija.hr\/wp-content\/uploads\/2026\/04\/M-Guerre.png?fit=702%2C1006&ssl=1&resize=350%2C200 1x, https:\/\/i0.wp.com\/historiografija.hr\/wp-content\/uploads\/2026\/04\/M-Guerre.png?fit=702%2C1006&ssl=1&resize=525%2C300 1.5x, https:\/\/i0.wp.com\/historiografija.hr\/wp-content\/uploads\/2026\/04\/M-Guerre.png?fit=702%2C1006&ssl=1&resize=700%2C400 2x"},"classes":[]}],"_links":{"self":[{"href":"https:\/\/historiografija.hr\/index.php?rest_route=\/wp\/v2\/posts\/36365","targetHints":{"allow":["GET"]}}],"collection":[{"href":"https:\/\/historiografija.hr\/index.php?rest_route=\/wp\/v2\/posts"}],"about":[{"href":"https:\/\/historiografija.hr\/index.php?rest_route=\/wp\/v2\/types\/post"}],"author":[{"embeddable":true,"href":"https:\/\/historiografija.hr\/index.php?rest_route=\/wp\/v2\/users\/2"}],"replies":[{"embeddable":true,"href":"https:\/\/historiografija.hr\/index.php?rest_route=%2Fwp%2Fv2%2Fcomments&post=36365"}],"version-history":[{"count":1,"href":"https:\/\/historiografija.hr\/index.php?rest_route=\/wp\/v2\/posts\/36365\/revisions"}],"predecessor-version":[{"id":36367,"href":"https:\/\/historiografija.hr\/index.php?rest_route=\/wp\/v2\/posts\/36365\/revisions\/36367"}],"wp:featuredmedia":[{"embeddable":true,"href":"https:\/\/historiografija.hr\/index.php?rest_route=\/wp\/v2\/media\/36366"}],"wp:attachment":[{"href":"https:\/\/historiografija.hr\/index.php?rest_route=%2Fwp%2Fv2%2Fmedia&parent=36365"}],"wp:term":[{"taxonomy":"category","embeddable":true,"href":"https:\/\/historiografija.hr\/index.php?rest_route=%2Fwp%2Fv2%2Fcategories&post=36365"},{"taxonomy":"post_tag","embeddable":true,"href":"https:\/\/historiografija.hr\/index.php?rest_route=%2Fwp%2Fv2%2Ftags&post=36365"}],"curies":[{"name":"wp","href":"https:\/\/api.w.org\/{rel}","templated":true}]}}