{"id":36347,"date":"2023-06-30T21:01:31","date_gmt":"2023-06-30T21:01:31","guid":{"rendered":"http:\/\/historiografija.hr\/?p=36347"},"modified":"2023-06-30T21:08:10","modified_gmt":"2023-06-30T21:08:10","slug":"magyarorszag-globalis-tortenete-1869-2022-a-global-history-of-hungary-1869-2022","status":"publish","type":"post","link":"https:\/\/historiografija.hr\/?p=36347","title":{"rendered":"\u201cMagyarorsz\u00e1g glob\u00e1lis t\u00f6rt\u00e9nete, 1869-2022\u201c (A Global History of Hungary, 1869-2022)"},"content":{"rendered":"\n<p>Objavljen je 2022. godine zbornik \u201cMagyarorsz\u00e1g glob\u00e1lis t\u00f6rt\u00e9nete, 1869-2022\u201c o globalnoj povijesti Ma\u0111arske 1869-2022. godine. S obzirom da smo na portalu prije nekoliko godina ve\u0107 obavje\u0161tavali o sli\u010dnim zbornicima o globalnoj povijesti Francuske (\u201eHistoire mondiale de la France\u201c) i Italije (&#8220;Storia mondiale dell\u2019Italia&#8221;), mo\u017eemo samo ponoviti na\u0161e tada\u0161nje rije\u010di tom prilikom da bi bilo vrijedno razmi\u0161ljati o sli\u010dnom izdanju globalne povijesti Hrvatske.<\/p>\n\n\n\n<hr class=\"wp-block-separator\"\/>\n\n\n\n<p><strong>Magyarorsz\u00e1g glob\u00e1lis t\u00f6rt\u00e9nete, 1869-2022<\/strong><\/p>\n\n\n\n<p><a href=\"https:\/\/corvinakiado.hu\/konyvek\/magyarorszag-globalis-tortenete\/139497379\">https:\/\/corvinakiado.hu\/konyvek\/magyarorszag-globalis-tortenete\/139497379<\/a><\/p>\n\n\n\n<figure class=\"wp-block-embed-wordpress wp-block-embed is-type-wp-embed is-provider-review-of-democracy\"><div class=\"wp-block-embed__wrapper\">\n<blockquote class=\"wp-embedded-content\" data-secret=\"1KsW4JAx9U\"><a href=\"https:\/\/revdem.ceu.edu\/2022\/06\/20\/a-global-history-of-hungary\/\">A Global History of Hungary: In Conversation with Ferenc Lacz\u00f3, B\u00e1lint Varga, and D\u00f3ra Vargha<\/a><\/blockquote><iframe loading=\"lazy\" class=\"wp-embedded-content\" sandbox=\"allow-scripts\" security=\"restricted\" style=\"position: absolute; clip: rect(1px, 1px, 1px, 1px);\" title=\"&#8220;A Global History of Hungary: In Conversation with Ferenc Lacz\u00f3, B\u00e1lint Varga, and D\u00f3ra Vargha&#8221; &#8212; Review of Democracy\" src=\"https:\/\/revdem.ceu.edu\/2022\/06\/20\/a-global-history-of-hungary\/embed\/#?secret=KXvzJHS0YF#?secret=1KsW4JAx9U\" data-secret=\"1KsW4JAx9U\" width=\"600\" height=\"338\" frameborder=\"0\" marginwidth=\"0\" marginheight=\"0\" scrolling=\"no\"><\/iframe>\n<\/div><\/figure>\n\n\n\n<p><a href=\"https:\/\/www.connections.clio-online.net\/publicationreview\/id\/reb-128688\">https:\/\/www.connections.clio-online.net\/publicationreview\/id\/reb-128688<\/a><\/p>\n\n\n\n<hr class=\"wp-block-separator\"\/>\n\n\n\n<p><strong>Prethodne obavijesti:<\/strong><\/p>\n\n\n\n<figure class=\"wp-block-embed-wordpress wp-block-embed is-type-wp-embed is-provider-historiografija-hr\"><div class=\"wp-block-embed__wrapper\">\n<blockquote class=\"wp-embedded-content\" data-secret=\"l2cp88TLGf\"><a href=\"https:\/\/historiografija.hr\/?p=16518\">France in the World: A New Global History. Edited by Patrick Boucheron<\/a><\/blockquote><iframe loading=\"lazy\" class=\"wp-embedded-content\" sandbox=\"allow-scripts\" security=\"restricted\" style=\"position: absolute; clip: rect(1px, 1px, 1px, 1px);\" title=\"&#8220;France in the World: A New Global History. Edited by Patrick Boucheron&#8221; &#8212; Historiografija.hr\" src=\"https:\/\/historiografija.hr\/?p=16518&#038;embed=true#?secret=l2cp88TLGf\" data-secret=\"l2cp88TLGf\" width=\"600\" height=\"338\" frameborder=\"0\" marginwidth=\"0\" marginheight=\"0\" scrolling=\"no\"><\/iframe>\n<\/div><\/figure>\n\n\n\n<hr class=\"wp-block-separator\"\/>\n","protected":false},"excerpt":{"rendered":"","protected":false},"author":2,"featured_media":36348,"comment_status":"open","ping_status":"open","sticky":false,"template":"","format":"standard","meta":{"_acf_changed":false,"jetpack_post_was_ever_published":false,"_jetpack_newsletter_access":"","_jetpack_dont_email_post_to_subs":false,"_jetpack_newsletter_tier_id":0,"_jetpack_memberships_contains_paywalled_content":false,"_jetpack_memberships_contains_paid_content":false,"footnotes":"","jetpack_publicize_message":"","jetpack_publicize_feature_enabled":true,"jetpack_social_post_already_shared":true,"jetpack_social_options":{"image_generator_settings":{"template":"highway","default_image_id":0,"font":"","enabled":false},"version":2}},"categories":[8,3],"tags":[],"class_list":["post-36347","post","type-post","status-publish","format-standard","has-post-thumbnail","hentry","category-knjige","category-novosti"],"acf":{"facebook_opis":""},"jetpack_publicize_connections":[],"jetpack_featured_media_url":"https:\/\/i0.wp.com\/historiografija.hr\/wp-content\/uploads\/2023\/06\/Globalna-pov.jpg?fit=591%2C856&ssl=1","jetpack_sharing_enabled":true,"jetpack-related-posts":[],"_links":{"self":[{"href":"https:\/\/historiografija.hr\/index.php?rest_route=\/wp\/v2\/posts\/36347","targetHints":{"allow":["GET"]}}],"collection":[{"href":"https:\/\/historiografija.hr\/index.php?rest_route=\/wp\/v2\/posts"}],"about":[{"href":"https:\/\/historiografija.hr\/index.php?rest_route=\/wp\/v2\/types\/post"}],"author":[{"embeddable":true,"href":"https:\/\/historiografija.hr\/index.php?rest_route=\/wp\/v2\/users\/2"}],"replies":[{"embeddable":true,"href":"https:\/\/historiografija.hr\/index.php?rest_route=%2Fwp%2Fv2%2Fcomments&post=36347"}],"version-history":[{"count":4,"href":"https:\/\/historiografija.hr\/index.php?rest_route=\/wp\/v2\/posts\/36347\/revisions"}],"predecessor-version":[{"id":36353,"href":"https:\/\/historiografija.hr\/index.php?rest_route=\/wp\/v2\/posts\/36347\/revisions\/36353"}],"wp:featuredmedia":[{"embeddable":true,"href":"https:\/\/historiografija.hr\/index.php?rest_route=\/wp\/v2\/media\/36348"}],"wp:attachment":[{"href":"https:\/\/historiografija.hr\/index.php?rest_route=%2Fwp%2Fv2%2Fmedia&parent=36347"}],"wp:term":[{"taxonomy":"category","embeddable":true,"href":"https:\/\/historiografija.hr\/index.php?rest_route=%2Fwp%2Fv2%2Fcategories&post=36347"},{"taxonomy":"post_tag","embeddable":true,"href":"https:\/\/historiografija.hr\/index.php?rest_route=%2Fwp%2Fv2%2Ftags&post=36347"}],"curies":[{"name":"wp","href":"https:\/\/api.w.org\/{rel}","templated":true}]}}