{"id":36343,"date":"2023-06-29T21:35:22","date_gmt":"2023-06-29T21:35:22","guid":{"rendered":"http:\/\/historiografija.hr\/?p=36343"},"modified":"2023-07-11T21:36:18","modified_gmt":"2023-07-11T21:36:18","slug":"ljetna-skola-practicing-resilience-preparing-for-recovery-u-sibeniku","status":"publish","type":"post","link":"https:\/\/historiografija.hr\/?p=36343","title":{"rendered":"Ljetna \u0161kola \u201ePracticing Resilience. Preparing for Recovery\u201c u \u0160ibeniku"},"content":{"rendered":"\n<p>Hrvatsko katoli\u010dko sveu\u010dili\u0161te u suradnji s Nanovic Institutom Sveu\u010dili\u0161ta Notre Dame iz Sjedinjenih Ameri\u010dkih Dr\u017eava, Ukrajinskim katoli\u010dkim sveu\u010dili\u0161tem i Partnerstvom katoli\u010dkih sveu\u010dili\u0161ta (<a href=\"https:\/\/nanovic.nd.edu\/about\/catholic-universities-partnership\/\">Catholic Universities Partnership<\/a>) organizira drugu Ljetnu \u0161kolu <a><em>Practicing Resilience. Preparing for Recovery<\/em><\/a><em> (<\/em>hr. <em>Vje\u017ebanje otpornosti. Priprema za oporavak<\/em>). Ljetna \u0161kola \u0107e se odr\u017eati u \u0160ibeniku od 30. lipnja do 9. srpnja 2023. u sklopu Katoli\u010dke osnovne \u0161kole u \u0160ibeniku (Ul. Velimira \u0160korpika 8, 22000, \u0160ibenik).<\/p>\n\n\n\n<p>Slu\u017ebeno otvorenje ljetne \u0161kole <em>Practicing Resilience \u2013 Preparing for Recovery<\/em> odr\u017eat \u0107e se u petak 30. lipnja 2023. na tvr\u0111avi Barone s po\u010detkom u 19 sati. Otvorenju \u0107e prisustvovati rektor Hrvatskog katoli\u010dkog sveu\u010dili\u0161ta \u017deljko Tanji\u0107, \u0161ibenski biskup mons. Tomislav Rogi\u0107, mons. Ante Ivas (\u0161ibenski biskup u miru), vladika Kri\u017eeva\u010dke eparhije Milan Stipi\u0107, dr. sc. Nataliyi Yakymets s Ukrajinskog katoli\u010dkog sveu\u010dili\u0161ta, dr. sc. Marko Jeli\u0107, \u017eupan \u0160ibensko-kninske \u017eupanije, gradona\u010delnik grada \u0160ibenika \u017deljko Buri\u0107, studenti i organizatori ljetne \u0161kole. U ime Sveu\u010dili\u0161ta Notre Dame i Nanovic Instituta obratit \u0107e se direktor prof. dr. sc. Clemens Sedmak. Na otvorenju rektor Hrvatskog katoli\u010dkog sveu\u010dili\u0161ta prof. dr. sc. \u017deljko Tanji\u0107 predat \u0107e dr. sc. Yakymets dje\u010dje crte\u017ee \u201eDjeca Hrvatske za Ukrajinsko katoli\u010dko sveu\u010dili\u0161te\u201c koje su crtala djeca na \u0161tandovima Hrvatskog katoli\u010dkog sveu\u010dili\u0161ta tijekom Tjedna znanosti MUZZA 2023.<\/p>\n\n\n\n<p>Cilj Ljetne \u0161kole je povezati studente Hrvatskog katoli\u010dkog sveu\u010dili\u0161ta sa studentima Ukrajinskog katoli\u010dkog sveu\u010dili\u0161ta, Katoli\u010dkog sveu\u010dili\u0161ta u Ru\u017eomberoku u Slova\u010dkoj, Katoli\u010dkog sveu\u010dili\u0161ta Sulkhan-Saba Orbeliani u Gruziji, Katoli\u010dkog sveu\u010dili\u0161ta \u201eP\u00e1zm\u00e1ny P\u00e9ter\u201c u Ma\u0111arskoj, Nanovic Instituta Sveu\u010dili\u0161ta Notre Dame iz Sjedinjenih Ameri\u010dkih Dr\u017eava<\/p>\n\n\n\n<p>Kao i pro\u0161le godine, organizatori \u017eele pru\u017eiti podr\u0161ku studentima s Ukrajinskog katoli\u010dkog sveu\u010dili\u0161ta te pomo\u0107u holisti\u010dkog pristupa \u0161kole kroz duhovne, dru\u0161tvene, kulturne i sportske aktivnosti razgovarati o otpornosti te poslijeratnom oporavku iz specifi\u010dne perspektive.<\/p>\n\n\n\n<p>Ove \u0107e godine u Ljetnoj \u0161koli sudjelovati 39 studenata i \u0161estero predava\u010da. Sudionici dolaze sa \u0161est razli\u010ditih sveu\u010dili\u0161ta: 20 studenata s Ukrajinskog katoli\u010dkog sveu\u010dili\u0161ta, pet studenata sa Sveu\u010dili\u0161ta Notre Dame, jedan student s Katoli\u010dkog sveu\u010dili\u0161tea \u201eP\u00e1zm\u00e1ny P\u00e9ter\u201c, dva studenta sa Sveu\u010dili\u0161ta Sulkhan-Saba Orbeliani, pet studenata s Katoli\u010dkog sveu\u010dili\u0161ta u Ru\u017eomberoku i sedam studenata s Hrvatskog katoli\u010dkog sveu\u010dili\u0161ta.<\/p>\n\n\n\n<p>Predava\u010di na Ljetnoj \u0161koli su izv. prof. dr. sc. Oleh Kindiy s Ukrajinskog katoli\u010dkog sveu\u010dili\u0161ta, prof. dr. sc. Clemens Sedmak sa Sveu\u010dili\u0161ta Notre Dame, dr. sc. Lana Batini\u0107 s Hrvatskog katoli\u010dkog sveu\u010dili\u0161ta, prof. dr. sc. Jasna \u0106urkovi\u0107 Nimac, doc. dr. sc. Francesca Giordano s Katoli\u010dkog sveu\u010dili\u0161ta Presvetog Srca &nbsp;u Milanu i izv. prof. dr. sc. Marian Kuna s Katoli\u010dkog sveu\u010dili\u0161ta u Ru\u017eomberoku u Slova\u010dkoj.<\/p>\n\n\n\n<p>Neka od pitanja na koja \u0107e ovogodi\u0161nji program poku\u0161ati odgovoriti uklju\u010dit \u0107e: Postoje li univerzalni pristupi povratku javnog \u017eivota u stanje mira? Koje su karakteristike tranzicijskog razdoblja i kako posti\u0107i odr\u017eivost dru\u0161tvenog razvoja u poslijeratnom razdoblju? \u010cemu te\u017eiti: oporavku ili transformaciji? \u0160to se mo\u017ee nau\u010diti iz uspje\u0161nih i neuspje\u0161nih primjera poslijeratne obnove u razli\u010ditim zemljama?<\/p>\n\n\n\n<p>U kontekstu poslijeratnog oporavka bit \u0107e prikazani i primjeri poslijeratnog oporavka u susjednim zemljama, uklju\u010duju\u0107i povijest Hrvatske i Bosne i Hercegovine, aspekte odgovora na traumu te \u0107e se prikazati i mogu\u0107e putove za nove po\u010detke u dru\u0161tvenom i politi\u010dkom kontekstu.<\/p>\n\n\n\n<p>Osim znanstvenog sadr\u017eaja ova Ljetna \u0161kola pobrinut \u0107e se i za duhovnu skrb svojih sudionika. Naime, cijelo vrijeme odr\u017eavanja Ljetne \u0161kole sa sudionicima boravit \u0107e sveu\u010dili\u0161ni kapelan Hrvatskog katoli\u010dkog sveu\u010dili\u0161ta vl\u010d. Branimir Jagodi\u0107 te \u0107e svim sudionicima biti dostupna svakodnevna duhovna potpora i sudjelovanje u misnom slavlju.<\/p>\n\n\n\n<hr class=\"wp-block-separator\"\/>\n\n\n\n<p>Izvor i dodatne obavijesti:<\/p>\n\n\n\n<figure class=\"wp-block-embed-wordpress wp-block-embed is-type-wp-embed is-provider-hrvatsko-katolicko-sveuciliste\"><div class=\"wp-block-embed__wrapper\">\n<blockquote class=\"wp-embedded-content\" data-secret=\"zc8UAmWPX3\"><a href=\"https:\/\/www.unicath.hr\/hks-najave\/ljetna-skola-practicing-resilience-preparing-for-recovery-sibenik-2023\">Ljetna \u0161kola \u201ePracticing Resilience \u2013 Preparing for Recovery\u201c &#8211; \u0160ibenik, 2023.<\/a><\/blockquote><iframe loading=\"lazy\" class=\"wp-embedded-content\" sandbox=\"allow-scripts\" security=\"restricted\" style=\"position: absolute; clip: rect(1px, 1px, 1px, 1px);\" title=\"&#8220;Ljetna \u0161kola \u201ePracticing Resilience \u2013 Preparing for Recovery\u201c &#8211; \u0160ibenik, 2023.&#8221; &#8212; Hrvatsko katoli\u010dko sveu\u010dili\u0161te\" src=\"https:\/\/www.unicath.hr\/hks-najave\/ljetna-skola-practicing-resilience-preparing-for-recovery-sibenik-2023\/embed#?secret=29jYkuTQyb#?secret=zc8UAmWPX3\" data-secret=\"zc8UAmWPX3\" width=\"600\" height=\"338\" frameborder=\"0\" marginwidth=\"0\" marginheight=\"0\" scrolling=\"no\"><\/iframe>\n<\/div><\/figure>\n\n\n\n<p><a href=\"https:\/\/www.unicath.hr\/summer-school-cup\">https:\/\/www.unicath.hr\/summer-school-cup<\/a><\/p>\n\n\n\n<hr class=\"wp-block-separator\"\/>\n\n\n\n<figure class=\"wp-block-embed-wordpress wp-block-embed is-type-wp-embed is-provider-hrvatsko-katolicko-sveuciliste\"><div class=\"wp-block-embed__wrapper\">\n<blockquote class=\"wp-embedded-content\" data-secret=\"XYFYrjRVp8\"><a href=\"https:\/\/www.unicath.hr\/studenti-sa-sest-katolickih-sveucilista-sudjelovali-na-medunarodnoj-ljetnoj-skoli-practicing-resilience-preparing-for-recovery-u-sibeniku\">Studenti sa \u0161est katoli\u010dkih sveu\u010dili\u0161ta sudjelovali na me\u0111unarodnoj ljetnoj \u0161koli \u201ePracticing Resilience \u2013 Preparing for Recovery\u201c u \u0160ibeniku<\/a><\/blockquote><iframe loading=\"lazy\" class=\"wp-embedded-content\" sandbox=\"allow-scripts\" security=\"restricted\" style=\"position: absolute; clip: rect(1px, 1px, 1px, 1px);\" title=\"&#8220;Studenti sa \u0161est katoli\u010dkih sveu\u010dili\u0161ta sudjelovali na me\u0111unarodnoj ljetnoj \u0161koli \u201ePracticing Resilience \u2013 Preparing for Recovery\u201c u \u0160ibeniku&#8221; &#8212; Hrvatsko katoli\u010dko sveu\u010dili\u0161te\" src=\"https:\/\/www.unicath.hr\/studenti-sa-sest-katolickih-sveucilista-sudjelovali-na-medunarodnoj-ljetnoj-skoli-practicing-resilience-preparing-for-recovery-u-sibeniku\/embed#?secret=wOqXejkZ3b#?secret=XYFYrjRVp8\" data-secret=\"XYFYrjRVp8\" width=\"600\" height=\"338\" frameborder=\"0\" marginwidth=\"0\" marginheight=\"0\" scrolling=\"no\"><\/iframe>\n<\/div><\/figure>\n\n\n\n<hr class=\"wp-block-separator\"\/>\n","protected":false},"excerpt":{"rendered":"","protected":false},"author":2,"featured_media":36344,"comment_status":"open","ping_status":"open","sticky":false,"template":"","format":"standard","meta":{"_acf_changed":false,"jetpack_post_was_ever_published":false,"_jetpack_newsletter_access":"","_jetpack_dont_email_post_to_subs":false,"_jetpack_newsletter_tier_id":0,"_jetpack_memberships_contains_paywalled_content":false,"_jetpack_memberships_contains_paid_content":false,"footnotes":"","jetpack_publicize_message":"","jetpack_publicize_feature_enabled":true,"jetpack_social_post_already_shared":true,"jetpack_social_options":{"image_generator_settings":{"template":"highway","default_image_id":0,"font":"","enabled":false},"version":2}},"categories":[3,9],"tags":[],"class_list":["post-36343","post","type-post","status-publish","format-standard","has-post-thumbnail","hentry","category-novosti","category-skupovi"],"acf":{"facebook_opis":""},"jetpack_publicize_connections":[],"jetpack_featured_media_url":"https:\/\/i0.wp.com\/historiografija.hr\/wp-content\/uploads\/2023\/06\/Summer-school.png?fit=1195%2C140&ssl=1","jetpack_sharing_enabled":true,"jetpack-related-posts":[],"_links":{"self":[{"href":"https:\/\/historiografija.hr\/index.php?rest_route=\/wp\/v2\/posts\/36343","targetHints":{"allow":["GET"]}}],"collection":[{"href":"https:\/\/historiografija.hr\/index.php?rest_route=\/wp\/v2\/posts"}],"about":[{"href":"https:\/\/historiografija.hr\/index.php?rest_route=\/wp\/v2\/types\/post"}],"author":[{"embeddable":true,"href":"https:\/\/historiografija.hr\/index.php?rest_route=\/wp\/v2\/users\/2"}],"replies":[{"embeddable":true,"href":"https:\/\/historiografija.hr\/index.php?rest_route=%2Fwp%2Fv2%2Fcomments&post=36343"}],"version-history":[{"count":4,"href":"https:\/\/historiografija.hr\/index.php?rest_route=\/wp\/v2\/posts\/36343\/revisions"}],"predecessor-version":[{"id":36465,"href":"https:\/\/historiografija.hr\/index.php?rest_route=\/wp\/v2\/posts\/36343\/revisions\/36465"}],"wp:featuredmedia":[{"embeddable":true,"href":"https:\/\/historiografija.hr\/index.php?rest_route=\/wp\/v2\/media\/36344"}],"wp:attachment":[{"href":"https:\/\/historiografija.hr\/index.php?rest_route=%2Fwp%2Fv2%2Fmedia&parent=36343"}],"wp:term":[{"taxonomy":"category","embeddable":true,"href":"https:\/\/historiografija.hr\/index.php?rest_route=%2Fwp%2Fv2%2Fcategories&post=36343"},{"taxonomy":"post_tag","embeddable":true,"href":"https:\/\/historiografija.hr\/index.php?rest_route=%2Fwp%2Fv2%2Ftags&post=36343"}],"curies":[{"name":"wp","href":"https:\/\/api.w.org\/{rel}","templated":true}]}}