{"id":36340,"date":"2023-06-29T21:22:01","date_gmt":"2023-06-29T21:22:01","guid":{"rendered":"http:\/\/historiografija.hr\/?p=36340"},"modified":"2023-06-29T21:22:01","modified_gmt":"2023-06-29T21:22:01","slug":"pop-up-izlozba-kajzerica-skica-povijesti-za-buducnost","status":"publish","type":"post","link":"https:\/\/historiografija.hr\/?p=36340","title":{"rendered":"Pop-up izlo\u017eba \u201eKajzerica \u2013 skica povijesti za budu\u0107nost\u201c"},"content":{"rendered":"\n<p>Pridru\u017eite nam se ovoga petka, 30.06.2023. u 18 sati u Budu\u0107em parku Kajzerica u Zagrebu na zavr\u0161nom doga\u0111anju projekta, otvorenju pop-up izlo\u017ebe \u201eKajzerica \u2013 skica povijesti za budu\u0107nost\u201c<\/p>\n\n\n\n<p>Mo\u017eda ste ve\u0107 primijetili veseo i \u0161arolik mural, koji su u\u010denici O\u0160 Kajzerica s Leonardom Lesi\u0107em oslikali u pothodniku Remetine\u010dkog rotora. Dio je to na\u0161eg polugodi\u0161njeg bavljenja kvartom Kajzerica tijekom kojeg smo istra\u017eivali arhitektonsku i urbanisti\u010dku povijest, ali i sada\u0161njost kvarta, te s njezinim stanovnicima promi\u0161ljali \u017eelje i vizije za budu\u0107nost.<br><br><br>Na\u0161 istra\u017eiva\u010dki tim koji \u010dine arhitekti <strong>Antun Sev\u0161ek<\/strong> i <strong>Mauro Sirotnjak<\/strong>, povjesni\u010darka umjetnosti <strong>Irena \u0160imi\u0107<\/strong> i sociologinja <strong>Antonija Komazli\u0107<\/strong> objedinili su svoje istra\u017eivanje kao i rezultate radionice u obliku izlo\u017ebe koju \u0107emo predstaviti u budu\u0107em parku Kajzerica.<br><br>&nbsp;<\/p>\n\n\n\n<p>Glazbeni program: <strong>Irma uz pratnju Jana Jakovljeva na gitari<\/strong><br>&nbsp;<\/p>\n\n\n\n<p><br>Vi\u0161e o projektu na <a href=\"https:\/\/www.goethe.de\/ins\/hr\/hr\/kul\/sup\/kaj.html\">linku<\/a>.<br><br><br><em>Doga\u0111anje je dio projekta \u201eKajzerica \u2013 skica povijesti za budu\u0107nost\u201c koji zajedni\u010dki provode Goethe-Institut Kroatien, Francuski institut u Hrvatskoj u suradnji s kustoskim kolektivom BLOK, a financijski podupire Njema\u010dko-francuski kulturni fond.<\/em><br><\/p>\n\n\n\n<hr class=\"wp-block-separator\"\/>\n\n\n\n<p>Izvor:<\/p>\n\n\n\n<p><a href=\"https:\/\/www.goethe.de\/ins\/hr\/hr\/ver.cfm?event_id=24860029\">https:\/\/www.goethe.de\/ins\/hr\/hr\/ver.cfm?event_id=24860029<\/a><\/p>\n\n\n\n<hr class=\"wp-block-separator\"\/>\n","protected":false},"excerpt":{"rendered":"","protected":false},"author":2,"featured_media":36341,"comment_status":"open","ping_status":"open","sticky":false,"template":"","format":"standard","meta":{"_acf_changed":false,"jetpack_post_was_ever_published":false,"_jetpack_newsletter_access":"","_jetpack_dont_email_post_to_subs":false,"_jetpack_newsletter_tier_id":0,"_jetpack_memberships_contains_paywalled_content":false,"_jetpack_memberships_contains_paid_content":false,"footnotes":"","jetpack_publicize_message":"","jetpack_publicize_feature_enabled":true,"jetpack_social_post_already_shared":true,"jetpack_social_options":{"image_generator_settings":{"template":"highway","default_image_id":0,"font":"","enabled":false},"version":2}},"categories":[10,3],"tags":[],"class_list":["post-36340","post","type-post","status-publish","format-standard","has-post-thumbnail","hentry","category-izlozbe","category-novosti"],"acf":{"facebook_opis":""},"jetpack_publicize_connections":[],"jetpack_featured_media_url":"https:\/\/i0.wp.com\/historiografija.hr\/wp-content\/uploads\/2023\/06\/kajzerica.jpg?fit=1022%2C535&ssl=1","jetpack_sharing_enabled":true,"jetpack-related-posts":[],"_links":{"self":[{"href":"https:\/\/historiografija.hr\/index.php?rest_route=\/wp\/v2\/posts\/36340","targetHints":{"allow":["GET"]}}],"collection":[{"href":"https:\/\/historiografija.hr\/index.php?rest_route=\/wp\/v2\/posts"}],"about":[{"href":"https:\/\/historiografija.hr\/index.php?rest_route=\/wp\/v2\/types\/post"}],"author":[{"embeddable":true,"href":"https:\/\/historiografija.hr\/index.php?rest_route=\/wp\/v2\/users\/2"}],"replies":[{"embeddable":true,"href":"https:\/\/historiografija.hr\/index.php?rest_route=%2Fwp%2Fv2%2Fcomments&post=36340"}],"version-history":[{"count":1,"href":"https:\/\/historiografija.hr\/index.php?rest_route=\/wp\/v2\/posts\/36340\/revisions"}],"predecessor-version":[{"id":36342,"href":"https:\/\/historiografija.hr\/index.php?rest_route=\/wp\/v2\/posts\/36340\/revisions\/36342"}],"wp:featuredmedia":[{"embeddable":true,"href":"https:\/\/historiografija.hr\/index.php?rest_route=\/wp\/v2\/media\/36341"}],"wp:attachment":[{"href":"https:\/\/historiografija.hr\/index.php?rest_route=%2Fwp%2Fv2%2Fmedia&parent=36340"}],"wp:term":[{"taxonomy":"category","embeddable":true,"href":"https:\/\/historiografija.hr\/index.php?rest_route=%2Fwp%2Fv2%2Fcategories&post=36340"},{"taxonomy":"post_tag","embeddable":true,"href":"https:\/\/historiografija.hr\/index.php?rest_route=%2Fwp%2Fv2%2Ftags&post=36340"}],"curies":[{"name":"wp","href":"https:\/\/api.w.org\/{rel}","templated":true}]}}