{"id":36331,"date":"2023-06-29T20:32:01","date_gmt":"2023-06-29T20:32:01","guid":{"rendered":"http:\/\/historiografija.hr\/?p=36331"},"modified":"2023-06-29T20:35:43","modified_gmt":"2023-06-29T20:35:43","slug":"izlozba-slobodne-dalmacije-80-godina-u-objektivu","status":"publish","type":"post","link":"https:\/\/historiografija.hr\/?p=36331","title":{"rendered":"Izlo\u017eba Slobodne Dalmacije: 80 godina u objektivu"},"content":{"rendered":"\n<p>U Zavodu za znanstveni i umjetni\u010dki rad Hrvatske akademije znanosti i umjetnosti u Splitu otvorena je od 17. lipnja do 1. srpnja 2023. izlo\u017eba fotografija <em>80 godina u objektivu.&nbsp;<\/em><\/p>\n\n\n\n<p>Povodom osamdesetog ro\u0111endana Slobodne Dalmacije, ova novinska ku\u0107a, priredila je izlo\u017ebu fotografija kojom nas vodi u vrijeme od samih po\u010detaka do danas, podsje\u0107aju\u0107i na korijene koje su u prvom uredni\u0161tvu utemeljili knji\u017eevnici, slikari, arhitekti i drugi, i time pokazali kulturne, obrazovne, umjetni\u010dke i kreativne ambicije. Time je&nbsp;<em>Slobodna Dalmacija&nbsp;<\/em>ostala ne samo informativni medij, ve\u0107 i kulturni orijentir za cijelu Dalmaciju. Fotoreporteri koji su tijekom godina obilje\u017eili razne trenutke na\u0161ih \u017eivota, danas su istinski svjedoci na\u0161e povijesti. Iz nevjerojatnog fotografskog opusa, Slobodna Dalmacija, kroz ovu izlo\u017ebu i objektiv na\u0161ih fotoreportera podsje\u0107a nas na djeli\u0107 na\u0161e povijesti.<\/p>\n\n\n\n<p><em>\u201cOsamdeset godina Slobodne Dalmacije u puno slika i malo rije\u010di kako donosi ova izlo\u017eba, obrnut je proces od dnevnih novina kakve su desetlje\u0107ima zami\u0161ljane i nastajale kod nas i u svijetu. Ta se klackalica odavno prevrnula i danas je sasvim druk\u010dije: vi\u0161e volimo gledati nego \u010ditati. Na sre\u0107u fotografija, koje u doba vizualnih generacija suvereno vladaju svijetom informacija. Izbor iz golemog arhiva Slobodne Dalmacije ispravlja nepravdu koja je fotoreporterima i njihovoj analognoj djeci i digitalnom pomlatku nano\u0161ena dugo vremena: tehni\u010dke mogu\u0107nosti tiska ograni\u010davale su veli\u010dinu i kvalitetu fotografija. Bile su, stariji \u0107e se sjetiti, najprije nakupina to\u010dkica svih nijansi crne i sive, a kako je vrijeme odmicalo i \u0161tampadurska struka napredovala, po\u010dele su dobivati najprije probavljiv, pa ukusan, i naposljetku majstorski status\u2026.\u201d&nbsp; Damir \u0160arac, Slobodna Dalmacija<\/em><\/p>\n\n\n\n<hr class=\"wp-block-separator\"\/>\n\n\n\n<p>Izvor:<\/p>\n\n\n\n<figure class=\"wp-block-embed-wordpress wp-block-embed is-type-wp-embed is-provider-hazu\"><div class=\"wp-block-embed__wrapper\">\nhttps:\/\/www.info.hazu.hr\/events\/izlozba-slobodne-dalmacije-80-godina-u-objektivu\/\n<\/div><\/figure>\n\n\n\n<hr class=\"wp-block-separator\"\/>\n","protected":false},"excerpt":{"rendered":"","protected":false},"author":2,"featured_media":36332,"comment_status":"open","ping_status":"open","sticky":false,"template":"","format":"standard","meta":{"_acf_changed":false,"jetpack_post_was_ever_published":false,"_jetpack_newsletter_access":"","_jetpack_dont_email_post_to_subs":false,"_jetpack_newsletter_tier_id":0,"_jetpack_memberships_contains_paywalled_content":false,"_jetpack_memberships_contains_paid_content":false,"footnotes":"","jetpack_publicize_message":"","jetpack_publicize_feature_enabled":true,"jetpack_social_post_already_shared":true,"jetpack_social_options":{"image_generator_settings":{"template":"highway","default_image_id":0,"font":"","enabled":false},"version":2}},"categories":[10,3],"tags":[],"class_list":["post-36331","post","type-post","status-publish","format-standard","has-post-thumbnail","hentry","category-izlozbe","category-novosti"],"acf":{"facebook_opis":""},"jetpack_publicize_connections":[],"jetpack_featured_media_url":"https:\/\/i0.wp.com\/historiografija.hr\/wp-content\/uploads\/2023\/06\/Slobodna-Dalmacija.jpg?fit=350%2C314&ssl=1","jetpack_sharing_enabled":true,"jetpack-related-posts":[],"_links":{"self":[{"href":"https:\/\/historiografija.hr\/index.php?rest_route=\/wp\/v2\/posts\/36331","targetHints":{"allow":["GET"]}}],"collection":[{"href":"https:\/\/historiografija.hr\/index.php?rest_route=\/wp\/v2\/posts"}],"about":[{"href":"https:\/\/historiografija.hr\/index.php?rest_route=\/wp\/v2\/types\/post"}],"author":[{"embeddable":true,"href":"https:\/\/historiografija.hr\/index.php?rest_route=\/wp\/v2\/users\/2"}],"replies":[{"embeddable":true,"href":"https:\/\/historiografija.hr\/index.php?rest_route=%2Fwp%2Fv2%2Fcomments&post=36331"}],"version-history":[{"count":3,"href":"https:\/\/historiografija.hr\/index.php?rest_route=\/wp\/v2\/posts\/36331\/revisions"}],"predecessor-version":[{"id":36335,"href":"https:\/\/historiografija.hr\/index.php?rest_route=\/wp\/v2\/posts\/36331\/revisions\/36335"}],"wp:featuredmedia":[{"embeddable":true,"href":"https:\/\/historiografija.hr\/index.php?rest_route=\/wp\/v2\/media\/36332"}],"wp:attachment":[{"href":"https:\/\/historiografija.hr\/index.php?rest_route=%2Fwp%2Fv2%2Fmedia&parent=36331"}],"wp:term":[{"taxonomy":"category","embeddable":true,"href":"https:\/\/historiografija.hr\/index.php?rest_route=%2Fwp%2Fv2%2Fcategories&post=36331"},{"taxonomy":"post_tag","embeddable":true,"href":"https:\/\/historiografija.hr\/index.php?rest_route=%2Fwp%2Fv2%2Ftags&post=36331"}],"curies":[{"name":"wp","href":"https:\/\/api.w.org\/{rel}","templated":true}]}}