{"id":36323,"date":"2023-06-28T21:38:31","date_gmt":"2023-06-28T21:38:31","guid":{"rendered":"http:\/\/historiografija.hr\/?p=36323"},"modified":"2023-06-29T20:24:29","modified_gmt":"2023-06-29T20:24:29","slug":"tragovi-casopis-za-srpske-i-hrvatske-teme-br-1-2023","status":"publish","type":"post","link":"https:\/\/historiografija.hr\/?p=36323","title":{"rendered":"\u201cTragovi: \u010dasopis za srpske i hrvatske teme\u201d (br. 1-2023)"},"content":{"rendered":"\n<p>Novi broj \u201cTragova: \u010dasopisa za srpske i hrvatske teme\u201d (god. 6, br. 1, 2023) dostupan je na portalu hrvatskih znanstvenih i stru\u010dnih \u010dasopisa Hr\u010dak. Vi\u0161e u prilogu.<\/p>\n\n\n\n<hr class=\"wp-block-separator\"\/>\n\n\n\n<p><a href=\"https:\/\/hrcak.srce.hr\/broj\/23425\">https:\/\/hrcak.srce.hr\/broj\/23425<\/a><\/p>\n\n\n\n<hr class=\"wp-block-separator\"\/>\n\n\n\n<p>SADR\u017dAJ<\/p>\n\n\n\n<hr class=\"wp-block-separator\"\/>\n\n\n\n<p><strong>\u010clanci<\/strong><\/p>\n\n\n\n<hr class=\"wp-block-separator\"\/>\n\n\n\n<p>Du\u0161an Marinkovi\u0107<\/p>\n\n\n\n<p>Nala\u017eenja Stanka Kora\u0107a &#8211; jedna paradigmati\u010dna pri\u010da ili otpor institucionalnoj asimilaciji<\/p>\n\n\n\n<hr class=\"wp-block-separator\"\/>\n\n\n\n<p>Milo\u0161 Hrnjaz<\/p>\n\n\n\n<p>Lavirint pravne kvalifikacije oru\u017eanih sukoba u Hrvatskoj 1990. &#8211; 1995.<\/p>\n\n\n\n<hr class=\"wp-block-separator\"\/>\n\n\n\n<p>Vinko Korotaj Dra\u010da<\/p>\n\n\n\n<p>Diplomacija Sjedinjenih Ameri\u010dkih Dr\u017eava i Srbi u Hrvatskoj (1989. &#8211; 1995.)<\/p>\n\n\n\n<hr class=\"wp-block-separator\"\/>\n\n\n\n<p>Milan Radanovi\u0107<\/p>\n\n\n\n<p>Interniranje srpskog stanovni\u0161tva s podru\u010dja kotara Petrinja u logore Jasenovac i Stara Gradi\u0161ka svibnja 1942.<\/p>\n\n\n\n<hr class=\"wp-block-separator\"\/>\n\n\n\n<p><strong>Osvrt<\/strong><\/p>\n\n\n\n<hr class=\"wp-block-separator\"\/>\n\n\n\n<p>Dejan Jovi\u0107<\/p>\n\n\n\n<p>Osvrt na knjigu &#8220;A Concise History of Serbia&#8221; Dejana \u0110oki\u0107a<\/p>\n\n\n\n<hr class=\"wp-block-separator\"\/>\n\n\n\n<p>Dragan Bulatovi\u0107<\/p>\n\n\n\n<p>Kakav be\u0161e Muzej Srba u Hrvatskoj ili kako danas o njemu govoriti? Studija slu\u010daja nekriti\u010dkog muzeja<\/p>\n\n\n\n<hr class=\"wp-block-separator\"\/>\n\n\n\n<p><strong>In memoriam<\/strong><\/p>\n\n\n\n<hr class=\"wp-block-separator\"\/>\n\n\n\n<p>Jasmina Luki\u0107<\/p>\n\n\n\n<p>Kako se oprostiti od Dubravke Ugre\u0161i\u0107?<\/p>\n\n\n\n<hr class=\"wp-block-separator\"\/>\n\n\n\n<p><strong>Prikazi knjiga<\/strong><\/p>\n\n\n\n<hr class=\"wp-block-separator\"\/>\n\n\n\n<p>Tihomir Pono\u0161<\/p>\n\n\n\n<p>\u010cedomir Vi\u0161nji\u0107: &#8220;Dvadesete &#8211; knjiga I, Propali izlet potpukovnika Maksimovi\u0107a&#8221;, SNV, Zagreb, 2022.<\/p>\n\n\n\n<hr class=\"wp-block-separator\"\/>\n\n\n\n<p>Tihomir Pono\u0161<\/p>\n\n\n\n<p>Rahim Ademi: &#8220;Samo istina: ratni dnevnik generala Hrvatske vojske&#8221;, Zagreb, Ve\u010dernji list, 2021.<\/p>\n\n\n\n<hr class=\"wp-block-separator\"\/>\n\n\n\n<p>Dragan Jovi\u0107evi\u0107<\/p>\n\n\n\n<p>Amra Latifi\u0107 (prir.): &#8220;\u017divot bez kompromisa za umetnost i mir. Jelena \u0160anti\u0107: eseji, zapisi, komentari&#8221;, Beograd, Grupa 484 et al, 2021.<\/p>\n\n\n\n<hr class=\"wp-block-separator\"\/>\n\n\n\n<figure class=\"wp-block-image size-large\"><img data-recalc-dims=\"1\" loading=\"lazy\" decoding=\"async\" width=\"767\" height=\"1024\" data-attachment-id=\"36324\" data-permalink=\"https:\/\/historiografija.hr\/?attachment_id=36324\" data-orig-file=\"https:\/\/i0.wp.com\/historiografija.hr\/wp-content\/uploads\/2023\/06\/Tragovi-1-2023.jpg?fit=969%2C1294&amp;ssl=1\" data-orig-size=\"969,1294\" data-comments-opened=\"1\" data-image-meta=\"{&quot;aperture&quot;:&quot;0&quot;,&quot;credit&quot;:&quot;&quot;,&quot;camera&quot;:&quot;&quot;,&quot;caption&quot;:&quot;&quot;,&quot;created_timestamp&quot;:&quot;0&quot;,&quot;copyright&quot;:&quot;&quot;,&quot;focal_length&quot;:&quot;0&quot;,&quot;iso&quot;:&quot;0&quot;,&quot;shutter_speed&quot;:&quot;0&quot;,&quot;title&quot;:&quot;&quot;,&quot;orientation&quot;:&quot;0&quot;}\" data-image-title=\"Tragovi-1-2023\" data-image-description=\"\" data-image-caption=\"\" data-large-file=\"https:\/\/i0.wp.com\/historiografija.hr\/wp-content\/uploads\/2023\/06\/Tragovi-1-2023.jpg?fit=767%2C1024&amp;ssl=1\" src=\"https:\/\/i0.wp.com\/historiografija.hr\/wp-content\/uploads\/2023\/06\/Tragovi-1-2023.jpg?resize=767%2C1024&#038;ssl=1\" alt=\"\" class=\"wp-image-36324\" srcset=\"https:\/\/i0.wp.com\/historiografija.hr\/wp-content\/uploads\/2023\/06\/Tragovi-1-2023.jpg?resize=767%2C1024&amp;ssl=1 767w, https:\/\/i0.wp.com\/historiografija.hr\/wp-content\/uploads\/2023\/06\/Tragovi-1-2023.jpg?resize=225%2C300&amp;ssl=1 225w, https:\/\/i0.wp.com\/historiografija.hr\/wp-content\/uploads\/2023\/06\/Tragovi-1-2023.jpg?resize=768%2C1026&amp;ssl=1 768w, https:\/\/i0.wp.com\/historiografija.hr\/wp-content\/uploads\/2023\/06\/Tragovi-1-2023.jpg?w=969&amp;ssl=1 969w\" sizes=\"auto, (max-width: 767px) 100vw, 767px\" \/><\/figure>\n\n\n\n<hr class=\"wp-block-separator\"\/>\n\n\n\n<p><strong>Dodatne obavijesti:<\/strong><\/p>\n\n\n\n<p><a href=\"https:\/\/www.portalnovosti.com\/radanovic-otkrio-nepoznata-imena-jasenovackih-zrtava\">https:\/\/www.portalnovosti.com\/radanovic-otkrio-nepoznata-imena-jasenovackih-zrtava<\/a><\/p>\n\n\n\n<hr class=\"wp-block-separator\"\/>\n\n\n\n<p><strong>Deseti jubilarni broj \u010dasopisa Tragovi<\/strong>:<\/p>\n\n\n\n<p><a href=\"https:\/\/www.youtube.com\/watch?v=YnvDSgd2-9g\">https:\/\/www.youtube.com\/watch?v=YnvDSgd2-9g<\/a><\/p>\n\n\n\n<hr class=\"wp-block-separator\"\/>\n\n\n\n<p><a href=\"https:\/\/www.portalnovosti.com\/jubilarni-broj-tragova\">https:\/\/www.portalnovosti.com\/jubilarni-broj-tragova<\/a><\/p>\n\n\n\n<hr class=\"wp-block-separator\"\/>\n","protected":false},"excerpt":{"rendered":"","protected":false},"author":2,"featured_media":36324,"comment_status":"open","ping_status":"open","sticky":false,"template":"","format":"standard","meta":{"_acf_changed":false,"jetpack_post_was_ever_published":false,"_jetpack_newsletter_access":"","_jetpack_dont_email_post_to_subs":false,"_jetpack_newsletter_tier_id":0,"_jetpack_memberships_contains_paywalled_content":false,"_jetpack_memberships_contains_paid_content":false,"footnotes":"","jetpack_publicize_message":"","jetpack_publicize_feature_enabled":true,"jetpack_social_post_already_shared":true,"jetpack_social_options":{"image_generator_settings":{"template":"highway","default_image_id":0,"font":"","enabled":false},"version":2}},"categories":[21,3],"tags":[],"class_list":["post-36323","post","type-post","status-publish","format-standard","has-post-thumbnail","hentry","category-casopisi","category-novosti"],"acf":{"facebook_opis":""},"jetpack_publicize_connections":[],"jetpack_featured_media_url":"https:\/\/i0.wp.com\/historiografija.hr\/wp-content\/uploads\/2023\/06\/Tragovi-1-2023.jpg?fit=969%2C1294&ssl=1","jetpack_sharing_enabled":true,"jetpack-related-posts":[],"_links":{"self":[{"href":"https:\/\/historiografija.hr\/index.php?rest_route=\/wp\/v2\/posts\/36323","targetHints":{"allow":["GET"]}}],"collection":[{"href":"https:\/\/historiografija.hr\/index.php?rest_route=\/wp\/v2\/posts"}],"about":[{"href":"https:\/\/historiografija.hr\/index.php?rest_route=\/wp\/v2\/types\/post"}],"author":[{"embeddable":true,"href":"https:\/\/historiografija.hr\/index.php?rest_route=\/wp\/v2\/users\/2"}],"replies":[{"embeddable":true,"href":"https:\/\/historiografija.hr\/index.php?rest_route=%2Fwp%2Fv2%2Fcomments&post=36323"}],"version-history":[{"count":6,"href":"https:\/\/historiografija.hr\/index.php?rest_route=\/wp\/v2\/posts\/36323\/revisions"}],"predecessor-version":[{"id":36330,"href":"https:\/\/historiografija.hr\/index.php?rest_route=\/wp\/v2\/posts\/36323\/revisions\/36330"}],"wp:featuredmedia":[{"embeddable":true,"href":"https:\/\/historiografija.hr\/index.php?rest_route=\/wp\/v2\/media\/36324"}],"wp:attachment":[{"href":"https:\/\/historiografija.hr\/index.php?rest_route=%2Fwp%2Fv2%2Fmedia&parent=36323"}],"wp:term":[{"taxonomy":"category","embeddable":true,"href":"https:\/\/historiografija.hr\/index.php?rest_route=%2Fwp%2Fv2%2Fcategories&post=36323"},{"taxonomy":"post_tag","embeddable":true,"href":"https:\/\/historiografija.hr\/index.php?rest_route=%2Fwp%2Fv2%2Ftags&post=36323"}],"curies":[{"name":"wp","href":"https:\/\/api.w.org\/{rel}","templated":true}]}}