{"id":36307,"date":"2023-06-28T20:24:59","date_gmt":"2023-06-28T20:24:59","guid":{"rendered":"http:\/\/historiografija.hr\/?p=36307"},"modified":"2023-06-28T20:33:46","modified_gmt":"2023-06-28T20:33:46","slug":"monografija-i-izlozba-ivan-klobucaric-zivot-i-djelo","status":"publish","type":"post","link":"https:\/\/historiografija.hr\/?p=36307","title":{"rendered":"Monografija i izlo\u017eba \u201eIvan Klobu\u010dari\u0107 \u2013 \u017divot i djelo \/ Johannes Clobucciarich \u2013 Leben und Werk\u201c"},"content":{"rendered":"\n<p>Ranonovovjekovni kartograf i augustinski redovnik Ivan Klobu\u010dari\u0107 tema je monografije i izlo\u017ebe koja je rezultat suradnje Dr\u017eavnog arhiva u Rijeci i \u0160tajerskog zemaljskog arhiva u Grazu. Izlo\u017eba je bila najprije postavljena u Grazu, a trenutno je otvorena u Rijeci. Na dvojezi\u010dnoj hrvatsko-njema\u010dkoj monografiji sura\u0111ivali su Markus Leideck, Elisabeth Sch\u00f6ggl-Ernst i Marko Medved.<\/p>\n\n\n\n<hr class=\"wp-block-separator\"\/>\n\n\n\n<p>Op\u0161irnije na poveznicama u nastavku:<\/p>\n\n\n\n<figure class=\"wp-block-embed-wordpress wp-block-embed is-type-wp-embed is-provider-novi-list\"><div class=\"wp-block-embed__wrapper\">\n<blockquote class=\"wp-embedded-content\" data-secret=\"ZR6faGN69s\"><a href=\"https:\/\/www.novilist.hr\/ostalo\/kultura\/izlozbe\/monografija-i-izlozba-u-wartingerovoj-dvorani-donose-nove-spoznaje-o-zivotu-i-djelu-ivana-klobucarica\/\">Monografija i izlo\u017eba u Wartingerovoj dvorani donose nove spoznaje o \u017eivotu i djelu Ivana Klobu\u010dari\u0107a<\/a><\/blockquote><iframe loading=\"lazy\" class=\"wp-embedded-content\" sandbox=\"allow-scripts\" security=\"restricted\" style=\"position: absolute; clip: rect(1px, 1px, 1px, 1px);\" title=\"&#8220;Monografija i izlo\u017eba u Wartingerovoj dvorani donose nove spoznaje o \u017eivotu i djelu Ivana Klobu\u010dari\u0107a&#8221; &#8212; Novi list\" src=\"https:\/\/www.novilist.hr\/ostalo\/kultura\/izlozbe\/monografija-i-izlozba-u-wartingerovoj-dvorani-donose-nove-spoznaje-o-zivotu-i-djelu-ivana-klobucarica\/embed\/#?secret=G42GWg3X1p#?secret=ZR6faGN69s\" data-secret=\"ZR6faGN69s\" width=\"600\" height=\"338\" frameborder=\"0\" marginwidth=\"0\" marginheight=\"0\" scrolling=\"no\"><\/iframe>\n<\/div><\/figure>\n\n\n\n<figure class=\"wp-block-embed-wordpress wp-block-embed is-type-wp-embed is-provider-novi-list\"><div class=\"wp-block-embed__wrapper\">\n<blockquote class=\"wp-embedded-content\" data-secret=\"2LqF6v9Tvd\"><a href=\"https:\/\/www.novilist.hr\/ostalo\/kultura\/predstavljena-monografija-o-zivotu-i-djelu-kartografa-ivana-klobucarica\/\">Predstavljena monografija o \u017eivotu i djelu kartografa Ivana Klobu\u010dari\u0107a<\/a><\/blockquote><iframe loading=\"lazy\" class=\"wp-embedded-content\" sandbox=\"allow-scripts\" security=\"restricted\" style=\"position: absolute; clip: rect(1px, 1px, 1px, 1px);\" title=\"&#8220;Predstavljena monografija o \u017eivotu i djelu kartografa Ivana Klobu\u010dari\u0107a&#8221; &#8212; Novi list\" src=\"https:\/\/www.novilist.hr\/ostalo\/kultura\/predstavljena-monografija-o-zivotu-i-djelu-kartografa-ivana-klobucarica\/embed\/#?secret=FbEjiWYlfX#?secret=2LqF6v9Tvd\" data-secret=\"2LqF6v9Tvd\" width=\"600\" height=\"338\" frameborder=\"0\" marginwidth=\"0\" marginheight=\"0\" scrolling=\"no\"><\/iframe>\n<\/div><\/figure>\n\n\n\n<figure class=\"wp-block-embed-wordpress wp-block-embed is-type-wp-embed is-provider-grad-rijeka\"><div class=\"wp-block-embed__wrapper\">\n<blockquote class=\"wp-embedded-content\" data-secret=\"Lfvi6clVqQ\"><a href=\"https:\/\/www.rijeka.hr\/u-drzavnom-arhivu-rijeka-predstavljena-monografija-izlozba-ivan-klobucaric-zivot-djelo\/\">U Dr\u017eavnom arhivu Rijeka predstavljena monografija i izlo\u017eba \u201eIvan Klobu\u010dari\u0107 \u2013 \u017eivot i djelo\u201c<\/a><\/blockquote><iframe loading=\"lazy\" class=\"wp-embedded-content\" sandbox=\"allow-scripts\" security=\"restricted\" style=\"position: absolute; clip: rect(1px, 1px, 1px, 1px);\" title=\"&#8220;U Dr\u017eavnom arhivu Rijeka predstavljena monografija i izlo\u017eba \u201eIvan Klobu\u010dari\u0107 \u2013 \u017eivot i djelo\u201c&#8221; &#8212; Grad Rijeka\" src=\"https:\/\/www.rijeka.hr\/u-drzavnom-arhivu-rijeka-predstavljena-monografija-izlozba-ivan-klobucaric-zivot-djelo\/embed\/#?secret=Lfvi6clVqQ\" data-secret=\"Lfvi6clVqQ\" width=\"600\" height=\"338\" frameborder=\"0\" marginwidth=\"0\" marginheight=\"0\" scrolling=\"no\"><\/iframe>\n<\/div><\/figure>\n\n\n\n<p><a href=\"https:\/\/www.news.steiermark.at\/cms\/beitrag\/12907525\/154271268\/\">https:\/\/www.news.steiermark.at\/cms\/beitrag\/12907525\/154271268\/<\/a><\/p>\n\n\n\n<hr class=\"wp-block-separator\"\/>\n","protected":false},"excerpt":{"rendered":"","protected":false},"author":2,"featured_media":36314,"comment_status":"open","ping_status":"open","sticky":false,"template":"","format":"standard","meta":{"_acf_changed":false,"jetpack_post_was_ever_published":false,"_jetpack_newsletter_access":"","_jetpack_dont_email_post_to_subs":false,"_jetpack_newsletter_tier_id":0,"_jetpack_memberships_contains_paywalled_content":false,"_jetpack_memberships_contains_paid_content":false,"footnotes":"","jetpack_publicize_message":"","jetpack_publicize_feature_enabled":true,"jetpack_social_post_already_shared":true,"jetpack_social_options":{"image_generator_settings":{"template":"highway","default_image_id":0,"font":"","enabled":false},"version":2}},"categories":[10,8,3],"tags":[],"class_list":["post-36307","post","type-post","status-publish","format-standard","has-post-thumbnail","hentry","category-izlozbe","category-knjige","category-novosti"],"acf":{"facebook_opis":""},"jetpack_publicize_connections":[],"jetpack_featured_media_url":"https:\/\/i0.wp.com\/historiografija.hr\/wp-content\/uploads\/2023\/06\/M_Gracin_Foto.jpg?fit=1032%2C467&ssl=1","jetpack_sharing_enabled":true,"jetpack-related-posts":[],"_links":{"self":[{"href":"https:\/\/historiografija.hr\/index.php?rest_route=\/wp\/v2\/posts\/36307","targetHints":{"allow":["GET"]}}],"collection":[{"href":"https:\/\/historiografija.hr\/index.php?rest_route=\/wp\/v2\/posts"}],"about":[{"href":"https:\/\/historiografija.hr\/index.php?rest_route=\/wp\/v2\/types\/post"}],"author":[{"embeddable":true,"href":"https:\/\/historiografija.hr\/index.php?rest_route=\/wp\/v2\/users\/2"}],"replies":[{"embeddable":true,"href":"https:\/\/historiografija.hr\/index.php?rest_route=%2Fwp%2Fv2%2Fcomments&post=36307"}],"version-history":[{"count":2,"href":"https:\/\/historiografija.hr\/index.php?rest_route=\/wp\/v2\/posts\/36307\/revisions"}],"predecessor-version":[{"id":36312,"href":"https:\/\/historiografija.hr\/index.php?rest_route=\/wp\/v2\/posts\/36307\/revisions\/36312"}],"wp:featuredmedia":[{"embeddable":true,"href":"https:\/\/historiografija.hr\/index.php?rest_route=\/wp\/v2\/media\/36314"}],"wp:attachment":[{"href":"https:\/\/historiografija.hr\/index.php?rest_route=%2Fwp%2Fv2%2Fmedia&parent=36307"}],"wp:term":[{"taxonomy":"category","embeddable":true,"href":"https:\/\/historiografija.hr\/index.php?rest_route=%2Fwp%2Fv2%2Fcategories&post=36307"},{"taxonomy":"post_tag","embeddable":true,"href":"https:\/\/historiografija.hr\/index.php?rest_route=%2Fwp%2Fv2%2Ftags&post=36307"}],"curies":[{"name":"wp","href":"https:\/\/api.w.org\/{rel}","templated":true}]}}