{"id":36292,"date":"2023-06-27T21:41:38","date_gmt":"2023-06-27T21:41:38","guid":{"rendered":"http:\/\/historiografija.hr\/?p=36292"},"modified":"2023-10-22T13:32:58","modified_gmt":"2023-10-22T13:32:58","slug":"natka-badurina-strah-od-pamcenja-knjizevnost-i-sjeverni-jadran-na-rusevinama-dvadesetog-stoljeca","status":"publish","type":"post","link":"https:\/\/historiografija.hr\/?p=36292","title":{"rendered":"Natka Badurina, \u201eSTRAH OD PAM\u0106ENJA. Knji\u017eevnost i sjeverni Jadran na ru\u0161evinama dvadesetog stolje\u0107a\u201c"},"content":{"rendered":"\n<p>Nakon pada komunizma, na valu demokratizacije, dotad u\u0161utkane zajednice mogle su progovoriti o svojim povijesnim traumama. Istovremeno je me\u0111utim do\u0161lo do rivalstva razli\u010ditih memorijskih narativa i do povijesnog revizionizma. U doba kad, obuzeti strahom od zaborava, skupljamo sje\u0107anja posljednjih svjedoka dvadesetog stolje\u0107a, do nas sve glasnije dopiru znakovi straha od pam\u0107enja. On se, u nedostatku oslonca na zajedni\u010dki dru\u0161tveni okvir ili temeljni konsenzus o antifa\u0161isti\u010dkoj povijesti, prije svega odnosi na strah od pam\u0107enja komunizma, zatim i samog antifa\u0161izma. Preokrete u politikama pam\u0107enja ova knjiga promatra na primjeru sjevernog Jadrana i u transnacionalnoj perspektivi, obuhva\u0107aju\u0107i prije svega hrvatska i talijanska, dijelom i slovenska gledi\u0161ta. Konfliktne odnose na sjevernom Jadranu u prvoj polovici dvadesetog stolje\u0107a organizira u \u010detiri tematska \u010dvora: d\u2019Annunzijevu okupaciju Rijeke 1919. godine, talijansku okupaciju jugoslavenskih zemalja od 1941. do 1943. godine, nacisti\u010dki logor Ri\u017earna San Sabba koji je djelovao u Trstu od 1943. do 1945. te istarski egzodus na kraju Drugog svjetskog rata. Premda naizgled postavljena kao paralelni slalom izme\u0111u razli\u010ditih nacionalnih gledi\u0161ta, knjiga \u010ditavo vrijeme ima na umu da je glavno obilje\u017eje pam\u0107enja u pograni\u010dnom podru\u010dju njegova isprepletenost i vi\u0161esmjernost, vezana tako\u0111er i za slojevitost i vi\u0161estrukost identiteta ljudi koji u tim podru\u010djima \u017eive. Gra\u0111u \u010dine razli\u010diti narativni oblici, od usmenih, dnevni\u010dkih i memoarskih do knji\u017eevnih, medijskih i znanstvenih, \u010dime se knjiga svrstava u podru\u010dje kulturnih odnosno knji\u017eevnih studija pam\u0107enja. Raznolikost gra\u0111e omogu\u0107uje uvid podjednako u slu\u017ebene verzije pri\u010de o pro\u0161losti kao i u nekanonizirane i intimne tragove emocija koje su zaostale na stranicama zaboravljenih dnevnika ili su neo\u010dekivano izniknule u glasovima svjedoka. Raznolikost gra\u0111e me\u0111utim ne podrazumijeva isti tretman razli\u010ditih diskursa kao jednako literarnih ili retori\u010dkih. Naprotiv, slijedom glavne struje studija pam\u0107enja, ova knjiga \u017eeli vratiti povjerenje u historiografske metode utvr\u0111ivanja istine i podsjetiti na nu\u017enost poznavanja povijesti za razumijevanje knji\u017eevnosti pam\u0107enja.<\/p>\n\n\n\n<hr class=\"wp-block-separator\"\/>\n\n\n\n<p>Godina izdanja: 2023<\/p>\n\n\n\n<p>Broj stranica: 296<\/p>\n\n\n\n<hr class=\"wp-block-separator\"\/>\n\n\n\n<p>Prelistaj po\u010detak knjige:<\/p>\n\n\n\n<p><a href=\"https:\/\/disput.hr\/shop\/strah-od-pamcenja\/\">https:\/\/disput.hr\/shop\/strah-od-pamcenja\/<\/a><\/p>\n\n\n\n<hr class=\"wp-block-separator\"\/>\n\n\n\n<p>Osvrti i prikazi:<\/p>\n\n\n\n<p><a href=\"https:\/\/www.jutarnji.hr\/kultura\/knjizevnost\/povijesni-kurikul-nadzire-politbiro-kreiraju-ga-ratni-veterani-susjedi-su-im-barbari-ne-opisani-narod-nisu-hrvati-15358192\">https:\/\/www.jutarnji.hr\/kultura\/knjizevnost\/povijesni-kurikul-nadzire-politbiro-kreiraju-ga-ratni-veterani-susjedi-su-im-barbari-ne-opisani-narod-nisu-hrvati-15358192<\/a><\/p>\n\n\n\n<p><a href=\"https:\/\/kritika-hdp.hr\/strah-od-mitoloskog-stroja\/\">https:\/\/kritika-hdp.hr\/strah-od-mitoloskog-stroja\/<\/a><\/p>\n\n\n\n<p><a href=\"https:\/\/mvinfo.hr\/clanak\/natka-badurina-strah-od-pamcenja\">https:\/\/mvinfo.hr\/clanak\/natka-badurina-strah-od-pamcenja<\/a><\/p>\n\n\n\n<hr class=\"wp-block-separator\"\/>\n","protected":false},"excerpt":{"rendered":"","protected":false},"author":2,"featured_media":36293,"comment_status":"open","ping_status":"open","sticky":false,"template":"","format":"standard","meta":{"_acf_changed":false,"jetpack_post_was_ever_published":false,"_jetpack_newsletter_access":"","_jetpack_dont_email_post_to_subs":false,"_jetpack_newsletter_tier_id":0,"_jetpack_memberships_contains_paywalled_content":false,"_jetpack_memberships_contains_paid_content":false,"footnotes":"","jetpack_publicize_message":"","jetpack_publicize_feature_enabled":true,"jetpack_social_post_already_shared":true,"jetpack_social_options":{"image_generator_settings":{"template":"highway","default_image_id":0,"font":"","enabled":false},"version":2}},"categories":[8,3,12],"tags":[],"class_list":["post-36292","post","type-post","status-publish","format-standard","has-post-thumbnail","hentry","category-knjige","category-novosti","category-knjizevnost"],"acf":{"facebook_opis":""},"jetpack_publicize_connections":[],"jetpack_featured_media_url":"https:\/\/i0.wp.com\/historiografija.hr\/wp-content\/uploads\/2023\/06\/Strah-od-pamcenja.jpg?fit=1066%2C1536&ssl=1","jetpack_sharing_enabled":true,"jetpack-related-posts":[],"_links":{"self":[{"href":"https:\/\/historiografija.hr\/index.php?rest_route=\/wp\/v2\/posts\/36292","targetHints":{"allow":["GET"]}}],"collection":[{"href":"https:\/\/historiografija.hr\/index.php?rest_route=\/wp\/v2\/posts"}],"about":[{"href":"https:\/\/historiografija.hr\/index.php?rest_route=\/wp\/v2\/types\/post"}],"author":[{"embeddable":true,"href":"https:\/\/historiografija.hr\/index.php?rest_route=\/wp\/v2\/users\/2"}],"replies":[{"embeddable":true,"href":"https:\/\/historiografija.hr\/index.php?rest_route=%2Fwp%2Fv2%2Fcomments&post=36292"}],"version-history":[{"count":4,"href":"https:\/\/historiografija.hr\/index.php?rest_route=\/wp\/v2\/posts\/36292\/revisions"}],"predecessor-version":[{"id":37613,"href":"https:\/\/historiografija.hr\/index.php?rest_route=\/wp\/v2\/posts\/36292\/revisions\/37613"}],"wp:featuredmedia":[{"embeddable":true,"href":"https:\/\/historiografija.hr\/index.php?rest_route=\/wp\/v2\/media\/36293"}],"wp:attachment":[{"href":"https:\/\/historiografija.hr\/index.php?rest_route=%2Fwp%2Fv2%2Fmedia&parent=36292"}],"wp:term":[{"taxonomy":"category","embeddable":true,"href":"https:\/\/historiografija.hr\/index.php?rest_route=%2Fwp%2Fv2%2Fcategories&post=36292"},{"taxonomy":"post_tag","embeddable":true,"href":"https:\/\/historiografija.hr\/index.php?rest_route=%2Fwp%2Fv2%2Ftags&post=36292"}],"curies":[{"name":"wp","href":"https:\/\/api.w.org\/{rel}","templated":true}]}}