{"id":36280,"date":"2023-06-27T21:06:48","date_gmt":"2023-06-27T21:06:48","guid":{"rendered":"http:\/\/historiografija.hr\/?p=36280"},"modified":"2023-06-27T21:06:48","modified_gmt":"2023-06-27T21:06:48","slug":"predstavljanje-knjige-vijolete-herman-kauric-za-nase-junake-rad-dobrotvornih-drustava-grada-zagreba-u-prvom-svjetskom-ratu","status":"publish","type":"post","link":"https:\/\/historiografija.hr\/?p=36280","title":{"rendered":"Predstavljanje knjige Vijolete Herman Kauri\u0107 \u201cZa na\u0161e junake\u2026 Rad dobrotvornih dru\u0161tava grada Zagreba u Prvom svjetskom ratu\u201d"},"content":{"rendered":"\n<p>Za na\u0161e junake! na 2. Festivalu knjige u Matici hrvatskoj<\/p>\n\n\n\n<p>U subotu 1. srpnja 2023. u sklopu 2. Festivala knjige u Matici hrvatskoj<\/p>\n\n\n\n<p>predstavljamo najnoviju znanstvenu monografiju na\u0161e djelatnice<\/p>\n\n\n\n<p>dr. sc. Vijolete Herman Kauri\u0107<\/p>\n\n\n\n<p>\u201cZa na\u0161e junake\u2026 Rad dobrotvornih dru\u0161tava grada Zagreba u Prvom svjetskom ratu\u201d<\/p>\n\n\n\n<hr class=\"wp-block-separator\"\/>\n\n\n\n<p>Izvor:<\/p>\n\n\n\n<p><a href=\"https:\/\/www.isp.hr\/za-nase-junake-na-2-festivalu-knjige-u-matici-hrvatskoj\/\">https:\/\/www.isp.hr\/za-nase-junake-na-2-festivalu-knjige-u-matici-hrvatskoj\/<\/a><\/p>\n\n\n\n<hr class=\"wp-block-separator\"\/>\n","protected":false},"excerpt":{"rendered":"","protected":false},"author":2,"featured_media":36281,"comment_status":"open","ping_status":"open","sticky":false,"template":"","format":"standard","meta":{"_acf_changed":false,"_jetpack_newsletter_access":"","_jetpack_dont_email_post_to_subs":false,"_jetpack_newsletter_tier_id":0,"_jetpack_memberships_contains_paywalled_content":false,"_jetpack_memberships_contains_paid_content":false,"footnotes":"","jetpack_publicize_message":"","jetpack_publicize_feature_enabled":true,"jetpack_social_post_already_shared":true,"jetpack_social_options":{"image_generator_settings":{"template":"highway","default_image_id":0,"font":"","enabled":false},"version":2},"jetpack_post_was_ever_published":false},"categories":[3],"tags":[],"class_list":["post-36280","post","type-post","status-publish","format-standard","has-post-thumbnail","hentry","category-novosti"],"acf":{"facebook_opis":""},"jetpack_publicize_connections":[],"jetpack_featured_media_url":"https:\/\/i0.wp.com\/historiografija.hr\/wp-content\/uploads\/2023\/06\/Pozivnica-Za-na%C5%A1e-junake.jpg?fit=1024%2C720&ssl=1","jetpack_sharing_enabled":true,"jetpack-related-posts":[{"id":54456,"url":"https:\/\/historiografija.hr\/?p=54456","url_meta":{"origin":36280,"position":0},"title":"Promocija knjige &#8220;Dotr\u0161\u010dina&#8221;","author":"Branimir Jankovi\u0107","date":"3. srpnja 2026.","format":false,"excerpt":"Promocija knjige Dotr\u0161\u010dina odr\u017eat \u0107e se utorak, 7. 7. 2026. u 19 sati u dvorani KIC-a u Zagrebu (Preradovi\u0107eva 5). Spomen-park Dotr\u0161\u010dina najva\u017eniji je zagreba\u010dki memorijalni prostor, mjesto najve\u0107eg masovnog zlo\u010dina u povijesti glavnoga grada, najva\u017enija lokacija Holokausta u Zagrebu i jedno od namasovnijih strati\u0161ta II. svjetskog rata u Hrvatskoj.\u2026","rel":"","context":"U &quot;Novosti&quot;","block_context":{"text":"Novosti","link":"https:\/\/historiografija.hr\/?cat=3"},"img":{"alt_text":"","src":"https:\/\/i0.wp.com\/historiografija.hr\/wp-content\/uploads\/2026\/07\/sanjin-kastelan.webp?fit=1170%2C662&ssl=1&resize=350%2C200","width":350,"height":200,"srcset":"https:\/\/i0.wp.com\/historiografija.hr\/wp-content\/uploads\/2026\/07\/sanjin-kastelan.webp?fit=1170%2C662&ssl=1&resize=350%2C200 1x, https:\/\/i0.wp.com\/historiografija.hr\/wp-content\/uploads\/2026\/07\/sanjin-kastelan.webp?fit=1170%2C662&ssl=1&resize=525%2C300 1.5x, https:\/\/i0.wp.com\/historiografija.hr\/wp-content\/uploads\/2026\/07\/sanjin-kastelan.webp?fit=1170%2C662&ssl=1&resize=700%2C400 2x, https:\/\/i0.wp.com\/historiografija.hr\/wp-content\/uploads\/2026\/07\/sanjin-kastelan.webp?fit=1170%2C662&ssl=1&resize=1050%2C600 3x"},"classes":[]},{"id":54849,"url":"https:\/\/historiografija.hr\/?p=54849","url_meta":{"origin":36280,"position":1},"title":"Glazbeno-scenska ve\u010der i predstavljanje knjige &#8220;OD HRVATSKOGA KRALJEVSTVA DO LIJEPE NA\u0160E&#8221;","author":"Branimir Jankovi\u0107","date":"31. srpnja 2026.","format":false,"excerpt":"Ogranak Matice hrvatske u Trogiru i\u201eRadovan\u201c dru\u0161tvo za za\u0161titu kulturnih dobara Trogira s rado\u0161\u0107u vas pozivaju na glazbeno-scensku ve\u010der i predstavljanje knjige OD HRVATSKOGA KRALJEVSTVA DO LIJEPE NA\u0160E Sudjeluju:Vlatko Belas, baritonBarbara Gari\u0107, sopranprof. Ratko Bartulovi\u0107, glazbenikNik\u0161a Buble, recitatori autori knjige dr. sc. Danka Radi\u0107 i Radovan Slade-\u0160ilovi\u0107 Radujemo se Va\u0161em\u2026","rel":"","context":"U &quot;Novosti&quot;","block_context":{"text":"Novosti","link":"https:\/\/historiografija.hr\/?cat=3"},"img":{"alt_text":"","src":"https:\/\/i0.wp.com\/historiografija.hr\/wp-content\/uploads\/2026\/07\/od_hrvatskog_kraljevstva_do_lijepe_nase.jpg?fit=596%2C467&ssl=1&resize=350%2C200","width":350,"height":200,"srcset":"https:\/\/i0.wp.com\/historiografija.hr\/wp-content\/uploads\/2026\/07\/od_hrvatskog_kraljevstva_do_lijepe_nase.jpg?fit=596%2C467&ssl=1&resize=350%2C200 1x, https:\/\/i0.wp.com\/historiografija.hr\/wp-content\/uploads\/2026\/07\/od_hrvatskog_kraljevstva_do_lijepe_nase.jpg?fit=596%2C467&ssl=1&resize=525%2C300 1.5x"},"classes":[]},{"id":52459,"url":"https:\/\/historiografija.hr\/?p=52459","url_meta":{"origin":36280,"position":2},"title":"Jay Winter: geometrija sje\u0107anja i logika ti\u0161ine \/ Dijalog s povodom 10","author":"Branimir Jankovi\u0107","date":"16. travnja 2026.","format":false,"excerpt":"U izdanju FF Pressa i Centra za inovativne studije Filozofskoga\u00a0fakulteta u Zagrebu potkraj 2025. objavljena je knjiga Jay Winter: geometrija sje\u0107anja i logika ti\u0161ine, koju je priredio Dino Stani\u010di\u0107. Jay Winter: geometrija sje\u0107anja i logika ti\u0161ine \/ Dijalog s povodom 10 Priredio: Dino Stani\u010di\u0107 Razgovor i tekstove s engleskog preveli:\u2026","rel":"","context":"U &quot;Knjige&quot;","block_context":{"text":"Knjige","link":"https:\/\/historiografija.hr\/?cat=8"},"img":{"alt_text":"","src":"https:\/\/i0.wp.com\/historiografija.hr\/wp-content\/uploads\/2026\/04\/Winter.jpg?fit=1166%2C720&ssl=1&resize=350%2C200","width":350,"height":200,"srcset":"https:\/\/i0.wp.com\/historiografija.hr\/wp-content\/uploads\/2026\/04\/Winter.jpg?fit=1166%2C720&ssl=1&resize=350%2C200 1x, https:\/\/i0.wp.com\/historiografija.hr\/wp-content\/uploads\/2026\/04\/Winter.jpg?fit=1166%2C720&ssl=1&resize=525%2C300 1.5x, https:\/\/i0.wp.com\/historiografija.hr\/wp-content\/uploads\/2026\/04\/Winter.jpg?fit=1166%2C720&ssl=1&resize=700%2C400 2x, https:\/\/i0.wp.com\/historiografija.hr\/wp-content\/uploads\/2026\/04\/Winter.jpg?fit=1166%2C720&ssl=1&resize=1050%2C600 3x"},"classes":[]},{"id":53369,"url":"https:\/\/historiografija.hr\/?p=53369","url_meta":{"origin":36280,"position":3},"title":"Predstavljanje knjige Ljiljane Dobrov\u0161ak &#8220;Za\u010detnici industrije u Hrvatskoj \u017eidovskog podrijetla&#8221;","author":"Branimir Jankovi\u0107","date":"15. svibnja 2026.","format":false,"excerpt":"Pozivamo vas na predstavljanje knjige dr. sc. Ljiljane Dobrov\u0161ak Za\u010detnici industrije u Hrvatskoj \u017eidovskog podrijetla u utorak 19. svibnja 2026. u 17 sati u Multimedijalnoj dvorani Instituta Pilar u Zagrebu. Nakladnici knjige su \u017didovska vjerska zajednica BET ISRAEL u Hrvatskoj i STAJER-GRAF iz Zagreba, a glavna urednica Jasminka Doma\u0161. U\u2026","rel":"","context":"U &quot;Novosti&quot;","block_context":{"text":"Novosti","link":"https:\/\/historiografija.hr\/?cat=3"},"img":{"alt_text":"","src":"https:\/\/i0.wp.com\/historiografija.hr\/wp-content\/uploads\/2026\/05\/Dobrovsak_promocija.jpg?fit=939%2C704&ssl=1&resize=350%2C200","width":350,"height":200,"srcset":"https:\/\/i0.wp.com\/historiografija.hr\/wp-content\/uploads\/2026\/05\/Dobrovsak_promocija.jpg?fit=939%2C704&ssl=1&resize=350%2C200 1x, https:\/\/i0.wp.com\/historiografija.hr\/wp-content\/uploads\/2026\/05\/Dobrovsak_promocija.jpg?fit=939%2C704&ssl=1&resize=525%2C300 1.5x, https:\/\/i0.wp.com\/historiografija.hr\/wp-content\/uploads\/2026\/05\/Dobrovsak_promocija.jpg?fit=939%2C704&ssl=1&resize=700%2C400 2x"},"classes":[]},{"id":53716,"url":"https:\/\/historiografija.hr\/?p=53716","url_meta":{"origin":36280,"position":4},"title":"Radionica &#8220;Jugoslavenski modernizam u hrvatskoj kulturi sje\u0107anja&#8221;","author":"Filip \u0160imunjak","date":"26. svibnja 2026.","format":false,"excerpt":"Iako su karakteristi\u010dan dio vizure mnogih hrvatskih gradova, o jugoslavenskim arhitektonskim postignu\u0107ima rijetko kada dublje promi\u0161ljamo, bilo zato \u0161to su proizvod jednog minulog vremena ili zato \u0161to njihov izgled ne izaziva jednostrano divljenje. Po\u017ear koji je zadesio zgradu nekada\u0161nje izdava\u010dke ku\u0107e Vjesnik, koja je za mnoge predstavljala simbol grada Zagreba,\u2026","rel":"","context":"U &quot;Novosti&quot;","block_context":{"text":"Novosti","link":"https:\/\/historiografija.hr\/?cat=3"},"img":{"alt_text":"","src":"https:\/\/i0.wp.com\/historiografija.hr\/wp-content\/uploads\/2026\/05\/Radionica-Jugoslavenski-modernizam-u-hrvatskoj-kulturi-sjecanja.png?fit=1200%2C700&ssl=1&resize=350%2C200","width":350,"height":200,"srcset":"https:\/\/i0.wp.com\/historiografija.hr\/wp-content\/uploads\/2026\/05\/Radionica-Jugoslavenski-modernizam-u-hrvatskoj-kulturi-sjecanja.png?fit=1200%2C700&ssl=1&resize=350%2C200 1x, https:\/\/i0.wp.com\/historiografija.hr\/wp-content\/uploads\/2026\/05\/Radionica-Jugoslavenski-modernizam-u-hrvatskoj-kulturi-sjecanja.png?fit=1200%2C700&ssl=1&resize=525%2C300 1.5x, https:\/\/i0.wp.com\/historiografija.hr\/wp-content\/uploads\/2026\/05\/Radionica-Jugoslavenski-modernizam-u-hrvatskoj-kulturi-sjecanja.png?fit=1200%2C700&ssl=1&resize=700%2C400 2x, https:\/\/i0.wp.com\/historiografija.hr\/wp-content\/uploads\/2026\/05\/Radionica-Jugoslavenski-modernizam-u-hrvatskoj-kulturi-sjecanja.png?fit=1200%2C700&ssl=1&resize=1050%2C600 3x"},"classes":[]},{"id":54947,"url":"https:\/\/historiografija.hr\/?p=54947","url_meta":{"origin":36280,"position":5},"title":"Izlo\u017eba \u201eNa Sljeme! Pri\u010de sa Zagreba\u010dke gore\u201c","author":"Branimir Jankovi\u0107","date":"12. kolovoza 2026.","format":false,"excerpt":"Mjesto: Muzej grada ZagrebaVrijeme otvorenja: petak, 15. svibnja 2026., u 18 satiTrajanje izlo\u017ebe: 15. svibnja \u2013 20. rujna 2026.Autorica izlo\u017ebe: Milena Bu\u0161i\u0107Oblikovanje izlo\u017ebe:\u00a0Studio Ra\u0161i\u0107 + Vrabec Medvednica, Sljeme, Zagreba\u010dka gora \u2013\u00a0 sinonimi su za na\u0161u, \u201egradsku\u201c planinu, zelenu za\u0161titnicu Zagreba.\u00a0 Odluka o izletu na Medvednicu uvijek je laka jer je,\u2026","rel":"","context":"U &quot;Izlo\u017ebe&quot;","block_context":{"text":"Izlo\u017ebe","link":"https:\/\/historiografija.hr\/?cat=10"},"img":{"alt_text":"","src":"https:\/\/i0.wp.com\/historiografija.hr\/wp-content\/uploads\/2026\/08\/slika-2.png?fit=1200%2C894&ssl=1&resize=350%2C200","width":350,"height":200,"srcset":"https:\/\/i0.wp.com\/historiografija.hr\/wp-content\/uploads\/2026\/08\/slika-2.png?fit=1200%2C894&ssl=1&resize=350%2C200 1x, https:\/\/i0.wp.com\/historiografija.hr\/wp-content\/uploads\/2026\/08\/slika-2.png?fit=1200%2C894&ssl=1&resize=525%2C300 1.5x, https:\/\/i0.wp.com\/historiografija.hr\/wp-content\/uploads\/2026\/08\/slika-2.png?fit=1200%2C894&ssl=1&resize=700%2C400 2x, https:\/\/i0.wp.com\/historiografija.hr\/wp-content\/uploads\/2026\/08\/slika-2.png?fit=1200%2C894&ssl=1&resize=1050%2C600 3x"},"classes":[]}],"_links":{"self":[{"href":"https:\/\/historiografija.hr\/index.php?rest_route=\/wp\/v2\/posts\/36280","targetHints":{"allow":["GET"]}}],"collection":[{"href":"https:\/\/historiografija.hr\/index.php?rest_route=\/wp\/v2\/posts"}],"about":[{"href":"https:\/\/historiografija.hr\/index.php?rest_route=\/wp\/v2\/types\/post"}],"author":[{"embeddable":true,"href":"https:\/\/historiografija.hr\/index.php?rest_route=\/wp\/v2\/users\/2"}],"replies":[{"embeddable":true,"href":"https:\/\/historiografija.hr\/index.php?rest_route=%2Fwp%2Fv2%2Fcomments&post=36280"}],"version-history":[{"count":1,"href":"https:\/\/historiografija.hr\/index.php?rest_route=\/wp\/v2\/posts\/36280\/revisions"}],"predecessor-version":[{"id":36282,"href":"https:\/\/historiografija.hr\/index.php?rest_route=\/wp\/v2\/posts\/36280\/revisions\/36282"}],"wp:featuredmedia":[{"embeddable":true,"href":"https:\/\/historiografija.hr\/index.php?rest_route=\/wp\/v2\/media\/36281"}],"wp:attachment":[{"href":"https:\/\/historiografija.hr\/index.php?rest_route=%2Fwp%2Fv2%2Fmedia&parent=36280"}],"wp:term":[{"taxonomy":"category","embeddable":true,"href":"https:\/\/historiografija.hr\/index.php?rest_route=%2Fwp%2Fv2%2Fcategories&post=36280"},{"taxonomy":"post_tag","embeddable":true,"href":"https:\/\/historiografija.hr\/index.php?rest_route=%2Fwp%2Fv2%2Ftags&post=36280"}],"curies":[{"name":"wp","href":"https:\/\/api.w.org\/{rel}","templated":true}]}}