{"id":36273,"date":"2023-06-26T17:50:31","date_gmt":"2023-06-26T17:50:31","guid":{"rendered":"http:\/\/historiografija.hr\/?p=36273"},"modified":"2023-06-26T17:50:31","modified_gmt":"2023-06-26T17:50:31","slug":"izlozba-plakati-svjedoci-vremena-vrpolje-u-drugoj-polovici-20-stoljeca","status":"publish","type":"post","link":"https:\/\/historiografija.hr\/?p=36273","title":{"rendered":"Izlo\u017eba \u201ePlakati \u2013 svjedoci vremena\u201c \u2013 Vrpolje u drugoj polovici 20. stolje\u0107a"},"content":{"rendered":"\n<p>U Spomen galeriji Ivana Me\u0161trovi\u0107a u ponedjeljak, 26. lipnja 2023. u 17:30 otvaramo izlo\u017ebu \u201ePlakati \u2013 svjedoci vremena\u201c \u2013 Vrpolje u drugoj polovici 20. stolje\u0107a<\/p>\n\n\n\n<p>Vrpolje, mjesto u kojemu je prije 140 godina, na povratku obitelji u Dalmaciju sa sezonskog rada u Slavoniji, ro\u0111en Ivan Me\u0161trovi\u0107, hrvatski kipar svjetskog glasa, ba\u0161tini tradiciju razvijenog dru\u0161tvenog \u017eivota.<\/p>\n\n\n\n<p>Izlo\u017eba \u201ePlakati \u2013 svjedoci vremena\u201c prilog je boljem poznavanju pro\u0161losti Vrpolja i bogatog dru\u0161tvenog, kulturnog, sportskog i politi\u010dkog \u017eivota koji se u njemu odvijao u razdoblju od 1958. do 1975. godine. Na plakatima su sa\u010duvani nazivi udruga, organizacija, sastava koje vi\u0161e ne djeluju, imena ljudi i lokacija kojih vi\u0161e nema.<\/p>\n\n\n\n<p>Plakati svjedo\u010de o kulturnom potencijalu kojim je Vrpolje raspolagalo kad je, kao na izgled mala sredina, prije vi\u0161e od pola stolje\u0107a, imalo snage otvoriti Spomen galeriju Ivana Me\u0161trovi\u0107a<\/p>\n\n\n\n<p>Izlo\u017eba je prire\u0111ena je u povodu Dana op\u0107ine Vrpolje i ususret skorom otvorenju Kulturno-turisti\u010dkog centra \u201eEko-etno ku\u0107a u Vrpolju\u201c.<\/p>\n\n\n\n<hr class=\"wp-block-separator\"\/>\n\n\n\n<p>Izvor:<\/p>\n\n\n\n<figure class=\"wp-block-embed-wordpress wp-block-embed is-type-wp-embed is-provider-spomen-galerija-ivana-mestrovica-vrpolje\"><div class=\"wp-block-embed__wrapper\">\n<blockquote class=\"wp-embedded-content\" data-secret=\"fTvn10mbLK\"><a href=\"https:\/\/sgimv.hr\/u-spomen-galeriji-ivana-mestrovica-u-ponedjeljak-26-lipnja-2023-u-1730-otvaramo-izlozbu-plakati-svjedoci-vremena-vrpolje-u-drugoj-polovici-20-stoljeca\/\">Izlo\u017eba \u201ePlakati \u2013 svjedoci vremena\u201c \u2013 Vrpolje u drugoj polovici 20. stolje\u0107a<\/a><\/blockquote><iframe loading=\"lazy\" class=\"wp-embedded-content\" sandbox=\"allow-scripts\" security=\"restricted\" style=\"position: absolute; clip: rect(1px, 1px, 1px, 1px);\" title=\"&#8220;Izlo\u017eba \u201ePlakati \u2013 svjedoci vremena\u201c \u2013 Vrpolje u drugoj polovici 20. stolje\u0107a&#8221; &#8212; Spomen galerija Ivana Me\u0161trovi\u0107a Vrpolje\" src=\"https:\/\/sgimv.hr\/u-spomen-galeriji-ivana-mestrovica-u-ponedjeljak-26-lipnja-2023-u-1730-otvaramo-izlozbu-plakati-svjedoci-vremena-vrpolje-u-drugoj-polovici-20-stoljeca\/embed\/#?secret=fTvn10mbLK\" data-secret=\"fTvn10mbLK\" width=\"600\" height=\"338\" frameborder=\"0\" marginwidth=\"0\" marginheight=\"0\" scrolling=\"no\"><\/iframe>\n<\/div><\/figure>\n\n\n\n<hr class=\"wp-block-separator\"\/>\n","protected":false},"excerpt":{"rendered":"","protected":false},"author":2,"featured_media":36274,"comment_status":"open","ping_status":"open","sticky":false,"template":"","format":"standard","meta":{"_acf_changed":false,"jetpack_post_was_ever_published":false,"_jetpack_newsletter_access":"","_jetpack_dont_email_post_to_subs":false,"_jetpack_newsletter_tier_id":0,"_jetpack_memberships_contains_paywalled_content":false,"_jetpack_memberships_contains_paid_content":false,"footnotes":"","jetpack_publicize_message":"","jetpack_publicize_feature_enabled":true,"jetpack_social_post_already_shared":true,"jetpack_social_options":{"image_generator_settings":{"template":"highway","default_image_id":0,"font":"","enabled":false},"version":2}},"categories":[10,3],"tags":[],"class_list":["post-36273","post","type-post","status-publish","format-standard","has-post-thumbnail","hentry","category-izlozbe","category-novosti"],"acf":{"facebook_opis":""},"jetpack_publicize_connections":[],"jetpack_featured_media_url":"https:\/\/i0.wp.com\/historiografija.hr\/wp-content\/uploads\/2023\/06\/PLAKAT-PLAKATI-SVJEDOCI-VREMENA.jpg?fit=1000%2C1400&ssl=1","jetpack_sharing_enabled":true,"jetpack-related-posts":[],"_links":{"self":[{"href":"https:\/\/historiografija.hr\/index.php?rest_route=\/wp\/v2\/posts\/36273","targetHints":{"allow":["GET"]}}],"collection":[{"href":"https:\/\/historiografija.hr\/index.php?rest_route=\/wp\/v2\/posts"}],"about":[{"href":"https:\/\/historiografija.hr\/index.php?rest_route=\/wp\/v2\/types\/post"}],"author":[{"embeddable":true,"href":"https:\/\/historiografija.hr\/index.php?rest_route=\/wp\/v2\/users\/2"}],"replies":[{"embeddable":true,"href":"https:\/\/historiografija.hr\/index.php?rest_route=%2Fwp%2Fv2%2Fcomments&post=36273"}],"version-history":[{"count":1,"href":"https:\/\/historiografija.hr\/index.php?rest_route=\/wp\/v2\/posts\/36273\/revisions"}],"predecessor-version":[{"id":36275,"href":"https:\/\/historiografija.hr\/index.php?rest_route=\/wp\/v2\/posts\/36273\/revisions\/36275"}],"wp:featuredmedia":[{"embeddable":true,"href":"https:\/\/historiografija.hr\/index.php?rest_route=\/wp\/v2\/media\/36274"}],"wp:attachment":[{"href":"https:\/\/historiografija.hr\/index.php?rest_route=%2Fwp%2Fv2%2Fmedia&parent=36273"}],"wp:term":[{"taxonomy":"category","embeddable":true,"href":"https:\/\/historiografija.hr\/index.php?rest_route=%2Fwp%2Fv2%2Fcategories&post=36273"},{"taxonomy":"post_tag","embeddable":true,"href":"https:\/\/historiografija.hr\/index.php?rest_route=%2Fwp%2Fv2%2Ftags&post=36273"}],"curies":[{"name":"wp","href":"https:\/\/api.w.org\/{rel}","templated":true}]}}