{"id":36270,"date":"2023-06-26T17:42:34","date_gmt":"2023-06-26T17:42:34","guid":{"rendered":"http:\/\/historiografija.hr\/?p=36270"},"modified":"2023-06-26T17:42:34","modified_gmt":"2023-06-26T17:42:34","slug":"izlozba-gundulicu-u-spomen-proslava-otkrivanja-spomenika-ivanu-gundulicu-u-dubrovniku-1893-godine","status":"publish","type":"post","link":"https:\/\/historiografija.hr\/?p=36270","title":{"rendered":"Izlo\u017eba \u201eGunduli\u0107u u spomen: Proslava otkrivanja spomenika Ivanu Gunduli\u0107u u Dubrovniku 1893. godine\u201d"},"content":{"rendered":"\n<p>U povodu 130. obljetnice podizanja spomenika hrvatskom pjesniku Ivanu Gunduli\u0107u, Dubrova\u010dki muzeji u ponedjeljak, 26. lipnja 2023. godine s po\u010detkom u 20:30 sati organiziraju u Kne\u017eevu dvoru otvaranje sredi\u0161nje izlo\u017ebe \u201eGunduli\u0107u u spomen: Proslava otkrivanja spomenika Ivanu Gunduli\u0107u u Dubrovniku 1893. godine\u201d autora Tonka Marun\u010di\u0107a.<\/p>\n\n\n\n<p>Na izlo\u017ebi \u0107e biti prikazani originalni srebrni vijenci, svilene vrpce s lovorovih vijenaca koji su bili polo\u017eeni na Gunduli\u0107ev spomenik tijekom trodnevne proslave koju su, povodom njegovog podizanja od 25. do 27. lipnja 1893. godine, organizirali Odbor za podignu\u0107e Gunduli\u0107eva spomenika i dubrova\u010dka op\u0107ina. Tako\u0111er, bit \u0107e izlo\u017eene i originalne fotografije s proslave, dva originalna reljefa Ivana Rendi\u0107a, spomen \u2013 medalje, razglednice, plakati, dokumenti te brzojavi s \u010destitkama.<\/p>\n\n\n\n<p>Slo\u017eeni nacionalno-politi\u010dki odnosi na dubrova\u010dkom podru\u010dju jasno su se istaknuli na trodnevnoj proslavi podizanja spomenika kojeg je izradio kipar Ivan Rendi\u0107. Odbor za podignu\u0107e Gunduli\u0107eva spomenika nastojao je proslavi dati dubrova\u010dki i ju\u017enoslavenski zna\u010daj kako bi se zaobi\u0161la njena nacionalna dimenzija i potvrdila ideja o srpskoj pripadnosti Dubrovnika. No, ona je prerasla u hrvatsko nacionalno slavlje jer su dubrova\u010dki narodnjaci i prava\u0161i te drugi hrvatski gra\u0111ani i dru\u0161tva koji su do\u0161li u Dubrovnik s hrvatskim trobojnicama, pjevaju\u0107i domoljubne pjesme te izvikuju\u0107i politi\u010dke pokli\u010de, proslavi dali hrvatski predznak. Sve \u010ditanije hrvatske novine op\u0161irno su izvje\u0161tavale o uspje\u0161noj kulturnoj i nacionalno-politi\u010dkoj misiji proslave podizanja spomenika Ivanu Gunduli\u0107u, a \u0161iroj je javnosti poslana poruka o hrvatskoj pripadnosti Dubrovnika.<\/p>\n\n\n\n<p>Obilje\u017eavanje 130. obljetnice podizanja Gunduli\u0107eva spomenika zapo\u010det \u0107e u nedjelju, 25. lipnja 2023. u 12:00 sati u Kne\u017eevu dvoru tematski koncipiranim glazbenim programom \u201eProslava u Dvoru\u201c kojeg \u0107e izvesti pijanistica Ivana Jela\u010da i klarinetist Sebastijan Sarapa, uz vodstvo koje donosi svojevrsnu rekonstrukciju teatarske zabave posve\u0107ene Gunduli\u0107evu \u017eivotu i djelu organizirane za uzvanike proslave u Bondinom teatru 25. lipnja 1893. godine. Nakon muzi\u010dke izvedbe, tada su izvedene predstava \u201eSijelo kod Dubrova\u010dkog kneza na koncu XVIII. vijeka\u201c te pjesma u prozi \u201eGunduli\u0107ev san\u201c. Ulaz je slobodan.<\/p>\n\n\n\n<hr class=\"wp-block-separator\"\/>\n\n\n\n<p>Izvor:<\/p>\n\n\n\n<p><a href=\"https:\/\/www.dumus.hr\/hr\/kulturno-povijesni-muzej\/novosti\/sredisnja-izlozba-dubrovackih-muzeja-%e2%80%9egundulicu-u-spomen%e2%80%9c,673.html\">https:\/\/www.dumus.hr\/hr\/kulturno-povijesni-muzej\/novosti\/sredisnja-izlozba-dubrovackih-muzeja-%e2%80%9egundulicu-u-spomen%e2%80%9c,673.html<\/a><\/p>\n\n\n\n<hr class=\"wp-block-separator\"\/>\n","protected":false},"excerpt":{"rendered":"","protected":false},"author":2,"featured_media":36271,"comment_status":"open","ping_status":"open","sticky":false,"template":"","format":"standard","meta":{"_acf_changed":false,"jetpack_post_was_ever_published":false,"_jetpack_newsletter_access":"","_jetpack_dont_email_post_to_subs":false,"_jetpack_newsletter_tier_id":0,"_jetpack_memberships_contains_paywalled_content":false,"_jetpack_memberships_contains_paid_content":false,"footnotes":"","jetpack_publicize_message":"","jetpack_publicize_feature_enabled":true,"jetpack_social_post_already_shared":true,"jetpack_social_options":{"image_generator_settings":{"template":"highway","default_image_id":0,"font":"","enabled":false},"version":2}},"categories":[10,3],"tags":[],"class_list":["post-36270","post","type-post","status-publish","format-standard","has-post-thumbnail","hentry","category-izlozbe","category-novosti"],"acf":{"facebook_opis":""},"jetpack_publicize_connections":[],"jetpack_featured_media_url":"https:\/\/i0.wp.com\/historiografija.hr\/wp-content\/uploads\/2023\/06\/gundulic.jpg?fit=1024%2C1365&ssl=1","jetpack_sharing_enabled":true,"jetpack-related-posts":[],"_links":{"self":[{"href":"https:\/\/historiografija.hr\/index.php?rest_route=\/wp\/v2\/posts\/36270","targetHints":{"allow":["GET"]}}],"collection":[{"href":"https:\/\/historiografija.hr\/index.php?rest_route=\/wp\/v2\/posts"}],"about":[{"href":"https:\/\/historiografija.hr\/index.php?rest_route=\/wp\/v2\/types\/post"}],"author":[{"embeddable":true,"href":"https:\/\/historiografija.hr\/index.php?rest_route=\/wp\/v2\/users\/2"}],"replies":[{"embeddable":true,"href":"https:\/\/historiografija.hr\/index.php?rest_route=%2Fwp%2Fv2%2Fcomments&post=36270"}],"version-history":[{"count":1,"href":"https:\/\/historiografija.hr\/index.php?rest_route=\/wp\/v2\/posts\/36270\/revisions"}],"predecessor-version":[{"id":36272,"href":"https:\/\/historiografija.hr\/index.php?rest_route=\/wp\/v2\/posts\/36270\/revisions\/36272"}],"wp:featuredmedia":[{"embeddable":true,"href":"https:\/\/historiografija.hr\/index.php?rest_route=\/wp\/v2\/media\/36271"}],"wp:attachment":[{"href":"https:\/\/historiografija.hr\/index.php?rest_route=%2Fwp%2Fv2%2Fmedia&parent=36270"}],"wp:term":[{"taxonomy":"category","embeddable":true,"href":"https:\/\/historiografija.hr\/index.php?rest_route=%2Fwp%2Fv2%2Fcategories&post=36270"},{"taxonomy":"post_tag","embeddable":true,"href":"https:\/\/historiografija.hr\/index.php?rest_route=%2Fwp%2Fv2%2Ftags&post=36270"}],"curies":[{"name":"wp","href":"https:\/\/api.w.org\/{rel}","templated":true}]}}