{"id":36262,"date":"2023-06-26T17:26:01","date_gmt":"2023-06-26T17:26:01","guid":{"rendered":"http:\/\/historiografija.hr\/?p=36262"},"modified":"2023-06-26T17:28:04","modified_gmt":"2023-06-26T17:28:04","slug":"predstavljanje-knjige-egidia-ivetica-povijest-jadrana-more-i-njegova-civilizacija-u-zagrebu","status":"publish","type":"post","link":"https:\/\/historiografija.hr\/?p=36262","title":{"rendered":"Predstavljanje knjige Egidia Iveti\u0107a \u201ePovijest Jadrana. More i njegova civilizacija\u201c u Zagrebu"},"content":{"rendered":"\n<p>Predstavljanje \u0107e se odr\u017eati u srijedu, 28. lipnja 2023. u 19.00 sati u Talijanskom institutu za kulturu u Zagrebu, Preobra\u017eenska 4.<\/p>\n\n\n\n<p>U predstavljanju \u0107e sudjelovati:<\/p>\n\n\n\n<p>Egidio Iveti\u0107<\/p>\n\n\n\n<p>Damir Agi\u010di\u0107<\/p>\n\n\n\n<p>Borislav Grgin<\/p>\n\n\n\n<p>Tatjana Peru\u0161ko<\/p>\n\n\n\n<p>Pozdravna rije\u010d: gosp. Gian Luca Borghese, ravnatelj Talijanskog instituta za kulturu.<\/p>\n\n\n\n<p>Predstavljanje \u0107e biti na hrvatskom i talijanskom uz konsekutivni prijevod.<\/p>\n\n\n\n<hr class=\"wp-block-separator\"\/>\n\n\n\n<p>Izvor:<\/p>\n\n\n\n<figure class=\"wp-block-embed-wordpress wp-block-embed is-type-wp-embed is-provider-srednja-europa\"><div class=\"wp-block-embed__wrapper\">\n<blockquote class=\"wp-embedded-content\" data-secret=\"Tw82hJ8MQ6\"><a href=\"https:\/\/srednja-europa.hr\/dogadaji\/zagreb-28-lipnja-2023-predstavljanje-knjige-povijest-jadrana-more-i-njegova-civilizacija\/\">Zagreb, 28. lipnja 2023. &#8211; Predstavljanje knjige Povijest Jadrana. More i njegova civilizacija<\/a><\/blockquote><iframe loading=\"lazy\" class=\"wp-embedded-content\" sandbox=\"allow-scripts\" security=\"restricted\" style=\"position: absolute; clip: rect(1px, 1px, 1px, 1px);\" title=\"&#8220;Zagreb, 28. lipnja 2023. &#8211; Predstavljanje knjige Povijest Jadrana. More i njegova civilizacija&#8221; &#8212; Srednja Europa\" src=\"https:\/\/srednja-europa.hr\/dogadaji\/zagreb-28-lipnja-2023-predstavljanje-knjige-povijest-jadrana-more-i-njegova-civilizacija\/embed\/#?secret=Tw82hJ8MQ6\" data-secret=\"Tw82hJ8MQ6\" width=\"600\" height=\"338\" frameborder=\"0\" marginwidth=\"0\" marginheight=\"0\" scrolling=\"no\"><\/iframe>\n<\/div><\/figure>\n\n\n\n<hr class=\"wp-block-separator\"\/>\n\n\n\n<figure class=\"wp-block-embed-wordpress wp-block-embed is-type-wp-embed is-provider-historiografija-hr\"><div class=\"wp-block-embed__wrapper\">\n<blockquote class=\"wp-embedded-content\" data-secret=\"RlhjigsLzf\"><a href=\"https:\/\/historiografija.hr\/?p=33333\">Egidio Iveti\u0107, \u201ePovijest Jadrana. More i njegova civilizacija\u201c<\/a><\/blockquote><iframe loading=\"lazy\" class=\"wp-embedded-content\" sandbox=\"allow-scripts\" security=\"restricted\" style=\"position: absolute; clip: rect(1px, 1px, 1px, 1px);\" title=\"&#8220;Egidio Iveti\u0107, \u201ePovijest Jadrana. More i njegova civilizacija\u201c&#8221; &#8212; Historiografija.hr\" src=\"https:\/\/historiografija.hr\/?p=33333&#038;embed=true#?secret=RlhjigsLzf\" data-secret=\"RlhjigsLzf\" width=\"600\" height=\"338\" frameborder=\"0\" marginwidth=\"0\" marginheight=\"0\" scrolling=\"no\"><\/iframe>\n<\/div><\/figure>\n\n\n\n<hr class=\"wp-block-separator\"\/>\n","protected":false},"excerpt":{"rendered":"","protected":false},"author":2,"featured_media":36263,"comment_status":"open","ping_status":"open","sticky":false,"template":"","format":"standard","meta":{"_acf_changed":false,"jetpack_post_was_ever_published":false,"_jetpack_newsletter_access":"","_jetpack_dont_email_post_to_subs":false,"_jetpack_newsletter_tier_id":0,"_jetpack_memberships_contains_paywalled_content":false,"_jetpack_memberships_contains_paid_content":false,"footnotes":"","jetpack_publicize_message":"","jetpack_publicize_feature_enabled":true,"jetpack_social_post_already_shared":true,"jetpack_social_options":{"image_generator_settings":{"template":"highway","default_image_id":0,"font":"","enabled":false},"version":2}},"categories":[3],"tags":[],"class_list":["post-36262","post","type-post","status-publish","format-standard","has-post-thumbnail","hentry","category-novosti"],"acf":{"facebook_opis":""},"jetpack_publicize_connections":[],"jetpack_featured_media_url":"https:\/\/i0.wp.com\/historiografija.hr\/wp-content\/uploads\/2023\/06\/Ivetic-pozivnica.jpg?fit=2000%2C943&ssl=1","jetpack_sharing_enabled":true,"jetpack-related-posts":[],"_links":{"self":[{"href":"https:\/\/historiografija.hr\/index.php?rest_route=\/wp\/v2\/posts\/36262","targetHints":{"allow":["GET"]}}],"collection":[{"href":"https:\/\/historiografija.hr\/index.php?rest_route=\/wp\/v2\/posts"}],"about":[{"href":"https:\/\/historiografija.hr\/index.php?rest_route=\/wp\/v2\/types\/post"}],"author":[{"embeddable":true,"href":"https:\/\/historiografija.hr\/index.php?rest_route=\/wp\/v2\/users\/2"}],"replies":[{"embeddable":true,"href":"https:\/\/historiografija.hr\/index.php?rest_route=%2Fwp%2Fv2%2Fcomments&post=36262"}],"version-history":[{"count":3,"href":"https:\/\/historiografija.hr\/index.php?rest_route=\/wp\/v2\/posts\/36262\/revisions"}],"predecessor-version":[{"id":36266,"href":"https:\/\/historiografija.hr\/index.php?rest_route=\/wp\/v2\/posts\/36262\/revisions\/36266"}],"wp:featuredmedia":[{"embeddable":true,"href":"https:\/\/historiografija.hr\/index.php?rest_route=\/wp\/v2\/media\/36263"}],"wp:attachment":[{"href":"https:\/\/historiografija.hr\/index.php?rest_route=%2Fwp%2Fv2%2Fmedia&parent=36262"}],"wp:term":[{"taxonomy":"category","embeddable":true,"href":"https:\/\/historiografija.hr\/index.php?rest_route=%2Fwp%2Fv2%2Fcategories&post=36262"},{"taxonomy":"post_tag","embeddable":true,"href":"https:\/\/historiografija.hr\/index.php?rest_route=%2Fwp%2Fv2%2Ftags&post=36262"}],"curies":[{"name":"wp","href":"https:\/\/api.w.org\/{rel}","templated":true}]}}