{"id":36241,"date":"2023-06-23T14:00:47","date_gmt":"2023-06-23T14:00:47","guid":{"rendered":"http:\/\/historiografija.hr\/?p=36241"},"modified":"2023-10-02T10:59:01","modified_gmt":"2023-10-02T10:59:01","slug":"umro-akademik-dragutin-feletar","status":"publish","type":"post","link":"https:\/\/historiografija.hr\/?p=36241","title":{"rendered":"Umro akademik Dragutin Feletar"},"content":{"rendered":"\n<p>ZAGREB, 22. lipnja 2023. (Hina) &#8211; Istaknuti hrvatski geograf, akademik Dragutin Feletar preminuo je u Koprivnici, u 82. godini \u017eivota, izvijestila je u \u010detvrtak Hrvatska akademija znanosti i umjetnosti, \u010diji je bio redoviti \u010dlan.<\/p>\n\n\n\n<hr class=\"wp-block-separator\"\/>\n\n\n\n<p>Izvori i dodatne obavijesti:<\/p>\n\n\n\n<p><a href=\"https:\/\/www.hina.hr\/vijest\/11351536\">https:\/\/www.hina.hr\/vijest\/11351536<\/a><\/p>\n\n\n\n<figure class=\"wp-block-embed-wordpress wp-block-embed is-type-wp-embed is-provider-hazu\"><div class=\"wp-block-embed__wrapper\">\n<blockquote class=\"wp-embedded-content\" data-secret=\"yjZ4rxhGpI\"><a href=\"https:\/\/www.info.hazu.hr\/en\/2023\/06\/umro-akademik-dragutin-feletar\/\">Umro akademik Dragutin Feletar<\/a><\/blockquote><iframe loading=\"lazy\" class=\"wp-embedded-content\" sandbox=\"allow-scripts\" security=\"restricted\" style=\"position: absolute; clip: rect(1px, 1px, 1px, 1px);\" title=\"&#8220;Umro akademik Dragutin Feletar&#8221; &#8212; HAZU\" src=\"https:\/\/www.info.hazu.hr\/en\/2023\/06\/umro-akademik-dragutin-feletar\/embed\/#?secret=yjZ4rxhGpI\" data-secret=\"yjZ4rxhGpI\" width=\"600\" height=\"338\" frameborder=\"0\" marginwidth=\"0\" marginheight=\"0\" scrolling=\"no\"><\/iframe>\n<\/div><\/figure>\n\n\n\n<p><a href=\"https:\/\/www.facebook.com\/Meridijani\">https:\/\/www.facebook.com\/Meridijani<\/a><\/p>\n\n\n\n<p><a href=\"https:\/\/www.vecernji.hr\/vijesti\/preminuo-akademik-dragutin-feletar-1689700\">https:\/\/www.vecernji.hr\/vijesti\/preminuo-akademik-dragutin-feletar-1689700<\/a><\/p>\n\n\n\n<figure class=\"wp-block-embed-wordpress wp-block-embed is-type-wp-embed is-provider-n-1\"><div class=\"wp-block-embed__wrapper\">\n<blockquote class=\"wp-embedded-content\" data-secret=\"AUYmZYs1ca\"><a href=\"https:\/\/n1info.hr\/vijesti\/preminuo-istaknuti-hrvatski-geograf-dragutin-feletar\/\">Preminuo istaknuti hrvatski geograf Dragutin Feletar<\/a><\/blockquote><iframe loading=\"lazy\" class=\"wp-embedded-content\" sandbox=\"allow-scripts\" security=\"restricted\" style=\"position: absolute; clip: rect(1px, 1px, 1px, 1px);\" title=\"&#8220;Preminuo istaknuti hrvatski geograf Dragutin Feletar&#8221; &#8212; N1\" src=\"https:\/\/n1info.hr\/vijesti\/preminuo-istaknuti-hrvatski-geograf-dragutin-feletar\/embed\/#?secret=m1WWw3Dcu7#?secret=AUYmZYs1ca\" data-secret=\"AUYmZYs1ca\" width=\"600\" height=\"338\" frameborder=\"0\" marginwidth=\"0\" marginheight=\"0\" scrolling=\"no\"><\/iframe>\n<\/div><\/figure>\n\n\n\n<figure class=\"wp-block-embed-wordpress wp-block-embed is-type-wp-embed is-provider-glas-podravine\"><div class=\"wp-block-embed__wrapper\">\n<blockquote class=\"wp-embedded-content\" data-secret=\"Ls6UZ86Bov\"><a href=\"https:\/\/glaspodravine.hr\/preminuo-je-akademik-dragutin-feletar\/\">Preminuo je akademik Dragutin Feletar<\/a><\/blockquote><iframe loading=\"lazy\" class=\"wp-embedded-content\" sandbox=\"allow-scripts\" security=\"restricted\" style=\"position: absolute; clip: rect(1px, 1px, 1px, 1px);\" title=\"&#8220;Preminuo je akademik Dragutin Feletar&#8221; &#8212; Glas Podravine\" src=\"https:\/\/glaspodravine.hr\/preminuo-je-akademik-dragutin-feletar\/embed\/#?secret=glm3FBBo0B#?secret=Ls6UZ86Bov\" data-secret=\"Ls6UZ86Bov\" width=\"600\" height=\"338\" frameborder=\"0\" marginwidth=\"0\" marginheight=\"0\" scrolling=\"no\"><\/iframe>\n<\/div><\/figure>\n\n\n\n<figure class=\"wp-block-embed-wordpress wp-block-embed is-type-wp-embed is-provider-podravski\"><div class=\"wp-block-embed__wrapper\">\n<blockquote class=\"wp-embedded-content\" data-secret=\"VitqhWY6O0\"><a href=\"https:\/\/podravski.hr\/tuzna-vijest-sinoc-u-bolnici-preminuo-ugledni-akademik-dragutin-feletar-82\/\">TU\u017dNA VIJEST Sino\u0107 u bolnici preminuo ugledni akademik Dragutin Feletar (82)<\/a><\/blockquote><iframe loading=\"lazy\" class=\"wp-embedded-content\" sandbox=\"allow-scripts\" security=\"restricted\" style=\"position: absolute; clip: rect(1px, 1px, 1px, 1px);\" title=\"&#8220;TU\u017dNA VIJEST Sino\u0107 u bolnici preminuo ugledni akademik Dragutin Feletar (82)&#8221; &#8212; Podravski\" src=\"https:\/\/podravski.hr\/tuzna-vijest-sinoc-u-bolnici-preminuo-ugledni-akademik-dragutin-feletar-82\/embed\/#?secret=vrQZx5TANu#?secret=VitqhWY6O0\" data-secret=\"VitqhWY6O0\" width=\"600\" height=\"338\" frameborder=\"0\" marginwidth=\"0\" marginheight=\"0\" scrolling=\"no\"><\/iframe>\n<\/div><\/figure>\n\n\n\n<hr class=\"wp-block-separator\"\/>\n\n\n\n<p><a href=\"https:\/\/www.matica.hr\/vijenac\/765\/svestrani-geograf-zasluzni-maticar-34920\/\">https:\/\/www.matica.hr\/vijenac\/765\/svestrani-geograf-zasluzni-maticar-34920\/<\/a><\/p>\n\n\n\n<hr class=\"wp-block-separator\"\/>\n\n\n\n<p><a href=\"https:\/\/www.matica.hr\/kolo\/759\/istaknuti-hrvatski-geograf-pisac-i-prosvjetitelj-35126\/\">https:\/\/www.matica.hr\/kolo\/759\/istaknuti-hrvatski-geograf-pisac-i-prosvjetitelj-35126\/<\/a><\/p>\n\n\n\n<hr class=\"wp-block-separator\"\/>\n","protected":false},"excerpt":{"rendered":"","protected":false},"author":2,"featured_media":36242,"comment_status":"open","ping_status":"open","sticky":false,"template":"","format":"standard","meta":{"_acf_changed":false,"jetpack_post_was_ever_published":false,"_jetpack_newsletter_access":"","_jetpack_dont_email_post_to_subs":false,"_jetpack_newsletter_tier_id":0,"_jetpack_memberships_contains_paywalled_content":false,"_jetpack_memberships_contains_paid_content":false,"footnotes":"","jetpack_publicize_message":"","jetpack_publicize_feature_enabled":true,"jetpack_social_post_already_shared":true,"jetpack_social_options":{"image_generator_settings":{"template":"highway","default_image_id":0,"font":"","enabled":false},"version":2}},"categories":[3,20],"tags":[],"class_list":["post-36241","post","type-post","status-publish","format-standard","has-post-thumbnail","hentry","category-novosti","category-obavijesti-o-smrti-i-nekrolozi"],"acf":{"facebook_opis":""},"jetpack_publicize_connections":[],"jetpack_featured_media_url":"https:\/\/i0.wp.com\/historiografija.hr\/wp-content\/uploads\/2023\/06\/Dragutin_Feletar.jpg?fit=349%2C378&ssl=1","jetpack_sharing_enabled":true,"jetpack-related-posts":[],"_links":{"self":[{"href":"https:\/\/historiografija.hr\/index.php?rest_route=\/wp\/v2\/posts\/36241","targetHints":{"allow":["GET"]}}],"collection":[{"href":"https:\/\/historiografija.hr\/index.php?rest_route=\/wp\/v2\/posts"}],"about":[{"href":"https:\/\/historiografija.hr\/index.php?rest_route=\/wp\/v2\/types\/post"}],"author":[{"embeddable":true,"href":"https:\/\/historiografija.hr\/index.php?rest_route=\/wp\/v2\/users\/2"}],"replies":[{"embeddable":true,"href":"https:\/\/historiografija.hr\/index.php?rest_route=%2Fwp%2Fv2%2Fcomments&post=36241"}],"version-history":[{"count":3,"href":"https:\/\/historiografija.hr\/index.php?rest_route=\/wp\/v2\/posts\/36241\/revisions"}],"predecessor-version":[{"id":37309,"href":"https:\/\/historiografija.hr\/index.php?rest_route=\/wp\/v2\/posts\/36241\/revisions\/37309"}],"wp:featuredmedia":[{"embeddable":true,"href":"https:\/\/historiografija.hr\/index.php?rest_route=\/wp\/v2\/media\/36242"}],"wp:attachment":[{"href":"https:\/\/historiografija.hr\/index.php?rest_route=%2Fwp%2Fv2%2Fmedia&parent=36241"}],"wp:term":[{"taxonomy":"category","embeddable":true,"href":"https:\/\/historiografija.hr\/index.php?rest_route=%2Fwp%2Fv2%2Fcategories&post=36241"},{"taxonomy":"post_tag","embeddable":true,"href":"https:\/\/historiografija.hr\/index.php?rest_route=%2Fwp%2Fv2%2Ftags&post=36241"}],"curies":[{"name":"wp","href":"https:\/\/api.w.org\/{rel}","templated":true}]}}