{"id":36224,"date":"2023-06-22T17:58:35","date_gmt":"2023-06-22T17:58:35","guid":{"rendered":"http:\/\/historiografija.hr\/?p=36224"},"modified":"2023-06-22T17:58:35","modified_gmt":"2023-06-22T17:58:35","slug":"sanja-ivekovic-works-of-heart-1970-2023","status":"publish","type":"post","link":"https:\/\/historiografija.hr\/?p=36224","title":{"rendered":"Sanja Ivekovi\u0107: Works of Heart (1970.-2023.)"},"content":{"rendered":"\n<p><strong>15.06.2023 &#8211; 01.11.2023 \/ MSU, 1. i 2. kat povremenih izlo\u017ebi<\/strong><\/p>\n\n\n\n<hr class=\"wp-block-separator\"\/>\n\n\n\n<p><strong>Works of Heart (1970. &#8211; 2023.)<\/strong> prva je sveobuhvatna muzejska retrospektiva jedne od najva\u017enijih hrvatskih umjetnica, <strong>Sanje Ivekovi\u0107<\/strong>, u njezinom gradu. Izlo\u017eba u kustoskoj koncepciji Zdenke Badovinac je rezultat suradnje Muzeja suvremene umjetnosti u Zagrebu i Kusthallea u Be\u010du, gdje je premijerno prikazana pro\u0161le godine.&nbsp;Iako dijele isti naslov, zagreba\u010dka je izlo\u017eba opse\u017enija i prilago\u0111ena specifi\u010dnom prostoru zagreba\u010dkog muzeja. Izlo\u017eba uklju\u010duje nove produkcije \u201eTrudna memorija\u201c (Pregnant Memory) i \u201eIzvje\u0161taj u sjeni\u201c (Shadow Report), veliki broj radova iz kolekcije MSU, te novi segment: arhiv pod nazivom \u201eTo\u010dke susreta: Dokumenti u nastajanju, 1968.-1982.\u201c koji za ovu prigodu kurira Ivana Bago, kao i presjek autori\u010dinih aktivisti\u010dkih aktivnosti.&nbsp;&nbsp;<\/p>\n\n\n\n<p>Retrospektiva i arhiv su u dijalogu i dijele narativ aktiviran naslovom izlo\u017ebe, \u201cWorks of Heart\u201d u kojem se kroz metaforu srca rad Sanje Ivekovi\u0107 predstavlja kao generator raznorodnih susreta, odnosa i akcija. Zagreba\u010dki muzej je i sam mjesto susreta, budu\u0107i da je arhiv strukturiran oko umjetni\u010dina ranog djelovanja i njezine prve ve\u0107e samostalne izlo\u017ebe, \u201cDokumenti 1949.-1976.\u201d, predstavljene 1976. godine u Galeriji suvremene umjetnosti u Zagrebu, prete\u010di dana\u0161njeg muzeja. Nadovezuju\u0107i se na metodologiju te izlo\u017ebe, koja je \u2018dokumentiranjem\u2019 osobne povijesti umjetnice u isto vrijeme konstruirala kriti\u010dku povijest sada\u0161njosti, arhiv rani rad Sanje Ivekovi\u0107 promatra kao dokument koji se obra\u0107a kako pro\u0161losti tako i sada\u0161njosti.<\/p>\n\n\n\n<p>Poput mnogih izlo\u017ebi Sanje Ivekovi\u0107, izlo\u017eba \u201cWorks of Heart\u201d nazvana je prema jednom od umjetni\u010dinih radova koji je predstavljen na istoimenoj izlo\u017ebi u Galeriji Josip Ra\u010di\u0107 u Zagrebu 2001. godine. Ivekovi\u0107 je preuzela ovaj naslov sa stranica New York Timesa iz velja\u010de 1994., kada je uz fotografiju i izvje\u0161\u0107e o pokolju civila na sarajevskoj tr\u017enici objavljen reklamni oglas za ogrlicu sa privjeskom u obliku srca za Valentinovo. Ivekovi\u0107 je od ratne fotografije i reklame napravila dva odvojena plakata, uve\u0107avaju\u0107i i nagla\u0161avaju\u0107i novinsku jukstapoziciju \u017eenskog modela koji reklamira ogrlicu i ranjene \u017eene koja u fotografiji ilustrira izvje\u0161\u0107e o masakru. Srcolika ogrlica, kao i zatvorene o\u010di \u017eena na obje fotografije, upu\u0107uju na jedno mogu\u0107e tuma\u010denje naslova izlo\u017ebe, kojim se podcrtava posve\u0107enost umjetnice dekonstrukciji stereotipnih prikaza \u017eena \u2013 u ovom slu\u010daju \u017eene kao utjelovljenja emocija i sentimentalnih motiva.<\/p>\n\n\n\n<p>Pored toga \u0161to upu\u0107uje na stereotipe \u017eenskog odnosa prema svijetu, srce je i metafora za umjetnost shva\u0107enu kao neku vrstu stroja koji istovremeno reagira na, i proizvodi dru\u0161tveno-politi\u010dki kontekst. Tijekom posljednjih pedeset godina, i u socijalisti\u010dkoj Jugoslaviji i u suvremenoj globalno-kapitalisti\u010dkoj stvarnosti, umjetni\u010dko djelovanje Sanje Ivekovi\u0107 razvijalo se kroz feministi\u010dku artikulaciju razli\u010ditih anga\u017eiranih pozicija u odnosu na dru\u0161tveno-politi\u010dku stvarnost. Srce u naslovu ove izlo\u017ebe je i podsjetnik da je na\u0161em dru\u0161tvu potrebno vi\u0161e solidarnosti u vremenu kada se krize ni\u017eu jedna za drugom.<\/p>\n\n\n\n<p>Kako bismo se borili za bolji svijet, moramo sa\u010duvati i sje\u0107anje na emancipacijske borbe iz pro\u0161losti, \u0161to je jo\u0161 jedan va\u017ean aspekt umjetni\u010dke prakse Sanje Ivekovi\u0107, te istaknut naglasak izlo\u017ebe, koja uklju\u010duje i produkciju zagreba\u010dke verzije umjetni\u010dina slavnog rada Lady Rosa of Luxembourg (2001.) pod novim naslovom, \u201cTrudna memorija\u201d. Posve\u0107en heroinama antifa\u0161isti\u010dke borbe u Drugom svjetskom ratu, rad se nastavlja i na druge ranije projekte, kao \u0161to je \u201cGen XX\u201d (1997.-2001.). Umjetni\u010dina majka, Nera \u0160afari\u0107-Ivekovi\u0107, i sama je bila sudionica antifa\u0161isti\u010dkog pokreta, zbog \u010dega je bila uhi\u0107ena i zarobljena u Auschwitzu. Va\u017ean dio izlo\u017ebe je i umjetni\u010dina knjiga s maj\u010dinim pjesmama, fotografijama i dokumentima, koja je producirana u sklopu izlo\u017ebe u Be\u010du. Naslov knjige, nazvane prema jednoj od pjesama \u201cJao si ga onome tko se boji duhova\u201d upu\u0107uje i na aspekt izlo\u017ebe koji se bavi temama gubitka, nestanka i nereprezentativnih, izbrisanih povijesti.<\/p>\n\n\n\n<p>Umjetnost Sanje Ivekovi\u0107 \u017eiva je poput njezina srca; \u017eeli ostaviti tragove u realnosti i sadr\u017ei performativnu snagu koja te\u017ei rodnoj jednakosti, antifa\u0161izmu, emancipaciji kolektivne memorije i solidarnosti.<\/p>\n\n\n\n<p><strong>Sanja Ivekovi\u0107 <\/strong>ro\u0111ena je u Zagrebu 1949. Diplomirala na zagreba\u010dkoj Akademiji likovnih umjetnosti 1970., kada po\u010dinje i izlagati. Sudjeluje na mnogim izlo\u017ebama u zemlji i inozemstvu (Paris Bienale, Sao Paolo Biennale, Manifesta, Documenta, Liverpool Biennale, Istanbul Biennale, Prag Biennale i dr.), a video radovi i video instalacije izlagani na brojnim me\u0111unarodnim video festivalima (Ljubljana, Berlin, Geneva, Paris, Montreal, Los Angeles, Locarno, Tokyo, Haag, Osnabr\u00fcck, Bonn, Dessau i dr.). Stipendistica kanadske vlade za gostuju\u0107e strane umjetnike 1979., 1990. i 1994., a 1994. dobitnica ameri\u010dke stipendije Arts Link. Boravi u Berlinu 2005. i 2006. kao dobitnica stipendije njema\u010dke vlade (DAAD). Retrospektivne izlo\u017ebe u: Galerie am Taxispalais, Innsbruck (2001.), nGbK Berlin (2001.), K\u00f6elnischer Kunstverein, K\u00f6ln (2006.), G\u00f6teborgs Konsthall, G\u00f6teborg (2006.), Fundaci\u00f3 Antoni T\u00e0pies, Barcelona (2007.). Radovi u zbirkama brojnih muzeja, npr.: MoMA, New York; Mus\u00e9e National d&#8217;art Modern Centre Pompidou, Pariz; Contemporary Art Museum, Kumamoto; Generali Foundation, Be\u010d; Tate Modern, London.<br>Bavi se i \u017eenskim aktivizmom; osniva\u010dica i \u010dlanica nekoliko hrvatskih \u017eenskih nevladinih udruga.<\/p>\n\n\n\n<p><strong>Works of Heart (1970\u20132023)<\/strong><br><strong>Retrospektiva&nbsp;<\/strong><br>Kustosica: Zdenka Badovinac<br>Kordinatorica: Martina Munivrana<br>Asistentica kustosice i produkcije: Petra Cegur<br>Arhitektura postava izlo\u017ebe: Ana Martina Baki\u0107<br>Vizualni identitet izlo\u017ebe, dizajn kataloga i grafi\u010dki dizajn: Rafaela Dra\u017ei\u0107<\/p>\n\n\n\n<p><br><strong>Meeting Points: Documents in the Making, 1968-1982<\/strong><br><strong>Arhiv&nbsp;<\/strong><br>Kustosica: Ivana Bago<br>Asistentica kustosice i produkcije: Renata Fil\u010di\u0107<br>Arhitektura postava izlo\u017ebe: Zbyn\u011bk Baladr\u00e1n<br>Dizajn izlo\u017ebe:&nbsp;Ivana Bago,&nbsp;Zbyn\u011bk Baladr\u00e1n<br>\u200bGrafi\u010dki dizajn: Sanja Kuzmanovi\u0107<\/p>\n\n\n\n<p>Partneri i sponzori: Kunsthalle Wien, Grad Zagreb, Ministarstvo kulture i medija RH, Turisti\u010dka zajednica Grada Zagreba, Stratkom, Erste, Jutarnji, Ina<\/p>\n\n\n\n<hr class=\"wp-block-separator\"\/>\n\n\n\n<p>Izvor:<\/p>\n\n\n\n<p><a href=\"http:\/\/www.msu.hr\/dogadanja\/sanja-ivekovic-works-of-heart-(1970-2023-)\/1143.html\">http:\/\/www.msu.hr\/dogadanja\/sanja-ivekovic-works-of-heart-(1970-2023-)\/1143.html<\/a><\/p>\n\n\n\n<hr class=\"wp-block-separator\"\/>\n","protected":false},"excerpt":{"rendered":"","protected":false},"author":2,"featured_media":36225,"comment_status":"open","ping_status":"open","sticky":false,"template":"","format":"standard","meta":{"_acf_changed":false,"jetpack_post_was_ever_published":false,"_jetpack_newsletter_access":"","_jetpack_dont_email_post_to_subs":false,"_jetpack_newsletter_tier_id":0,"_jetpack_memberships_contains_paywalled_content":false,"_jetpack_memberships_contains_paid_content":false,"footnotes":"","jetpack_publicize_message":"","jetpack_publicize_feature_enabled":true,"jetpack_social_post_already_shared":true,"jetpack_social_options":{"image_generator_settings":{"template":"highway","default_image_id":0,"font":"","enabled":false},"version":2}},"categories":[10,3],"tags":[],"class_list":["post-36224","post","type-post","status-publish","format-standard","has-post-thumbnail","hentry","category-izlozbe","category-novosti"],"acf":{"facebook_opis":""},"jetpack_publicize_connections":[],"jetpack_featured_media_url":"https:\/\/i0.wp.com\/historiografija.hr\/wp-content\/uploads\/2023\/06\/sanja-ivekovic-msu.jpg?fit=542%2C768&ssl=1","jetpack_sharing_enabled":true,"jetpack-related-posts":[],"_links":{"self":[{"href":"https:\/\/historiografija.hr\/index.php?rest_route=\/wp\/v2\/posts\/36224","targetHints":{"allow":["GET"]}}],"collection":[{"href":"https:\/\/historiografija.hr\/index.php?rest_route=\/wp\/v2\/posts"}],"about":[{"href":"https:\/\/historiografija.hr\/index.php?rest_route=\/wp\/v2\/types\/post"}],"author":[{"embeddable":true,"href":"https:\/\/historiografija.hr\/index.php?rest_route=\/wp\/v2\/users\/2"}],"replies":[{"embeddable":true,"href":"https:\/\/historiografija.hr\/index.php?rest_route=%2Fwp%2Fv2%2Fcomments&post=36224"}],"version-history":[{"count":1,"href":"https:\/\/historiografija.hr\/index.php?rest_route=\/wp\/v2\/posts\/36224\/revisions"}],"predecessor-version":[{"id":36226,"href":"https:\/\/historiografija.hr\/index.php?rest_route=\/wp\/v2\/posts\/36224\/revisions\/36226"}],"wp:featuredmedia":[{"embeddable":true,"href":"https:\/\/historiografija.hr\/index.php?rest_route=\/wp\/v2\/media\/36225"}],"wp:attachment":[{"href":"https:\/\/historiografija.hr\/index.php?rest_route=%2Fwp%2Fv2%2Fmedia&parent=36224"}],"wp:term":[{"taxonomy":"category","embeddable":true,"href":"https:\/\/historiografija.hr\/index.php?rest_route=%2Fwp%2Fv2%2Fcategories&post=36224"},{"taxonomy":"post_tag","embeddable":true,"href":"https:\/\/historiografija.hr\/index.php?rest_route=%2Fwp%2Fv2%2Ftags&post=36224"}],"curies":[{"name":"wp","href":"https:\/\/api.w.org\/{rel}","templated":true}]}}