{"id":36209,"date":"2023-06-21T23:00:55","date_gmt":"2023-06-21T23:00:55","guid":{"rendered":"http:\/\/historiografija.hr\/?p=36209"},"modified":"2023-06-21T23:00:55","modified_gmt":"2023-06-21T23:00:55","slug":"popratni-program-u-sklopu-izlozbe-glasovi-otpora","status":"publish","type":"post","link":"https:\/\/historiografija.hr\/?p=36209","title":{"rendered":"Popratni program u sklopu izlo\u017ebe \u201eGlasovi otpora\u201c"},"content":{"rendered":"\n<p>Mre\u017ea antifa\u0161istkinja Zagreba organizira popratni program u sklopu izlo\u017ebe Glasovi otpora i povodom Dana antifa\u0161isti\u010dke borbe:<\/p>\n\n\n\n<p>27. lipnja 2023. (19h &#8211; dvorana KIC-a, Zagreb) u suradnji s feministi\u010dkim kolektivom fAKTIV organiziramo predavanje Ankice \u010cakardi\u0107 &#8220;Fa\u0161izam kao simptom krize kapitalizma &#8211; Lekcije Clare Zetkin iz 1923.&#8221;. Predavanje se odr\u017eava povodom 90. godi\u0161njice smrti Clare Zetkin i 100. godi\u0161njice objave njene Rezolucije o fa\u0161izmu na Tre\u0107em pro\u0161irenom plenumu Izvr\u0161nog odbora Komunisti\u010dke internacionale.<\/p>\n\n\n\n<p>29. lipnja 2023. (19h &#8211; dvorana KIC-a, Zagreb) organiziramo projekciju dokumentarnog filma &#8220;Duhovi Zagreba&#8221; i razgovor s autorom Jadranom Bobanom. Pro\u0161e\u0107ite stazom sje\u0107anja u dru\u0161tvu petorice devedesetogodi\u0161njaka, biv\u0161ih pripadnika Narodnooslobodila\u010dkog pokreta, dok \u0161e\u0107u ulicama Zagreba prisje\u0107aju\u0107i se njegove zaboravljene pro\u0161losti.<\/p>\n\n\n\n<p>30. lipnja 2023. (19h &#8211; Galerija Forum, Zagreb) organiziramo predstavljanje zbornika &#8220;Kartografija otpora&#8221; (RLS, 2022.), te prigodno zatvaramo izlo\u017ebu Glasovi otpora &#8211; prakse antifa\u0161isti\u010dke propagande u okupiranom Zagrebu, a koju mo\u017eete pogledati u Galeriji Forum do 1. srpnja.<\/p>\n\n\n\n<hr class=\"wp-block-separator\"\/>\n\n\n\n<p>Izvor:<\/p>\n\n\n\n<p><a href=\"https:\/\/www.facebook.com\/events\/6288947871181611\/?ref=newsfeed\">https:\/\/www.facebook.com\/events\/6288947871181611\/<\/a><\/p>\n\n\n\n<hr class=\"wp-block-separator\"\/>\n\n\n\n<p><\/p>\n","protected":false},"excerpt":{"rendered":"","protected":false},"author":2,"featured_media":36210,"comment_status":"open","ping_status":"open","sticky":false,"template":"","format":"standard","meta":{"_acf_changed":false,"jetpack_post_was_ever_published":false,"_jetpack_newsletter_access":"","_jetpack_dont_email_post_to_subs":false,"_jetpack_newsletter_tier_id":0,"_jetpack_memberships_contains_paywalled_content":false,"_jetpack_memberships_contains_paid_content":false,"footnotes":"","jetpack_publicize_message":"","jetpack_publicize_feature_enabled":true,"jetpack_social_post_already_shared":true,"jetpack_social_options":{"image_generator_settings":{"template":"highway","default_image_id":0,"font":"","enabled":false},"version":2}},"categories":[13,10,3],"tags":[],"class_list":["post-36209","post","type-post","status-publish","format-standard","has-post-thumbnail","hentry","category-filmovi-i-serije","category-izlozbe","category-novosti"],"acf":{"facebook_opis":""},"jetpack_publicize_connections":[],"jetpack_featured_media_url":"https:\/\/i0.wp.com\/historiografija.hr\/wp-content\/uploads\/2023\/06\/Glasovi-otpora-popratni-program.jpg?fit=1834%2C960&ssl=1","jetpack_sharing_enabled":true,"jetpack-related-posts":[],"_links":{"self":[{"href":"https:\/\/historiografija.hr\/index.php?rest_route=\/wp\/v2\/posts\/36209","targetHints":{"allow":["GET"]}}],"collection":[{"href":"https:\/\/historiografija.hr\/index.php?rest_route=\/wp\/v2\/posts"}],"about":[{"href":"https:\/\/historiografija.hr\/index.php?rest_route=\/wp\/v2\/types\/post"}],"author":[{"embeddable":true,"href":"https:\/\/historiografija.hr\/index.php?rest_route=\/wp\/v2\/users\/2"}],"replies":[{"embeddable":true,"href":"https:\/\/historiografija.hr\/index.php?rest_route=%2Fwp%2Fv2%2Fcomments&post=36209"}],"version-history":[{"count":1,"href":"https:\/\/historiografija.hr\/index.php?rest_route=\/wp\/v2\/posts\/36209\/revisions"}],"predecessor-version":[{"id":36211,"href":"https:\/\/historiografija.hr\/index.php?rest_route=\/wp\/v2\/posts\/36209\/revisions\/36211"}],"wp:featuredmedia":[{"embeddable":true,"href":"https:\/\/historiografija.hr\/index.php?rest_route=\/wp\/v2\/media\/36210"}],"wp:attachment":[{"href":"https:\/\/historiografija.hr\/index.php?rest_route=%2Fwp%2Fv2%2Fmedia&parent=36209"}],"wp:term":[{"taxonomy":"category","embeddable":true,"href":"https:\/\/historiografija.hr\/index.php?rest_route=%2Fwp%2Fv2%2Fcategories&post=36209"},{"taxonomy":"post_tag","embeddable":true,"href":"https:\/\/historiografija.hr\/index.php?rest_route=%2Fwp%2Fv2%2Ftags&post=36209"}],"curies":[{"name":"wp","href":"https:\/\/api.w.org\/{rel}","templated":true}]}}