{"id":36175,"date":"2023-06-20T20:23:37","date_gmt":"2023-06-20T20:23:37","guid":{"rendered":"http:\/\/historiografija.hr\/?p=36175"},"modified":"2023-06-20T20:23:37","modified_gmt":"2023-06-20T20:23:37","slug":"izlozba-ante-starcevic-200-obljetnica-rodenja","status":"publish","type":"post","link":"https:\/\/historiografija.hr\/?p=36175","title":{"rendered":"Izlo\u017eba \u201eAnte Star\u010devi\u0107 &#8211; 200. obljetnica ro\u0111enja\u201c"},"content":{"rendered":"\n<p>Gradska knji\u017enica (Zagreb), 25.05. &#8211; 30.06.2023.<\/p>\n\n\n\n<hr class=\"wp-block-separator\"\/>\n\n\n\n<p>25. svibnja u auli Gradske knji\u017enice postavljena je izlo\u017eba posve\u0107ena Anti Star\u010devi\u0107u. Prire\u0111ena je u povodu 200. obljetnice njegova ro\u0111enja, Dana dr\u017eavnosti i Dana grada Zagreba.<br><br>Izlo\u017eba predstavlja izvornu gra\u0111u iz fonda Gradske knji\u017enice u Zagrebu, smje\u0161tene u Star\u010devi\u0107evu domu \u2013 zgradi koju je hrvatski narod dobrovoljnim prilozima izgradio ovom dosljednom hrvatskom politi\u010daru, koji je \u017eivot proveo u asketskoj skromnosti, predan radu za dobrobit svojega naroda.<br><br>Polazi\u0161te i cilj njegova programa bila je uspostava samostalne Hrvatske. Politi\u010dki uzor bila mu je Francuska, ustavna republika u kojoj je zajam\u010dena sloboda i jednako pravo pred zakonom za sve njezine stanovnike bez razlike. Nadahnjivala su ga filozofska djela \u00a0Jean-Jacquesa Rousseaua i francuskih prosvjetiteljskih mislilaca koja su stvorila preduvjete za preobrazbu europskoga dru\u0161tva iz feudalnih monarhija u moderne gra\u0111anske dr\u017eave. U te\u017enji za postizanjem tog cilja, utemeljio je Stranku prava i osmislio njezin program. Isticao je va\u017enost etike u politi\u010dkom djelovanju, a visoke eti\u010dke standarde posvjedo\u010dio je svojim \u017eivotom.<br><br>Izlo\u017eba se sastoji od izvornih izdanja djela Ante Star\u010devi\u0107a, djela napisanih njemu u \u010dast, kao i od knjiga koje znanstvenim pristupom prou\u010davaju prava\u0161ku misao i razdoblje u kojem je Star\u010devi\u0107 \u017eivio i djelovao. Popra\u0107ena je panoima koji vode kroz nekoliko tematskih cjelina: \u017eivotni put Ante Star\u010devi\u0107a, izvorno prava\u0161tvo, te odjeci prava\u0161kog nauka kod hrvatskih knji\u017eevnika, uz osvrt na Star\u010devi\u0107ev odnos prema hrvatskom jeziku.<br><br>Posebno zahvaljujemo Arhivu Odsjeka za povijest hrvatske knji\u017eevnosti Zavoda za povijest hrvatske knji\u017eevnosti, kazali\u0161ta i glazbe HAZU, koji je u svrhu ove izlo\u017ebe ustupio presnimku fotografije Ante Star\u010devi\u0107a iz Osobnog arhivskog fonda Antuna Gustava Mato\u0161a.<br><br>Dio Star\u010devi\u0107evih djela, monografija Kerubina \u0160egvi\u0107a i druga gra\u0111a vezana uz Antu Star\u010devi\u0107a u cijelosti je dostupna unutar Digitalnih zbirki Knji\u017enica grada Zagreba na sljede\u0107oj poveznici:\u00a0<\/p>\n\n\n\n<p><a rel=\"noreferrer noopener\" href=\"https:\/\/digitalnezbirke.kgz.hr\/?pr=l&amp;msq=Star%C4%8Devi%C4%87\" target=\"_blank\">https:\/\/digitalnezbirke.kgz.hr\/?pr=l&amp;msq=Star%C4%8Devi%C4%87<\/a><\/p>\n\n\n\n<p>D. P.<\/p>\n\n\n\n<p>&nbsp;<br>Autorica izlo\u017ebe: Dubravka Petek<br>Grafi\u010dko oblikovanje: Mihael Bily<br>Lektura: Sara D\u017eapo<br>&nbsp;<\/p>\n\n\n\n<hr class=\"wp-block-separator\"\/>\n\n\n\n<p>Izvor:<\/p>\n\n\n\n<p><a href=\"https:\/\/www.kgz.hr\/hr\/dogadjanja\/ante-starcevic-200-obljetnica-rodjenja\/63712\">https:\/\/www.kgz.hr\/hr\/dogadjanja\/ante-starcevic-200-obljetnica-rodjenja\/63712<\/a><\/p>\n\n\n\n<hr class=\"wp-block-separator\"\/>\n","protected":false},"excerpt":{"rendered":"","protected":false},"author":2,"featured_media":36176,"comment_status":"open","ping_status":"open","sticky":false,"template":"","format":"standard","meta":{"_acf_changed":false,"jetpack_post_was_ever_published":false,"_jetpack_newsletter_access":"","_jetpack_dont_email_post_to_subs":false,"_jetpack_newsletter_tier_id":0,"_jetpack_memberships_contains_paywalled_content":false,"_jetpack_memberships_contains_paid_content":false,"footnotes":"","jetpack_publicize_message":"","jetpack_publicize_feature_enabled":true,"jetpack_social_post_already_shared":true,"jetpack_social_options":{"image_generator_settings":{"template":"highway","default_image_id":0,"font":"","enabled":false},"version":2}},"categories":[10,3],"tags":[],"class_list":["post-36175","post","type-post","status-publish","format-standard","has-post-thumbnail","hentry","category-izlozbe","category-novosti"],"acf":{"facebook_opis":""},"jetpack_publicize_connections":[],"jetpack_featured_media_url":"https:\/\/i0.wp.com\/historiografija.hr\/wp-content\/uploads\/2023\/06\/starcevic_web.jpg?fit=250%2C381&ssl=1","jetpack_sharing_enabled":true,"jetpack-related-posts":[],"_links":{"self":[{"href":"https:\/\/historiografija.hr\/index.php?rest_route=\/wp\/v2\/posts\/36175","targetHints":{"allow":["GET"]}}],"collection":[{"href":"https:\/\/historiografija.hr\/index.php?rest_route=\/wp\/v2\/posts"}],"about":[{"href":"https:\/\/historiografija.hr\/index.php?rest_route=\/wp\/v2\/types\/post"}],"author":[{"embeddable":true,"href":"https:\/\/historiografija.hr\/index.php?rest_route=\/wp\/v2\/users\/2"}],"replies":[{"embeddable":true,"href":"https:\/\/historiografija.hr\/index.php?rest_route=%2Fwp%2Fv2%2Fcomments&post=36175"}],"version-history":[{"count":1,"href":"https:\/\/historiografija.hr\/index.php?rest_route=\/wp\/v2\/posts\/36175\/revisions"}],"predecessor-version":[{"id":36177,"href":"https:\/\/historiografija.hr\/index.php?rest_route=\/wp\/v2\/posts\/36175\/revisions\/36177"}],"wp:featuredmedia":[{"embeddable":true,"href":"https:\/\/historiografija.hr\/index.php?rest_route=\/wp\/v2\/media\/36176"}],"wp:attachment":[{"href":"https:\/\/historiografija.hr\/index.php?rest_route=%2Fwp%2Fv2%2Fmedia&parent=36175"}],"wp:term":[{"taxonomy":"category","embeddable":true,"href":"https:\/\/historiografija.hr\/index.php?rest_route=%2Fwp%2Fv2%2Fcategories&post=36175"},{"taxonomy":"post_tag","embeddable":true,"href":"https:\/\/historiografija.hr\/index.php?rest_route=%2Fwp%2Fv2%2Ftags&post=36175"}],"curies":[{"name":"wp","href":"https:\/\/api.w.org\/{rel}","templated":true}]}}