{"id":36164,"date":"2023-06-19T21:37:07","date_gmt":"2023-06-19T21:37:07","guid":{"rendered":"http:\/\/historiografija.hr\/?p=36164"},"modified":"2023-06-19T21:37:07","modified_gmt":"2023-06-19T21:37:07","slug":"poziv-za-prijavu-na-medunarodni-znanstveni-skup-granice-iscrtavanje-brisanje-i-prekoracenje","status":"publish","type":"post","link":"https:\/\/historiografija.hr\/?p=36164","title":{"rendered":"Poziv za prijavu na me\u0111unarodni znanstveni skup &#8220;Granice \u2013 iscrtavanje, brisanje i prekora\u010denje&#8221;"},"content":{"rendered":"\n<p>Odsjek za kroatistiku Filozofskog fakulteta Sveu\u010dili\u0161ta u Zagrebu poziva na me\u0111unarodni znanstveni skup posve\u0107en <strong>granicama <\/strong>\u2013 njihovu iscrtavanju, brisanju i prekora\u010denju \u2013 u knji\u017eevnosti, jeziku, umjetnosti, kulturi, ekonomiji i politici, koji \u0107e se odr\u017eati <strong>11. i 12. listopada 2023. u Zagrebu<\/strong>.<\/p>\n\n\n\n<p>Ovim skupom nastavlja se istra\u017eiva\u010dka suradnja Odsjeka za kroatistiku Filozofskog fakulteta Sveu\u010dili\u0161ta u Zagrebu i Odsjeka za slavistiku Fakulteta za poljsku i klasi\u010dnu filologiju Sveu\u010dili\u0161ta Adama Mickiewicza u Poznanju. Prvi skup, posve\u0107en recentnoj ulozi nacionalne filologije, odr\u017ean je u Poznanju 2013. pod naslovom <em>Transmisije kroatistike<\/em>, drugi, kojim se propitivao odnos <em>Umjetnosti i demokracije<\/em>, u Zagrebu 2017, a tre\u0107i, u sredi\u0161tu kojega je bio problem <em>(Ne)normalnosti<\/em>, iznova u Poznanju 2021.<\/p>\n\n\n\n<p>Neke su od mogu\u0107ih tema:<\/p>\n\n\n\n<ul class=\"wp-block-list\"><li>Granice govora, dijalekata, jezika<\/li><li>Granice morfema, rije\u010di, re\u010denica<\/li><li>Granice standardnog i standardnih varijeteta<\/li><li>Granice semantike i pragmatike<\/li><li>Granice poetika, stilova i \u017eanrova<\/li><li>Granica stiha i strofe, stiha i proze<\/li><li>Granice teksta i konteksta&nbsp;<\/li><li>Granice knji\u017eevnih i umjetni\u010dkih razdoblja<\/li><li>Pozornica kao granica svjetova<\/li><li>Granice fikcije i fakcije, estetike i namjene<\/li><li>Rodne i spolne granice i transrodnost<\/li><li>Granice kulturnih zona<\/li><li>Granice usmene i pisane kulture<\/li><li>Granice i migracije<\/li><li>Granice kao mehanizam discipline<\/li><li>Granice kao nu\u017enost<\/li><li>Granice i sloboda<\/li><li>Misliti onkraj granica ili mi\u0161ljenje uz pomo\u0107 granica<\/li><li>Jesu li granice jezika granice svijeta?<\/li><li>Granice disciplina i transdisciplinarnost<\/li><li>Sublimno: granica estetike i spoznaje<\/li><li>Zazorno: granica doma\u0107eg i stranog, sebstva i drugosti<\/li><li>Granice umjetni\u010dkog prikaza i neprikazivo<\/li><li>Bezgrani\u010dnost Boga i religijska ograni\u010denja<\/li><li>Satira, burleska, karneval i groteska &#8211; ru\u0161enje ili potvrda granica<\/li><li>Granice i geopolitika<\/li><li>Granice humanog i transhumanog<\/li><\/ul>\n\n\n\n<p>Prijavni list s kratkim sa\u017eetkom (do 1000 znakova) \u0161aljite do 1. lipnja 2023. na adresu <a href=\"mailto:granice23@gmail.com\">granice23@gmail.com<\/a><\/p>\n\n\n\n<p><strong>Napomena: rok prijave produ\u017een je do 1. srpnja 2023.<\/strong><\/p>\n\n\n\n<p>Jezici konferencije: hrvatski, poljski te drugi slavenski jezici, engleski.<\/p>\n\n\n\n<p>Kotizacija: 50 eura<\/p>\n\n\n\n<p>Organizacijski odbor:<\/p>\n\n\n\n<ul class=\"wp-block-list\"><li>Prof. dr. hab. Tomasz Mizerkiewicz<\/li><li>Prof. UAM dr. hab. Krystyna Pieni\u0105\u017cek-Markovi\u0107<\/li><li>Prof. dr. sc. Tvrtko Vukovi\u0107<\/li><li>Prof. dr. sc. Kre\u0161imir Mi\u0107anovi\u0107<\/li><li>Izv. prof. dr. sc. Evelina Rudan<\/li><li>Doc. dr. sc. Lana Molvarec<\/li><li>Dr. sc. Gabrijela Bionda, asist.<\/li><\/ul>\n\n\n\n<hr class=\"wp-block-separator\"\/>\n\n\n\n<p>Szanowni Pa\u0144stwo,<\/p>\n\n\n\n<p>Serdecznie zapraszamy na mi\u0119dzynarodow\u0105 konfrencj\u0119 naukow\u0105 po\u015bwi\u0119con\u0105 <strong>granicom<\/strong> \u2013 ich wyznaczaniu, zacieraniu i przekraczaniu \u2013 w literaturze, j\u0119zyku, sztuce, kulturze, ekonomii, polityce. Konfrencja odb\u0119dzie si\u0119 w dniach <strong>11<\/strong>\u2013<strong>12 pa\u017adziernika 2023 roku w Zagrzebiu<\/strong>.<\/p>\n\n\n\n<p>Stanowi ona kontynuuacj\u0119 wsp\u00f3\u0142pracy naukowej Instytutu Kroatystyki Wydzia\u0142u Filozoficznego Uniwersytetu w Zagrzebiu oraz Instytutu Filologii S\u0142owia\u0144skiej Wydzia\u0142u Filologii Polskiej i Klasycznej Uniwersytetu im. Adama Mickiewicza w Poznaniu. Pierwsza konferencja we wsp\u00f3\u0142organizacji, po\u015bwi\u0119cona aktualnej roli filologii narodowej, pod tytu\u0142em <em>Transmisje kroatystyki<\/em>, odby\u0142a si\u0119 w Poznaniu w 2013 roku, druga <em>Sztuka i demokracja<\/em> w Zagrzebiu w 2017 roku, a trzecia, stawiaj\u0105ca w centrum zainteresowania problem <em>(Nie)normalno\u015bci<\/em>, zn\u00f3w w Poznaniu, w 2021 roku.<\/p>\n\n\n\n<p>W zglobalizowanym \u015bwiecie z\u0142agodzonych i pozornie \u0142atwiejszych do naruszenia granic pa\u0144stw, grup etnicznych, j\u0119zyk\u00f3w, kultur, dyscyplin, ideologii, poetyk, p\u0142ci, program\u00f3w politycznych, porz\u0105dk\u00f3w ekonomicznych, tego, co swoje i obce, estetyki i polityki, coraz cz\u0119\u015bciej pojawia si\u0119 potrzeba trwa\u0142ych znacze\u0144, warto\u015bci oraz chronionych przestrzeni my\u015blenia i dzia\u0142ania. Innymi s\u0142owy, w naszej <em>p\u0142ynnej nowoczesno\u015bci<\/em>, pod rzekom\u0105 gro\u017ab\u0105 nadci\u0105gaj\u0105cej fali labilno\u015bci, mutacji i st\u0142umienia ostatnich form <em>autentyczno\u015bci<\/em>, rozlega si\u0119 wo\u0142anie o rehabilitacj\u0119 stabilnych granic. Ich ponowne wzmocnienie, paradoksalnie, przywr\u00f3ci\u0142oby nam odebran\u0105 swobod\u0119 odgradzania si\u0119 i da\u0142o mo\u017cliwo\u015b\u0107 wyzwolenia z niewoli tzw. trans-ideologii, narzucaj\u0105cych pogodzenie si\u0119 z prekariatem i tymczasowo\u015bci\u0105, w\u0142a\u015bciwie ze wszystkimi formami nietrwa\u0142o\u015bci, b\u0119d\u0105cymi rezultatem uchylenia jasnych i trwa\u0142ych rozdzia\u0142\u00f3w. Maj\u0105c na uwadze cz\u0119ste i nieprzejednane kontrowersje, jakie w zwi\u0105zku z kwesti\u0105 granic pojawiaj\u0105 si\u0119 w naszym z\u0142o\u017conym \u015bwiecie oraz wychodz\u0105c z za\u0142o\u017cenia, \u017ce \u200b\u200bz jednej strony granice nas ograniczaj\u0105 i dyscyplinuj\u0105, a z drugiej pozwalaj\u0105 na wolne, kreatywne, a nawet opozycyjne my\u015blenie i dzia\u0142anie w oddzielonych strefach i poza nimi, podczas konferencyjnej dyskusji chcemy m\u00f3wi\u0107 o powstaniu i roli granic w perspektywie historycznej i wsp\u00f3\u0142czesnej. Czym jest granica, gdzie si\u0119 pojawia, jak i kiedy dzia\u0142a, pod jakimi warunkami mo\u017cna j\u0105 przekroczy\u0107, os\u0142abi\u0107 lub znie\u015b\u0107, jaka moc zostaje w\u00f3wczas pokonana i jaka uwolniona oraz jakie estetyczne, etyczne, polityczne, \u015bwiatopogl\u0105dowe i ideowe warto\u015bci zwi\u0105zane s\u0105 z ustanawianiem granic i ich transgresj\u0105? Chcemy zach\u0119ci\u0107 do namys\u0142u nad poj\u0119ciem granicy, dlatego na konferencj\u0119 zapraszamy <em>ekspert\u00f3w bez granic<\/em>, ze wszystkich dziedzin, ga\u0142\u0119zi i dyscyplin nauk humanistycznych i spo\u0142ecznych, od historyk\u00f3w i teoretyk\u00f3w literatury, antropolog\u00f3w kultury i filozof\u00f3w po j\u0119zykoznawc\u00f3w, socjolog\u00f3w i stylistyk\u00f3w, od geograf\u00f3w kultury, historyk\u00f3w i historyk\u00f3w sztuki po psycholog\u00f3w, teolog\u00f3w i politolog\u00f3w.<\/p>\n\n\n\n<p>Niekt\u00f3re z proponowanych zagadnie\u0144:<\/p>\n\n\n\n<ul class=\"wp-block-list\"><li>Granice mowy, dialekt\u00f3w, j\u0119zyk\u00f3w<\/li><li>Granice morfem\u00f3w, s\u0142\u00f3w, zda\u0144<\/li><li>Granice j\u0119zyka standardowego i odmian standardu<\/li><li>Granice semantyki i pragmatyki<\/li><li>Granice poetyk, styl\u00f3w i gatunk\u00f3w<\/li><li>Granice wersu i strofy, wiersza i prozy<\/li><li>Granice tekstu i kontekstu<\/li><li>Granice epok literackich i artystycznych<\/li><li>Scena jako granica \u015bwiat\u00f3w<\/li><li>Granice fikcji i faktyczno\u015bci, estetyki i u\u017cyteczno\u015bci<\/li><li>Granice p\u0142ciowe i seksualne oraz transp\u0142ciowo\u015b\u0107<\/li><li>Granice stref kulturowych<\/li><li>Granice kultury m\u00f3wionej i pisanej<\/li><li>Granice i migracje<\/li><li>Granice jako mechanizm dyscyplinuj\u0105cy<\/li><li>Granice jako konieczno\u015b\u0107<\/li><li>Granice i wolno\u015b\u0107<\/li><li>My\u015blenie ponad granicami lub my\u015blenie za pomoc\u0105 granic<\/li><li>Czy granice j\u0119zyka s\u0105 granicami \u015bwiata?<\/li><li>Granice dyscyplin i transdyscyplinarno\u015b\u0107<\/li><li>Wznios\u0142o\u015b\u0107: granica estetyki i poznania<\/li><li>Niesamowito\u015b\u0107: granica mi\u0119dzy swoim i obcym, sobo\u015b\u0107 i inno\u015b\u0107<\/li><li>Granice reprezentacji artystycznej i nieprzedstawialno\u015b\u0107<\/li><li>Bezgraniczno\u015b\u0107 Boga i ograniczenia religijne<\/li><li>Satyra, burleska, karnawa\u0142 i groteska &#8211; burzenie lub potwierdzanie granic<\/li><li>Granice i geopolityka<\/li><li>Granice humanizmu i transhumanizmu<\/li><\/ul>\n\n\n\n<p>Prosimy o przes\u0142anie formularza zg\u0142oszeniowego wraz z kr\u00f3tkim streszczeniem (do 1000 znak\u00f3w) do 1 czerwca 2023 r. na adres <a href=\"mailto:granice@gmail.com\">granice23@gmail.com<\/a><strong>.<\/strong> &nbsp;J\u0119zyki konferencji: chorwacki, polski i inne j\u0119zyki s\u0142owia\u0144skie, angielski. Op\u0142ata rejestracyjna: 50 Euro.<\/p>\n\n\n\n<p>Cieszymy si\u0119 na spotkanie w Zagrzebiu.<\/p>\n\n\n\n<p>Komitet organizacyjny:<\/p>\n\n\n\n<ul class=\"wp-block-list\"><li>prof. dr hab. Tomasz Mizerkiewicz<\/li><li>prof. UAM dr hab. Krystyna Pieni\u0105\u017cek-Markovi\u0107<\/li><li>prof. dr. sc. Tvrtko Vukovi\u0107<\/li><li>prof. dr. sc. Kre\u0161imir Mi\u0107anovi\u0107<\/li><li>prof. nadzw. dr. sc. &nbsp;Ewelina Rudan<\/li><li>doc. dr. sc. Lana Molvarec<\/li><li>dr. sc. Gabrijela Bionda, asystentka<\/li><\/ul>\n\n\n\n<hr class=\"wp-block-separator\"\/>\n\n\n\n<p>Dear colleagues,<\/p>\n\n\n\n<p>We cordially invite you to the international conference on the subject <strong>boundaries<\/strong> and how they are set, erased, and transgressed &#8211; in literature, language, art, culture, economy, politics, which will be held on <strong>October 11th and 12th, 2023 in Zagreb.<\/strong><\/p>\n\n\n\n<p>With this conference, we continue the research cooperation between the Department of Croatian Language and Literature, Faculty of Humanities and Social Sciences, University of Zagreb and the Institute of Slavic Philology, Faculty of Polish and Classic Philology at the University of Adam Mickiewicz in Pozna\u0144.<\/p>\n\n\n\n<p>The first conference, dedicated to the current role of national philology, was held in Pozna\u0144 in 2013 under the title Transmissions of Croatian Studies, the second, which questioned the relationship between art and democracy, in Zagreb in 2017, and the third, focused on the problem of (ab)normality, again in Pozna\u0144 in 2021.<\/p>\n\n\n\n<p>In a globalized world of softened and apparently more easily crossed borders between states, ethnic groups, languages, cultures, disciplines, ideologies, poetics, genders, political agendas, economic orders, domestic and foreign, aesthetics and politics, a need for stable meaning, established values and legalized zones of thinking and acting has increasingly been emerging. In other words, in our <em>liquid modernity<\/em>, under the alleged threat of an overwhelming wave of fluidity and mutation and of supressing of the residual forms of <em>authenticity<\/em>, there is a cry for the rehabilitation of firmer boundaries. It is believed that their re-consolidation would paradoxically restore the freedom to fence ourselves off and provide the opportunity to free ourselves from the slavery of the so-called trans-ideologies that force us to reconcile with the precarious and the temporary, in truth with all forms of impermanence that result from the revocation of clear and solid demarcations. In light of the frequent and irreconcilable controversies that have arisen in our complex world with respect to boundaries &#8211; starting from the assumption that on the one hand boundaries limit and discipline us, and on the other hand, allow us free, creative and even oppositional thinking and acting in and beyond the fenced zones &#8211; in this conference, we want to discuss the origin and roles of boundaries both in the historical perspective and in contemporary society. What is a boundary, where and when does it appear, how does it work, under what conditions can it be crossed, weakened or annulled, what kind of power is overcome by it, what kind of power is freed by it, and which aesthetic, ethical, political, worldview and ideological values are related to the establishment of boundaries or to their transgression? Since we are trying to stimulate the analysis of the concept of boundary, <em>experts without limits <\/em>are invited to the conference, from all fields, branches and disciplines of humanities and social sciences: literary historians, literary theorists, cultural anthropologists, philosophers, linguists, sociologists, scholars in the field of stylistics, cultural geographers, historians and art historians, psychologists, theologians and political scientists.<\/p>\n\n\n\n<p>Some of the possible topics are:<\/p>\n\n\n\n<ul class=\"wp-block-list\"><li>Boundaries of speech, dialects, languages<\/li><li>Boundaries of morphemes, words, sentences<\/li><li>Boundaries of standard language and standard varieties<\/li><li>Boundaries of semantics and pragmatics<\/li><li>Boundaries of poetics, styles, genres<\/li><li>Boundaries between lines and stanzas, verse and prose<\/li><li>Boundaries of text and context<\/li><li>Boundaries of literary and artistic periods<\/li><li>The stage as the boundary of worlds<\/li><li>Boundaries of fiction and non-fiction, aesthetics and uses<\/li><li>Gender and sexual boundaries and transgenderism<\/li><li>Boundaries of cultural zones<\/li><li>Boundaries of oral and written culture<\/li><li>Boundaries and migrations<\/li><li>Boundaries as a disciplinary mechanism<\/li><li>Boundaries as a necessity<\/li><li>Boundaries and freedom<\/li><li>Thinking beyond boundaries or thinking with the help of boundaries<\/li><li>Are the boundaries of language the boundaries of the world?<\/li><li>Disciplinary boundaries and transdisciplinarity<\/li><li>The Sublime: boundaries of aesthetics and cognition<\/li><li>The Uncanny: boundaries between domestic and foreign, self and otherness<\/li><li>Boundaries of artistic representation and the unrepresentable<\/li><li>Unboundedness of God and religious restrictions<\/li><li>Satire, burlesque, carnival and grotesque &#8211; breaking down or confirming boundaries<\/li><li>Boundaries and geopolitics<\/li><li>Boundaries of human and transhuman<\/li><\/ul>\n\n\n\n<p>We are looking forward to meeting you in Zagreb.<\/p>\n\n\n\n<p>Please send the application form with a short summary (up to 1000 characters) by June 1st, 2023 to <a href=\"mailto:granice@gmail.com\">granice23@gmail.com<\/a>.<\/p>\n\n\n\n<p>Conference languages: Croatian, Polish and other Slavic languages, English.<\/p>\n\n\n\n<p>Registration fee: \u20ac50<\/p>\n\n\n\n<p>Organising committee:<\/p>\n\n\n\n<ul class=\"wp-block-list\"><li>Prof. dr hab. Tomasz Mizerkiewicz<\/li><li>Prof. UAM dr hab. Krystyna Pieni\u0105zek-Markovi\u0107<\/li><li>Prof. Ph.D. Tvrtko Vukovi\u0107<\/li><li>Prof. Ph.D. Kre\u0161imir Mi\u0107anovi\u0107<\/li><li>Assoc. prof. Ph.D. Evelina Rudan<\/li><li>Assoc. prof. Ph.D. Lana Molvarec<\/li><li>Ph.D. Gabrijela Bionda, assistant.<\/li><\/ul>\n\n\n\n<hr class=\"wp-block-separator\"\/>\n\n\n\n<p>Izvor:<\/p>\n\n\n\n<p><a href=\"http:\/\/kroat.ffzg.unizg.hr\/index.php\/novosti\/vijesti-i-zbivanja\/4367-medunarodni-znanstveni-skup-granice-iscrtavanje-brisanje-i-prekoracenje\">http:\/\/kroat.ffzg.unizg.hr\/index.php\/novosti\/vijesti-i-zbivanja\/4367-medunarodni-znanstveni-skup-granice-iscrtavanje-brisanje-i-prekoracenje<\/a><\/p>\n\n\n\n<hr class=\"wp-block-separator\"\/>\n","protected":false},"excerpt":{"rendered":"","protected":false},"author":2,"featured_media":657,"comment_status":"open","ping_status":"open","sticky":false,"template":"","format":"standard","meta":{"_acf_changed":false,"jetpack_post_was_ever_published":false,"_jetpack_newsletter_access":"","_jetpack_dont_email_post_to_subs":false,"_jetpack_newsletter_tier_id":0,"_jetpack_memberships_contains_paywalled_content":false,"_jetpack_memberships_contains_paid_content":false,"footnotes":"","jetpack_publicize_message":"","jetpack_publicize_feature_enabled":true,"jetpack_social_post_already_shared":true,"jetpack_social_options":{"image_generator_settings":{"template":"highway","default_image_id":0,"font":"","enabled":false},"version":2}},"categories":[3,9],"tags":[],"class_list":["post-36164","post","type-post","status-publish","format-standard","has-post-thumbnail","hentry","category-novosti","category-skupovi"],"acf":{"facebook_opis":""},"jetpack_publicize_connections":[],"jetpack_featured_media_url":"https:\/\/i0.wp.com\/historiografija.hr\/wp-content\/uploads\/2012\/05\/ffzg.jpg?fit=540%2C283&ssl=1","jetpack_sharing_enabled":true,"jetpack-related-posts":[],"_links":{"self":[{"href":"https:\/\/historiografija.hr\/index.php?rest_route=\/wp\/v2\/posts\/36164","targetHints":{"allow":["GET"]}}],"collection":[{"href":"https:\/\/historiografija.hr\/index.php?rest_route=\/wp\/v2\/posts"}],"about":[{"href":"https:\/\/historiografija.hr\/index.php?rest_route=\/wp\/v2\/types\/post"}],"author":[{"embeddable":true,"href":"https:\/\/historiografija.hr\/index.php?rest_route=\/wp\/v2\/users\/2"}],"replies":[{"embeddable":true,"href":"https:\/\/historiografija.hr\/index.php?rest_route=%2Fwp%2Fv2%2Fcomments&post=36164"}],"version-history":[{"count":1,"href":"https:\/\/historiografija.hr\/index.php?rest_route=\/wp\/v2\/posts\/36164\/revisions"}],"predecessor-version":[{"id":36165,"href":"https:\/\/historiografija.hr\/index.php?rest_route=\/wp\/v2\/posts\/36164\/revisions\/36165"}],"wp:featuredmedia":[{"embeddable":true,"href":"https:\/\/historiografija.hr\/index.php?rest_route=\/wp\/v2\/media\/657"}],"wp:attachment":[{"href":"https:\/\/historiografija.hr\/index.php?rest_route=%2Fwp%2Fv2%2Fmedia&parent=36164"}],"wp:term":[{"taxonomy":"category","embeddable":true,"href":"https:\/\/historiografija.hr\/index.php?rest_route=%2Fwp%2Fv2%2Fcategories&post=36164"},{"taxonomy":"post_tag","embeddable":true,"href":"https:\/\/historiografija.hr\/index.php?rest_route=%2Fwp%2Fv2%2Ftags&post=36164"}],"curies":[{"name":"wp","href":"https:\/\/api.w.org\/{rel}","templated":true}]}}