{"id":36158,"date":"2023-06-19T21:10:38","date_gmt":"2023-06-19T21:10:38","guid":{"rendered":"http:\/\/historiografija.hr\/?p=36158"},"modified":"2023-06-19T21:12:44","modified_gmt":"2023-06-19T21:12:44","slug":"znanstveni-skup-300-godina-franjevacke-crkve-u-vukovaru-1723-2023","status":"publish","type":"post","link":"https:\/\/historiografija.hr\/?p=36158","title":{"rendered":"Znanstveni skup \u201e300 godina franjeva\u010dke crkve u Vukovaru (1723. \u2013 2023.)\u201c"},"content":{"rendered":"\n<p>Franjeva\u010dki samostan Vukovar, Institut dru\u0161tvenih znanosti Ivo Pilar \u2013 Podru\u010dni centar Vukovar, Katoli\u010dki bogoslovni fakultet Sveu\u010dili\u0161ta u Zagrebu, Hrvatski institut za povijest \u2013 Podru\u017enica za povijest Slavonije, Srijema i Baranje i Dr\u017eavni arhiv u Vukovaru pozivaju na Znanstveni skup 300 GODINA FRANJEVA\u010cKE CRKVE U VUKOVARU (1723. \u2013 2023.) koji \u0107e se odr\u017eati 24. lipnja 2023. s po\u010detkom u 9 sati u Pastoralnom centru sv. Bone Franjeva\u010dkog samostana Vukovar, Samostanska 5, Vukovar.<\/p>\n\n\n\n<p><a href=\"https:\/\/www.pilar.hr\/wp-content\/uploads\/2023\/06\/Pozivnica.pdf\">Pozivnica i program<\/a><\/p>\n\n\n\n<p><a href=\"https:\/\/www.pilar.hr\/wp-content\/uploads\/2023\/06\/Programska_knjizica.pdf\">Programska knji\u017eica<\/a><\/p>\n\n\n\n<hr class=\"wp-block-separator\"\/>\n\n\n\n<p>Izvori:<\/p>\n\n\n\n<figure class=\"wp-block-embed-wordpress wp-block-embed is-type-wp-embed is-provider-institut-drustvenih-znanosti-ivo-pilar\"><div class=\"wp-block-embed__wrapper\">\n<blockquote class=\"wp-embedded-content\" data-secret=\"eGyeuDgGgq\"><a href=\"https:\/\/www.pilar.hr\/2023\/06\/znanstveni-skup-300-godina-franjevacke-crkve-u-vukovaru-1723-2023-vukovar-24-6-2023\/\">Znanstveni skup 300 GODINA FRANJEVA\u010cKE CRKVE U VUKOVARU (1723. &#8211; 2023.); Vukovar, 24. 6. 2023.<\/a><\/blockquote><iframe loading=\"lazy\" class=\"wp-embedded-content\" sandbox=\"allow-scripts\" security=\"restricted\" style=\"position: absolute; clip: rect(1px, 1px, 1px, 1px);\" title=\"&#8220;Znanstveni skup 300 GODINA FRANJEVA\u010cKE CRKVE U VUKOVARU (1723. &#8211; 2023.); Vukovar, 24. 6. 2023.&#8221; &#8212; Institut dru\u0161tvenih znanosti Ivo Pilar\" src=\"https:\/\/www.pilar.hr\/2023\/06\/znanstveni-skup-300-godina-franjevacke-crkve-u-vukovaru-1723-2023-vukovar-24-6-2023\/embed\/#?secret=bCgWK9OnOR#?secret=eGyeuDgGgq\" data-secret=\"eGyeuDgGgq\" width=\"600\" height=\"338\" frameborder=\"0\" marginwidth=\"0\" marginheight=\"0\" scrolling=\"no\"><\/iframe>\n<\/div><\/figure>\n\n\n\n<figure class=\"wp-block-embed-wordpress wp-block-embed is-type-wp-embed is-provider-hrvatski-institut-za-povijest\"><div class=\"wp-block-embed__wrapper\">\n<blockquote class=\"wp-embedded-content\" data-secret=\"uG3luAYdIl\"><a href=\"http:\/\/hipsb.hr\/najava-znanstveni-skup-300-godina-franjevacke-crkve-u-vukovaru-1723-2023\/\">NAJAVA: Znanstveni skup \u201e300 godina  franjeva\u010dke crkve u Vukovaru (1723. \u2013 2023.)\u201c<\/a><\/blockquote><iframe loading=\"lazy\" class=\"wp-embedded-content\" sandbox=\"allow-scripts\" security=\"restricted\" style=\"position: absolute; clip: rect(1px, 1px, 1px, 1px);\" title=\"&#8220;NAJAVA: Znanstveni skup \u201e300 godina  franjeva\u010dke crkve u Vukovaru (1723. \u2013 2023.)\u201c&#8221; &#8212; Hrvatski institut za povijest\" src=\"http:\/\/hipsb.hr\/najava-znanstveni-skup-300-godina-franjevacke-crkve-u-vukovaru-1723-2023\/embed\/#?secret=uG3luAYdIl\" data-secret=\"uG3luAYdIl\" width=\"600\" height=\"338\" frameborder=\"0\" marginwidth=\"0\" marginheight=\"0\" scrolling=\"no\"><\/iframe>\n<\/div><\/figure>\n\n\n\n<hr class=\"wp-block-separator\"\/>\n","protected":false},"excerpt":{"rendered":"","protected":false},"author":2,"featured_media":36159,"comment_status":"open","ping_status":"open","sticky":false,"template":"","format":"standard","meta":{"_acf_changed":false,"jetpack_post_was_ever_published":false,"_jetpack_newsletter_access":"","_jetpack_dont_email_post_to_subs":false,"_jetpack_newsletter_tier_id":0,"_jetpack_memberships_contains_paywalled_content":false,"_jetpack_memberships_contains_paid_content":false,"footnotes":"","jetpack_publicize_message":"","jetpack_publicize_feature_enabled":true,"jetpack_social_post_already_shared":true,"jetpack_social_options":{"image_generator_settings":{"template":"highway","default_image_id":0,"font":"","enabled":false},"version":2}},"categories":[3,9],"tags":[],"class_list":["post-36158","post","type-post","status-publish","format-standard","has-post-thumbnail","hentry","category-novosti","category-skupovi"],"acf":{"facebook_opis":""},"jetpack_publicize_connections":[],"jetpack_featured_media_url":"https:\/\/i0.wp.com\/historiografija.hr\/wp-content\/uploads\/2023\/06\/Franjevci.jpg?fit=620%2C880&ssl=1","jetpack_sharing_enabled":true,"jetpack-related-posts":[],"_links":{"self":[{"href":"https:\/\/historiografija.hr\/index.php?rest_route=\/wp\/v2\/posts\/36158","targetHints":{"allow":["GET"]}}],"collection":[{"href":"https:\/\/historiografija.hr\/index.php?rest_route=\/wp\/v2\/posts"}],"about":[{"href":"https:\/\/historiografija.hr\/index.php?rest_route=\/wp\/v2\/types\/post"}],"author":[{"embeddable":true,"href":"https:\/\/historiografija.hr\/index.php?rest_route=\/wp\/v2\/users\/2"}],"replies":[{"embeddable":true,"href":"https:\/\/historiografija.hr\/index.php?rest_route=%2Fwp%2Fv2%2Fcomments&post=36158"}],"version-history":[{"count":2,"href":"https:\/\/historiografija.hr\/index.php?rest_route=\/wp\/v2\/posts\/36158\/revisions"}],"predecessor-version":[{"id":36161,"href":"https:\/\/historiografija.hr\/index.php?rest_route=\/wp\/v2\/posts\/36158\/revisions\/36161"}],"wp:featuredmedia":[{"embeddable":true,"href":"https:\/\/historiografija.hr\/index.php?rest_route=\/wp\/v2\/media\/36159"}],"wp:attachment":[{"href":"https:\/\/historiografija.hr\/index.php?rest_route=%2Fwp%2Fv2%2Fmedia&parent=36158"}],"wp:term":[{"taxonomy":"category","embeddable":true,"href":"https:\/\/historiografija.hr\/index.php?rest_route=%2Fwp%2Fv2%2Fcategories&post=36158"},{"taxonomy":"post_tag","embeddable":true,"href":"https:\/\/historiografija.hr\/index.php?rest_route=%2Fwp%2Fv2%2Ftags&post=36158"}],"curies":[{"name":"wp","href":"https:\/\/api.w.org\/{rel}","templated":true}]}}