{"id":36148,"date":"2023-06-16T13:27:35","date_gmt":"2023-06-16T13:27:35","guid":{"rendered":"http:\/\/historiografija.hr\/?p=36148"},"modified":"2023-06-16T13:27:35","modified_gmt":"2023-06-16T13:27:35","slug":"predavanje-nenad-jovanovic-politike-refleksivnih-dokumentaraca-criticlab","status":"publish","type":"post","link":"https:\/\/historiografija.hr\/?p=36148","title":{"rendered":"[Predavanje] Nenad Jovanovi\u0107 \u2013 Politike refleksivnih dokumentaraca (CriticLab)"},"content":{"rendered":"\n<p>Jun 22 \/ 12:00 CET \/ IFDT\/online<\/p>\n\n\n\n<hr class=\"wp-block-separator\"\/>\n\n\n\n<p>Nefikcionalna dela zasnovana na pokretnoj slici karakteri\u0161u istinosni iskazi, koje refleksivne strategije \u2013 prisutne u filmu i srodnim medijima od njihovih po\u010detaka \u2013 \u010desto dovode u pitanje. Na primerima dokumentarnih filmova Haruna Farokog i Andreja U\u017eike, Masuda Bak\u0161ija i brojnih drugih autora, studija koja se predstavlja ovim izlaganjem istra\u017euje tenziju izme\u0111u spomenutih dvaju elemenata, tvrde\u0107i da ra\u0161irenost refleksivnosti nije ovu li\u0161ila njene potencijalno subverzivne politi\u010dke dimenzije.<\/p>\n\n\n\n<p><strong>Nenad Jovanovi\u0107<\/strong> je vanredni profesor medija na Wright State univerzitetu (Dejton). Objavio je \u010dlanke i prikaze u \u010dasopisima Literature \/ Film Quarterly, Theater Symposium, The Brecht Yearbook, Journal of Scandinavian Cinema, Studies in Documentary Film, Theatralia, Apparatus, Film &amp; History, i Quarterly Review of Film and Video. Autor je i monografije Brechtian Cinemas: Montage and Theatricality in Jean-Marie Straub and Dani\u00e8le Huillet, Peter Watkins, and Lars von Trier (SUNY Press, 2017), kao i brojnih knji\u017eevnih dela.<\/p>\n\n\n\n<hr class=\"wp-block-separator\"\/>\n\n\n\n<p>Izvor:<\/p>\n\n\n\n<figure class=\"wp-block-embed-wordpress wp-block-embed is-type-wp-embed is-provider-institut-za-filozofiju-i-drustvenu-teoriju\"><div class=\"wp-block-embed__wrapper\">\n<blockquote class=\"wp-embedded-content\" data-secret=\"9k3HG2KFNi\"><a href=\"https:\/\/ifdt.bg.ac.rs\/index.php\/events\/predavanje-nenad-jovanovic-politike-refleksivnih-dokumentaraca-criticlab\/\">[Predavanje] Nenad Jovanovi\u0107 &#8211; Politike refleksivnih dokumentaraca (CriticLab)<\/a><\/blockquote><iframe loading=\"lazy\" class=\"wp-embedded-content\" sandbox=\"allow-scripts\" security=\"restricted\" style=\"position: absolute; clip: rect(1px, 1px, 1px, 1px);\" title=\"&#132;[Predavanje] Nenad Jovanovi\u0107 &#8211; Politike refleksivnih dokumentaraca (CriticLab)&#147; &#8212; INSTITUT ZA FILOZOFIJU I DRU\u0160TVENU TEORIJU\" src=\"https:\/\/ifdt.bg.ac.rs\/index.php\/events\/predavanje-nenad-jovanovic-politike-refleksivnih-dokumentaraca-criticlab\/embed\/#?secret=ng2BPGQAwG#?secret=9k3HG2KFNi\" data-secret=\"9k3HG2KFNi\" width=\"600\" height=\"338\" frameborder=\"0\" marginwidth=\"0\" marginheight=\"0\" scrolling=\"no\"><\/iframe>\n<\/div><\/figure>\n\n\n\n<hr class=\"wp-block-separator\"\/>\n","protected":false},"excerpt":{"rendered":"","protected":false},"author":2,"featured_media":36149,"comment_status":"open","ping_status":"open","sticky":false,"template":"","format":"standard","meta":{"_acf_changed":false,"jetpack_post_was_ever_published":false,"_jetpack_newsletter_access":"","_jetpack_dont_email_post_to_subs":false,"_jetpack_newsletter_tier_id":0,"_jetpack_memberships_contains_paywalled_content":false,"_jetpack_memberships_contains_paid_content":false,"footnotes":"","jetpack_publicize_message":"","jetpack_publicize_feature_enabled":true,"jetpack_social_post_already_shared":true,"jetpack_social_options":{"image_generator_settings":{"template":"highway","default_image_id":0,"font":"","enabled":false},"version":2}},"categories":[13,3],"tags":[],"class_list":["post-36148","post","type-post","status-publish","format-standard","has-post-thumbnail","hentry","category-filmovi-i-serije","category-novosti"],"acf":{"facebook_opis":""},"jetpack_publicize_connections":[],"jetpack_featured_media_url":"https:\/\/i0.wp.com\/historiografija.hr\/wp-content\/uploads\/2023\/06\/Jovanovic_vizual.jpg?fit=1080%2C1080&ssl=1","jetpack_sharing_enabled":true,"jetpack-related-posts":[],"_links":{"self":[{"href":"https:\/\/historiografija.hr\/index.php?rest_route=\/wp\/v2\/posts\/36148","targetHints":{"allow":["GET"]}}],"collection":[{"href":"https:\/\/historiografija.hr\/index.php?rest_route=\/wp\/v2\/posts"}],"about":[{"href":"https:\/\/historiografija.hr\/index.php?rest_route=\/wp\/v2\/types\/post"}],"author":[{"embeddable":true,"href":"https:\/\/historiografija.hr\/index.php?rest_route=\/wp\/v2\/users\/2"}],"replies":[{"embeddable":true,"href":"https:\/\/historiografija.hr\/index.php?rest_route=%2Fwp%2Fv2%2Fcomments&post=36148"}],"version-history":[{"count":1,"href":"https:\/\/historiografija.hr\/index.php?rest_route=\/wp\/v2\/posts\/36148\/revisions"}],"predecessor-version":[{"id":36150,"href":"https:\/\/historiografija.hr\/index.php?rest_route=\/wp\/v2\/posts\/36148\/revisions\/36150"}],"wp:featuredmedia":[{"embeddable":true,"href":"https:\/\/historiografija.hr\/index.php?rest_route=\/wp\/v2\/media\/36149"}],"wp:attachment":[{"href":"https:\/\/historiografija.hr\/index.php?rest_route=%2Fwp%2Fv2%2Fmedia&parent=36148"}],"wp:term":[{"taxonomy":"category","embeddable":true,"href":"https:\/\/historiografija.hr\/index.php?rest_route=%2Fwp%2Fv2%2Fcategories&post=36148"},{"taxonomy":"post_tag","embeddable":true,"href":"https:\/\/historiografija.hr\/index.php?rest_route=%2Fwp%2Fv2%2Ftags&post=36148"}],"curies":[{"name":"wp","href":"https:\/\/api.w.org\/{rel}","templated":true}]}}