{"id":36141,"date":"2023-06-16T12:10:13","date_gmt":"2023-06-16T12:10:13","guid":{"rendered":"http:\/\/historiografija.hr\/?p=36141"},"modified":"2023-06-16T12:10:13","modified_gmt":"2023-06-16T12:10:13","slug":"bb-andela-dordevic-and-rok-zupancic-undivided-city-in-a-divided-post-conflict-society-of-kosovo-factors-contributing-to-the-peaceful-coexistence-of-albanians-and-serbs-in-kamenic","status":"publish","type":"post","link":"https:\/\/historiografija.hr\/?p=36141","title":{"rendered":"BB: An\u0111ela \u0110or\u0111evi\u0107 and Rok Zupan\u010di\u010d &#8211; \u201cUndivided\u201d city in a divided post-conflict society of Kosovo: factors contributing to the peaceful coexistence of Albanians and Serbs in Kamenic\u00eb\/Kamenica"},"content":{"rendered":"\n<p>Unlike many other places in Kosovo, the town of\u00a0Kamenic\u00eb\/Kamenica in\u00a0the\u00a0eastern part of the territory is unique for its apparently good interethnic relations between the Albanians and Serbs. The main goal of this paper is to examine which factors influence the quality of interethnic relations in\u00a0Kamenic\u00eb\/Kamenica. The following factors have been explored: geographical, geopolitical, demographic, economic, socio-political, historical, cultural, and the role of the representatives of the international mission. This research draws on hybrid peace theory. The contribution to the hybrid peace theory is threefold:\u00a0first, this research shows that hybrid peacebuilding intervention requires a unique approach to certain parts of post-conflict society if it wants to build peace; second, it shows the extent to which the social circumstances that existed before the outbreak of the conflict are important for the success of peacebuilding efforts; and third, how the members of the international mission approach the problem and how the local population perceives their work is essential to the success of peacebuilding.\u00a0The study, which aims to compare top-down strategies and bottom-up approaches, is based on extensive fieldwork carried out in this Kosovo town\u00a0in 2021 and 2022 (archive analysis; media reports; in-depth interviews, and observation method).<\/p>\n\n\n\n<hr class=\"wp-block-separator\"\/>\n\n\n\n<p>20.06.2023 13:00 &#8211; 14:00<\/p>\n\n\n\n<hr class=\"wp-block-separator\"\/>\n\n\n\n<p>Organizer<\/p>\n\n\n\n<p>Zentrum f\u00fcr S\u00fcdosteuropastudien &amp; SOEGA<\/p>\n\n\n\n<hr class=\"wp-block-separator\"\/>\n\n\n\n<p>Venue:<\/p>\n\n\n\n<p>Location: SR 111.42 BEETHOVENSTRASSE 8 4. OG 8010 GRAZ<\/p>\n\n\n\n<hr class=\"wp-block-separator\"\/>\n\n\n\n<p><a href=\"https:\/\/suedosteuropa.uni-graz.at\/en\/events\/detail\/article\/bb-undivided-city-in-a-divided-post-conflict-society-of-kosovo-factors-contributing-to-the-peaceful-coexistence-of-albanians-and-serbs-in-kamenice-kamenica\/\">https:\/\/suedosteuropa.uni-graz.at\/en\/events\/detail\/article\/bb-undivided-city-in-a-divided-post-conflict-society-of-kosovo-factors-contributing-to-the-peaceful-coexistence-of-albanians-and-serbs-in-kamenice-kamenica\/<\/a><\/p>\n\n\n\n<hr class=\"wp-block-separator\"\/>\n","protected":false},"excerpt":{"rendered":"","protected":false},"author":2,"featured_media":36142,"comment_status":"open","ping_status":"open","sticky":false,"template":"","format":"standard","meta":{"_acf_changed":false,"_jetpack_newsletter_access":"","_jetpack_dont_email_post_to_subs":false,"_jetpack_newsletter_tier_id":0,"_jetpack_memberships_contains_paywalled_content":false,"_jetpack_memberships_contains_paid_content":false,"footnotes":"","jetpack_publicize_message":"","jetpack_publicize_feature_enabled":true,"jetpack_social_post_already_shared":true,"jetpack_social_options":{"image_generator_settings":{"template":"highway","default_image_id":0,"font":"","enabled":false},"version":2},"jetpack_post_was_ever_published":false},"categories":[3],"tags":[],"class_list":["post-36141","post","type-post","status-publish","format-standard","has-post-thumbnail","hentry","category-novosti"],"acf":{"facebook_opis":""},"jetpack_publicize_connections":[],"jetpack_featured_media_url":"https:\/\/i0.wp.com\/historiografija.hr\/wp-content\/uploads\/2023\/06\/csm_ZSOES_Brown_Bag_Flyer.jpg?fit=436%2C600&ssl=1","jetpack_sharing_enabled":true,"jetpack-related-posts":[{"id":54612,"url":"https:\/\/historiografija.hr\/?p=54612","url_meta":{"origin":36141,"position":0},"title":"Kristina Palokaj Perkola, \u201eThe Outlines of a Social History of Music in Kosovo, 1945\u00a0\u00a0to 2020\u201c","author":"Branimir Jankovi\u0107","date":"15. srpnja 2026.","format":false,"excerpt":"Autorica Kristina Palokaj Perkola u knjizi The Outlines of a Social History of Music in Kosovo, 1945\u00a0\u00a0to 2020 donosi prvi cjelovit prikaz dru\u0161tvene povijesti glazbe na Kosovu od 1945. do 2020. godine, istra\u017euju\u0107i razvoj glazbenog \u017eivota, institucija i skladateljskog stvarala\u0161tva u njihovu povijesnom i dru\u0161tvenom kontekstu. O knjizi Knjiga Kristine\u2026","rel":"","context":"U &quot;Knjige&quot;","block_context":{"text":"Knjige","link":"https:\/\/historiografija.hr\/?cat=8"},"img":{"alt_text":"","src":"https:\/\/i0.wp.com\/historiografija.hr\/wp-content\/uploads\/2026\/07\/Perkola_SocijalnaPovijest-glazbe-na-Kosovu-naslovnica.jpg?fit=851%2C1200&ssl=1&resize=350%2C200","width":350,"height":200,"srcset":"https:\/\/i0.wp.com\/historiografija.hr\/wp-content\/uploads\/2026\/07\/Perkola_SocijalnaPovijest-glazbe-na-Kosovu-naslovnica.jpg?fit=851%2C1200&ssl=1&resize=350%2C200 1x, https:\/\/i0.wp.com\/historiografija.hr\/wp-content\/uploads\/2026\/07\/Perkola_SocijalnaPovijest-glazbe-na-Kosovu-naslovnica.jpg?fit=851%2C1200&ssl=1&resize=525%2C300 1.5x, https:\/\/i0.wp.com\/historiografija.hr\/wp-content\/uploads\/2026\/07\/Perkola_SocijalnaPovijest-glazbe-na-Kosovu-naslovnica.jpg?fit=851%2C1200&ssl=1&resize=700%2C400 2x"},"classes":[]},{"id":54337,"url":"https:\/\/historiografija.hr\/?p=54337","url_meta":{"origin":36141,"position":1},"title":"Online-Lecture by Sophie Momzikoff: The Yugoslav Crisis and the Russian Place in the New European Architecture","author":"Branimir Jankovi\u0107","date":"26. lipnja 2026.","format":false,"excerpt":"01.07.2026 16:00 Uhr The aim of this presentation is to show how the Yugoslav crisis served as a test for Russia\u2019s place in the post-Cold War European order. Indeed, the wars in the former Yugoslavia began just as the Russian Federation was establishing strong ties with the West. When Yugoslavia\u2026","rel":"","context":"U &quot;Novosti&quot;","block_context":{"text":"Novosti","link":"https:\/\/historiografija.hr\/?cat=3"},"img":{"alt_text":"","src":"https:\/\/i0.wp.com\/historiografija.hr\/wp-content\/uploads\/2026\/06\/photo_sophie_momzikoff.jpeg?fit=300%2C300&ssl=1&resize=350%2C200","width":350,"height":200},"classes":[]},{"id":54617,"url":"https:\/\/historiografija.hr\/?p=54617","url_meta":{"origin":36141,"position":2},"title":"GO STYRIA RESEARCH GRANT for summer semester 2027","author":"Branimir Jankovi\u0107","date":"15. srpnja 2026.","format":false,"excerpt":"Go Styria is open for master and doctoral students as well as Post Docs interested in a short term research stay in the context of their master, doctoral thesis or Post-Doc research.Target region: Albania, Bosnia and Herzegovina, Bulgaria, Croatia, Cyprus, Greece, Hungary, Kosovo, Moldova, Montenegro, North Macedonia, Romania, Serbia, Slovenia,\u2026","rel":"","context":"U &quot;Novosti&quot;","block_context":{"text":"Novosti","link":"https:\/\/historiografija.hr\/?cat=3"},"img":{"alt_text":"","src":"https:\/\/i0.wp.com\/historiografija.hr\/wp-content\/uploads\/2026\/07\/Styria.jpg?fit=447%2C447&ssl=1&resize=350%2C200","width":350,"height":200},"classes":[]},{"id":54757,"url":"https:\/\/historiografija.hr\/?p=54757","url_meta":{"origin":36141,"position":3},"title":"Exploring Monarchy in Medieval Europe, 1000\u20131500","author":"Branimir Jankovi\u0107","date":"23. srpnja 2026.","format":false,"excerpt":"By Elena Woodacre, Lucinda H.S. Dean, Simon Lambe, Patrik Pastrnak Through wide-ranging thematic chapters, this book offers students a comprehensive introduction to the theory and practice of monarchy across Europe in the Middle Ages. The volume is separated into four themes: Concepts of Rulership, Exercising Authority, Dynasty and Succession, and\u2026","rel":"","context":"U &quot;Knjige&quot;","block_context":{"text":"Knjige","link":"https:\/\/historiografija.hr\/?cat=8"},"img":{"alt_text":"","src":"https:\/\/i0.wp.com\/historiografija.hr\/wp-content\/uploads\/2026\/07\/Monarchy.jpg?fit=350%2C525&ssl=1&resize=350%2C200","width":350,"height":200},"classes":[]},{"id":52763,"url":"https:\/\/historiografija.hr\/?p=52763","url_meta":{"origin":36141,"position":4},"title":"Predavanje \u2013 Dalibor \u010cepulo &#8220;The Croatian-Hungarian Settlement of 1868: A Hybrid Framework and Modern Governance&#8221;","author":"Filip \u0160imunjak","date":"30. travnja 2026.","format":false,"excerpt":"Public lecture held by Prof. Dr. Dalibor \u010cepulo (Professor Emeritus at the University of Zagreb) on the occasion of his inauguration as honorary professor of ELTE University.7 May 2026, 16.00, at ELTE Faculty of Law, Faculty Council Room (1053 Budapest, Egyetem t\u00e9r 1-3.) The Croatian\u2013Hungarian Settlement of 1868 established the\u2026","rel":"","context":"U &quot;Novosti&quot;","block_context":{"text":"Novosti","link":"https:\/\/historiografija.hr\/?cat=3"},"img":{"alt_text":"","src":"https:\/\/i0.wp.com\/historiografija.hr\/wp-content\/uploads\/2026\/04\/Snimka-zaslona-2026-04-30-075533.png?fit=1200%2C530&ssl=1&resize=350%2C200","width":350,"height":200,"srcset":"https:\/\/i0.wp.com\/historiografija.hr\/wp-content\/uploads\/2026\/04\/Snimka-zaslona-2026-04-30-075533.png?fit=1200%2C530&ssl=1&resize=350%2C200 1x, https:\/\/i0.wp.com\/historiografija.hr\/wp-content\/uploads\/2026\/04\/Snimka-zaslona-2026-04-30-075533.png?fit=1200%2C530&ssl=1&resize=525%2C300 1.5x, https:\/\/i0.wp.com\/historiografija.hr\/wp-content\/uploads\/2026\/04\/Snimka-zaslona-2026-04-30-075533.png?fit=1200%2C530&ssl=1&resize=700%2C400 2x, https:\/\/i0.wp.com\/historiografija.hr\/wp-content\/uploads\/2026\/04\/Snimka-zaslona-2026-04-30-075533.png?fit=1200%2C530&ssl=1&resize=1050%2C600 3x"},"classes":[]},{"id":54234,"url":"https:\/\/historiografija.hr\/?p=54234","url_meta":{"origin":36141,"position":5},"title":"CfP: Central European History Convention 2027","author":"Branimir Jankovi\u0107","date":"19. lipnja 2026.","format":false,"excerpt":"Central European History ConventionUniversity of Vienna, Austria, 15\u201317 July 2027Deadline for proposals by September 13, 2026Notification by December 4, 2026 In July 2027 the University of Vienna, the Institute of Austrian Historical Research, and the Wirth Institute of Austrian and Central European Studies will host a second Central European History\u2026","rel":"","context":"U &quot;Novosti&quot;","block_context":{"text":"Novosti","link":"https:\/\/historiografija.hr\/?cat=3"},"img":{"alt_text":"","src":"https:\/\/i0.wp.com\/historiografija.hr\/wp-content\/uploads\/2026\/06\/CEHC.jpg?fit=719%2C339&ssl=1&resize=350%2C200","width":350,"height":200,"srcset":"https:\/\/i0.wp.com\/historiografija.hr\/wp-content\/uploads\/2026\/06\/CEHC.jpg?fit=719%2C339&ssl=1&resize=350%2C200 1x, https:\/\/i0.wp.com\/historiografija.hr\/wp-content\/uploads\/2026\/06\/CEHC.jpg?fit=719%2C339&ssl=1&resize=525%2C300 1.5x, https:\/\/i0.wp.com\/historiografija.hr\/wp-content\/uploads\/2026\/06\/CEHC.jpg?fit=719%2C339&ssl=1&resize=700%2C400 2x"},"classes":[]}],"_links":{"self":[{"href":"https:\/\/historiografija.hr\/index.php?rest_route=\/wp\/v2\/posts\/36141","targetHints":{"allow":["GET"]}}],"collection":[{"href":"https:\/\/historiografija.hr\/index.php?rest_route=\/wp\/v2\/posts"}],"about":[{"href":"https:\/\/historiografija.hr\/index.php?rest_route=\/wp\/v2\/types\/post"}],"author":[{"embeddable":true,"href":"https:\/\/historiografija.hr\/index.php?rest_route=\/wp\/v2\/users\/2"}],"replies":[{"embeddable":true,"href":"https:\/\/historiografija.hr\/index.php?rest_route=%2Fwp%2Fv2%2Fcomments&post=36141"}],"version-history":[{"count":1,"href":"https:\/\/historiografija.hr\/index.php?rest_route=\/wp\/v2\/posts\/36141\/revisions"}],"predecessor-version":[{"id":36143,"href":"https:\/\/historiografija.hr\/index.php?rest_route=\/wp\/v2\/posts\/36141\/revisions\/36143"}],"wp:featuredmedia":[{"embeddable":true,"href":"https:\/\/historiografija.hr\/index.php?rest_route=\/wp\/v2\/media\/36142"}],"wp:attachment":[{"href":"https:\/\/historiografija.hr\/index.php?rest_route=%2Fwp%2Fv2%2Fmedia&parent=36141"}],"wp:term":[{"taxonomy":"category","embeddable":true,"href":"https:\/\/historiografija.hr\/index.php?rest_route=%2Fwp%2Fv2%2Fcategories&post=36141"},{"taxonomy":"post_tag","embeddable":true,"href":"https:\/\/historiografija.hr\/index.php?rest_route=%2Fwp%2Fv2%2Ftags&post=36141"}],"curies":[{"name":"wp","href":"https:\/\/api.w.org\/{rel}","templated":true}]}}