{"id":36121,"date":"2023-06-15T16:49:30","date_gmt":"2023-06-15T16:49:30","guid":{"rendered":"http:\/\/historiografija.hr\/?p=36121"},"modified":"2023-06-15T16:49:30","modified_gmt":"2023-06-15T16:49:30","slug":"predavanje-irene-stefoske-granice-ljudi-imena-severna-makedonija-i-susedna-grcka-u-kopru","status":"publish","type":"post","link":"https:\/\/historiografija.hr\/?p=36121","title":{"rendered":"Predavanje Irene Stefoske \u201eGranice, ljudi, imena: (Severna) Makedonija i susedna Gr\u010dka\u201d u Kopru"},"content":{"rendered":"\n<p><strong>OPENBORDERS &amp; The Institute for Historical Studies, ZRS Koper<\/strong><\/p>\n\n\n\n<p>cordially invites you to a guest lecture by <strong>Prof Dr Irena Stefoska<\/strong><\/p>\n\n\n\n<p><em>titled<\/em><\/p>\n\n\n\n<p><strong>GRANICE, LJUDI, IMENA:<\/strong><\/p>\n\n\n\n<p><strong>(SEVERNA) MAKEDONIJA I SUSEDNA GR\u010cKA<\/strong><\/p>\n\n\n\n<p>Monday, 19 June 2023, at 11:00 a.m. CET<\/p>\n\n\n\n<p>ZRS Koper, Garibaldijeva 1<\/p>\n\n\n\n<p>The event will be broadcast live via Zoom. Click <a href=\"https:\/\/us02web.zoom.us\/meeting\/register\/tZ0tdeysrTwjGtLbBzh9DpNvDRyHi6kdmZxt\" target=\"_blank\" rel=\"noreferrer noopener\">here<\/a> to register for the online streaming.<\/p>\n\n\n\n<p>The first part of this talk will chronologically and synchronically focus on the period up to 1991. In this section, the challenging relations between the SFR Yugoslavia and Greece will be discussed,\u00a0 laying a particular emphasis on the SR Macedonia and the Macedonian minority residing on the other side of the border, i.e., in northern Greece.\u00a0 The second part of the lecture will be dedicated to the topic of (unsuccessful)\u00a0 attempts of the independent Republic of Macedonia (now Republic of North Macedonia) to join the European integration process,\u00a0 which has also been closely intertwined with the problematic relationships between North Macedonia and Greece, particularly the dispute over the use of the name \u201cMacedonia\u201d.<\/p>\n\n\n\n<p><strong>Dr Irena Stefoska<\/strong> is a full professor at the Institute of National History, Ss. Cyril and Methodius University in Skopje.<\/p>\n\n\n\n<p>As a Fulbright Scholar, she conducted her research at Brown University, USA (2009\/2010) and with the support of the Robert Bosch Stiftung, she has been a visiting research scholar at the Columbia University Program for \u201cHistorical Dialogue and Accountability\u201d (2012). Irena Stefoska participated and conducted various national and international projects related to the study of nations and nationalisms in the Balkans as well as to the historical and political myths in the Balkans. She was an independent MP at the Macedonian Parliament \u2013 coalition partner with the Social Democratic Union of Macedonia (2016\u20132020) and Minister of Culture (2020\u20132021).<\/p>\n\n\n\n<p>The lecture will be delivered in Serbian\/Croatian.<\/p>\n\n\n\n<p><em>\u201cThis lecture is part of the project OPEN BORDERS- Cold War Europe Beyond Borders. A Transnational History of CrossBorder Practices in the Alps-Adriatic area from World War II to the present that has received funding from the European Research Council (ERC) (Grant agreement No. 101054963)\u201d<\/em><\/p>\n\n\n\n<hr class=\"wp-block-separator\"\/>\n","protected":false},"excerpt":{"rendered":"","protected":false},"author":2,"featured_media":36122,"comment_status":"open","ping_status":"open","sticky":false,"template":"","format":"standard","meta":{"_acf_changed":false,"_jetpack_newsletter_access":"","_jetpack_dont_email_post_to_subs":false,"_jetpack_newsletter_tier_id":0,"_jetpack_memberships_contains_paywalled_content":false,"_jetpack_memberships_contains_paid_content":false,"footnotes":"","jetpack_publicize_message":"","jetpack_publicize_feature_enabled":true,"jetpack_social_post_already_shared":true,"jetpack_social_options":{"image_generator_settings":{"template":"highway","default_image_id":0,"font":"","enabled":false},"version":2},"jetpack_post_was_ever_published":false},"categories":[3],"tags":[],"class_list":["post-36121","post","type-post","status-publish","format-standard","has-post-thumbnail","hentry","category-novosti"],"acf":{"facebook_opis":""},"jetpack_publicize_connections":[],"jetpack_featured_media_url":"https:\/\/i0.wp.com\/historiografija.hr\/wp-content\/uploads\/2023\/06\/Borders.jpg?fit=933%2C236&ssl=1","jetpack_sharing_enabled":true,"jetpack-related-posts":[{"id":54318,"url":"https:\/\/historiografija.hr\/?p=54318","url_meta":{"origin":36121,"position":0},"title":"Predstavljanje knjige \u2013 Ladislav Fodroci, \u201eEpistola o starini i nekada\u0161njoj mo\u0107i grada Kri\u017eevaca\u201c","author":"Filip \u0160imunjak","date":"25. lipnja 2026.","format":false,"excerpt":"Ogranak Matice hrvatske u Kri\u017eevcima i Zavod za znanstvenoistra\u017eiva\u010dki i umjetni\u010dki rad HAZU-a Koprivni\u010dko kri\u017eeva\u010dke \u017eupanije pozivaju\u00a0 na predstavljanje knjige Ladislava Fodrocija, Epistola o starini i nekada\u0161njoj mo\u0107i grada Kri\u017eevaca. U predstavljanju sudjeluju: Tomislav Galovi\u0107,\u00a0autor predgovora; Martina Valec-Rebi\u0107,\u00a0urednica; te moderatorica, Renata Husinec. Predstavljanje knjige odr\u017eava se u \u010detvrtak, 25. lipnja\u2026","rel":"","context":"U &quot;Novosti&quot;","block_context":{"text":"Novosti","link":"https:\/\/historiografija.hr\/?cat=3"},"img":{"alt_text":"","src":"https:\/\/i0.wp.com\/historiografija.hr\/wp-content\/uploads\/2026\/06\/Fodroci-pozivnica.jpg?fit=1200%2C675&ssl=1&resize=350%2C200","width":350,"height":200,"srcset":"https:\/\/i0.wp.com\/historiografija.hr\/wp-content\/uploads\/2026\/06\/Fodroci-pozivnica.jpg?fit=1200%2C675&ssl=1&resize=350%2C200 1x, https:\/\/i0.wp.com\/historiografija.hr\/wp-content\/uploads\/2026\/06\/Fodroci-pozivnica.jpg?fit=1200%2C675&ssl=1&resize=525%2C300 1.5x, https:\/\/i0.wp.com\/historiografija.hr\/wp-content\/uploads\/2026\/06\/Fodroci-pozivnica.jpg?fit=1200%2C675&ssl=1&resize=700%2C400 2x, https:\/\/i0.wp.com\/historiografija.hr\/wp-content\/uploads\/2026\/06\/Fodroci-pozivnica.jpg?fit=1200%2C675&ssl=1&resize=1050%2C600 3x"},"classes":[]},{"id":55083,"url":"https:\/\/historiografija.hr\/?p=55083","url_meta":{"origin":36121,"position":1},"title":"Primo Levi, &#8220;Periodni sustav&#8221;","author":"Branimir Jankovi\u0107","date":"25. kolovoza 2026.","format":false,"excerpt":"Nakon izdanja iz 1991. godine, objavljeno je 2026. godine novo hrvatsko izdanje (auto)biografske knjige Prima Levija u kojoj donosi \"pripovijest o svom \u017eivotu i povijesti svoje obitelji\". Periodni sustav U svojevrsnom autobiografskom romanu Periodni sustav talijanski klasik Primo Levi kroz 21 pri\u010du naslovljenu po kemijskim elementima donosi pripovijest o svom\u2026","rel":"","context":"U &quot;Knjige&quot;","block_context":{"text":"Knjige","link":"https:\/\/historiografija.hr\/?cat=8"},"img":{"alt_text":"","src":"https:\/\/i0.wp.com\/historiografija.hr\/wp-content\/uploads\/2026\/08\/Primo-Levi.jpg?fit=1024%2C596&ssl=1&resize=350%2C200","width":350,"height":200,"srcset":"https:\/\/i0.wp.com\/historiografija.hr\/wp-content\/uploads\/2026\/08\/Primo-Levi.jpg?fit=1024%2C596&ssl=1&resize=350%2C200 1x, https:\/\/i0.wp.com\/historiografija.hr\/wp-content\/uploads\/2026\/08\/Primo-Levi.jpg?fit=1024%2C596&ssl=1&resize=525%2C300 1.5x, https:\/\/i0.wp.com\/historiografija.hr\/wp-content\/uploads\/2026\/08\/Primo-Levi.jpg?fit=1024%2C596&ssl=1&resize=700%2C400 2x"},"classes":[]},{"id":53580,"url":"https:\/\/historiografija.hr\/?p=53580","url_meta":{"origin":36121,"position":2},"title":"Me\u0111unarodni znanstveni skup &#8220;Dan ekonomske historije 2026. Prostor, ljudi, ideje: Tomislav Raukar i svjetovi ekonomije&#8221;","author":"Branimir Jankovi\u0107","date":"21. svibnja 2026.","format":false,"excerpt":"Me\u0111unarodni znanstveni skup \"Dan ekonomske historije 2026. Prostor, ljudi, ideje: Tomislav Raukar i svjetovi ekonomije\" odr\u017eat \u0107e se u petak, 22. svibnja 2026. s po\u010detkom u 11 sati u Vije\u0107nici Filozofskog fakulteta Sveu\u010dili\u0161ta u Zagrebu. Programska knji\u017eica - Dan ekonomske historije 2026Preuzmi","rel":"","context":"U &quot;Novosti&quot;","block_context":{"text":"Novosti","link":"https:\/\/historiografija.hr\/?cat=3"},"img":{"alt_text":"","src":"https:\/\/i0.wp.com\/historiografija.hr\/wp-content\/uploads\/2026\/05\/Raukar.jpg?fit=875%2C414&ssl=1&resize=350%2C200","width":350,"height":200,"srcset":"https:\/\/i0.wp.com\/historiografija.hr\/wp-content\/uploads\/2026\/05\/Raukar.jpg?fit=875%2C414&ssl=1&resize=350%2C200 1x, https:\/\/i0.wp.com\/historiografija.hr\/wp-content\/uploads\/2026\/05\/Raukar.jpg?fit=875%2C414&ssl=1&resize=525%2C300 1.5x, https:\/\/i0.wp.com\/historiografija.hr\/wp-content\/uploads\/2026\/05\/Raukar.jpg?fit=875%2C414&ssl=1&resize=700%2C400 2x"},"classes":[]},{"id":2068,"url":"https:\/\/historiografija.hr\/?p=2068","url_meta":{"origin":36121,"position":3},"title":"Stjepko Barac &#8211; Prikaz knjige &#8211; Carlo Ginzburg, &#8220;Threads and Traces: True, False, Fictive&#8221;, University of California Press, 2012, 328 str.","author":"admin","date":"7. prosinca 2014.","format":false,"excerpt":"Carlo Ginzburg, Threads and Traces: True, False, Fictive, University of California Press, 2012, 328 str.Ljudi vole pri\u010de. Ima ne\u0161to u pri\u010dama, u uzbudljivosti naracije i i\u0161\u010dekivanju trenutka kada se po\u010detak, sredina i kraj spoje u razumljivu cjelinu iz \u010dega proizlazi osobita mo\u0107 preno\u0161enja znanja i iskustva. Jo\u0161 je 1979. godine\u2026","rel":"","context":"U &quot;Prikazi i osvrti&quot;","block_context":{"text":"Prikazi i osvrti","link":"https:\/\/historiografija.hr\/?cat=4"},"img":{"alt_text":"","src":"","width":0,"height":0},"classes":[]},{"id":54967,"url":"https:\/\/historiografija.hr\/?p=54967","url_meta":{"origin":36121,"position":4},"title":"Milan Ristovi\u0107, \u201eUti\u0161ani glasovi. Iz istorije obi\u010dnih ljudi\u201c","author":"Branimir Jankovi\u0107","date":"14. kolovoza 2026.","format":false,"excerpt":"Devedesetih godina pro\u0161log veka pojavili su se mla\u0111i i hrabriji istori\u010dari pi\u0161u\u0107i eseje o malim sudbinama pojedinaca u vihorima tih ogromnih prevrata sveta. \u017deleli su da makar naknadno ostave trag dostojanstvu nepravedno nazvanom Mali \u010dovek. Pokazali su da istorijska faktografija nudi beskona\u010dno mnogo izuzetnih pri\u010da koje ravnopravno i jednako zanimljivim\u2026","rel":"","context":"U &quot;Knjige&quot;","block_context":{"text":"Knjige","link":"https:\/\/historiografija.hr\/?cat=8"},"img":{"alt_text":"","src":"https:\/\/i0.wp.com\/historiografija.hr\/wp-content\/uploads\/2026\/08\/Utisani-glasovi.jpg?fit=373%2C551&ssl=1&resize=350%2C200","width":350,"height":200},"classes":[]},{"id":53812,"url":"https:\/\/historiografija.hr\/?p=53812","url_meta":{"origin":36121,"position":5},"title":"Muzej \u0110akov\u0161tine: Predstavljanje monografije dr. sc. Margarete Matijevi\u0107 &#8220;\u0110AKOVO POSLIJE STROSSMAYERA&#8221;","author":"Branimir Jankovi\u0107","date":"28. svibnja 2026.","format":false,"excerpt":"U petak 29. svibnja 2026. s po\u010detkom u 19 sati\u00a0odr\u017eat \u0107e se u Muzeju \u0110akov\u0161tine \u0110akovo predstavljanje monografije dr. sc. Margarete Matijevi\u0107: \u201c\u0110AKOVO POSLIJE STROSSMAYERA.\u00a0Panoramski pregled \u0111akova\u010dkih listova\u00a0Hrvatske pu\u010dke novine (1907.-1913.)\u00a0i\u00a0Djakova\u010dke hrvatske pu\u010dke novine (1913.-1914.)\u201c. Knjigu \u0107e predstaviti: \u2013\u00a0dr. sc. Margareta Matijevi\u0107\u00a0(Hrvatski institut za povijest) \u2013\u00a0dr. sc. Stanko Andri\u0107\u00a0(Hrvatski institut\u2026","rel":"","context":"U &quot;Novosti&quot;","block_context":{"text":"Novosti","link":"https:\/\/historiografija.hr\/?cat=3"},"img":{"alt_text":"","src":"https:\/\/i0.wp.com\/historiografija.hr\/wp-content\/uploads\/2026\/05\/Dakovo-poslije-Strossmayera.png?fit=900%2C600&ssl=1&resize=350%2C200","width":350,"height":200,"srcset":"https:\/\/i0.wp.com\/historiografija.hr\/wp-content\/uploads\/2026\/05\/Dakovo-poslije-Strossmayera.png?fit=900%2C600&ssl=1&resize=350%2C200 1x, https:\/\/i0.wp.com\/historiografija.hr\/wp-content\/uploads\/2026\/05\/Dakovo-poslije-Strossmayera.png?fit=900%2C600&ssl=1&resize=525%2C300 1.5x, https:\/\/i0.wp.com\/historiografija.hr\/wp-content\/uploads\/2026\/05\/Dakovo-poslije-Strossmayera.png?fit=900%2C600&ssl=1&resize=700%2C400 2x"},"classes":[]}],"_links":{"self":[{"href":"https:\/\/historiografija.hr\/index.php?rest_route=\/wp\/v2\/posts\/36121","targetHints":{"allow":["GET"]}}],"collection":[{"href":"https:\/\/historiografija.hr\/index.php?rest_route=\/wp\/v2\/posts"}],"about":[{"href":"https:\/\/historiografija.hr\/index.php?rest_route=\/wp\/v2\/types\/post"}],"author":[{"embeddable":true,"href":"https:\/\/historiografija.hr\/index.php?rest_route=\/wp\/v2\/users\/2"}],"replies":[{"embeddable":true,"href":"https:\/\/historiografija.hr\/index.php?rest_route=%2Fwp%2Fv2%2Fcomments&post=36121"}],"version-history":[{"count":1,"href":"https:\/\/historiografija.hr\/index.php?rest_route=\/wp\/v2\/posts\/36121\/revisions"}],"predecessor-version":[{"id":36123,"href":"https:\/\/historiografija.hr\/index.php?rest_route=\/wp\/v2\/posts\/36121\/revisions\/36123"}],"wp:featuredmedia":[{"embeddable":true,"href":"https:\/\/historiografija.hr\/index.php?rest_route=\/wp\/v2\/media\/36122"}],"wp:attachment":[{"href":"https:\/\/historiografija.hr\/index.php?rest_route=%2Fwp%2Fv2%2Fmedia&parent=36121"}],"wp:term":[{"taxonomy":"category","embeddable":true,"href":"https:\/\/historiografija.hr\/index.php?rest_route=%2Fwp%2Fv2%2Fcategories&post=36121"},{"taxonomy":"post_tag","embeddable":true,"href":"https:\/\/historiografija.hr\/index.php?rest_route=%2Fwp%2Fv2%2Ftags&post=36121"}],"curies":[{"name":"wp","href":"https:\/\/api.w.org\/{rel}","templated":true}]}}