{"id":36110,"date":"2023-06-15T14:15:00","date_gmt":"2023-06-15T14:15:00","guid":{"rendered":"http:\/\/historiografija.hr\/?p=36110"},"modified":"2023-06-15T15:17:26","modified_gmt":"2023-06-15T15:17:26","slug":"x-rimski-dani-u-vinkovcima","status":"publish","type":"post","link":"https:\/\/historiografija.hr\/?p=36110","title":{"rendered":"X. Rimski dani u Vinkovcima"},"content":{"rendered":"\n<p>Decenalija. Deseti Rimski dani u Rimkovcima<\/p>\n\n\n\n<p>16-18. lipnja 2023.<\/p>\n\n\n\n<hr class=\"wp-block-separator\"\/>\n\n\n\n<figure data-wp-context=\"{&quot;imageId&quot;:&quot;6a99760117cb7&quot;}\" data-wp-interactive=\"core\/image\" data-wp-key=\"6a99760117cb7\" class=\"wp-block-image size-large wp-lightbox-container\"><img data-recalc-dims=\"1\" loading=\"lazy\" decoding=\"async\" width=\"614\" height=\"1024\" data-attachment-id=\"36111\" data-permalink=\"https:\/\/historiografija.hr\/?attachment_id=36111\" data-orig-file=\"https:\/\/i0.wp.com\/historiografija.hr\/wp-content\/uploads\/2023\/06\/Decenalija.jpg?fit=709%2C1182&amp;ssl=1\" data-orig-size=\"709,1182\" data-comments-opened=\"1\" data-image-meta=\"{&quot;aperture&quot;:&quot;0&quot;,&quot;credit&quot;:&quot;&quot;,&quot;camera&quot;:&quot;&quot;,&quot;caption&quot;:&quot;&quot;,&quot;created_timestamp&quot;:&quot;0&quot;,&quot;copyright&quot;:&quot;&quot;,&quot;focal_length&quot;:&quot;0&quot;,&quot;iso&quot;:&quot;0&quot;,&quot;shutter_speed&quot;:&quot;0&quot;,&quot;title&quot;:&quot;&quot;,&quot;orientation&quot;:&quot;0&quot;}\" data-image-title=\"Decenalija\" data-image-description=\"\" data-image-caption=\"\" data-large-file=\"https:\/\/i0.wp.com\/historiografija.hr\/wp-content\/uploads\/2023\/06\/Decenalija.jpg?fit=614%2C1024&amp;ssl=1\" data-wp-class--hide=\"state.isContentHidden\" data-wp-class--show=\"state.isContentVisible\" data-wp-init=\"callbacks.setButtonStyles\" data-wp-on--click=\"actions.showLightbox\" data-wp-on--load=\"callbacks.setButtonStyles\" data-wp-on-window--resize=\"callbacks.setButtonStyles\" src=\"https:\/\/i0.wp.com\/historiografija.hr\/wp-content\/uploads\/2023\/06\/Decenalija.jpg?resize=614%2C1024&#038;ssl=1\" alt=\"\" class=\"wp-image-36111\" srcset=\"https:\/\/i0.wp.com\/historiografija.hr\/wp-content\/uploads\/2023\/06\/Decenalija.jpg?resize=614%2C1024&amp;ssl=1 614w, https:\/\/i0.wp.com\/historiografija.hr\/wp-content\/uploads\/2023\/06\/Decenalija.jpg?resize=180%2C300&amp;ssl=1 180w, https:\/\/i0.wp.com\/historiografija.hr\/wp-content\/uploads\/2023\/06\/Decenalija.jpg?w=709&amp;ssl=1 709w\" sizes=\"auto, (max-width: 614px) 100vw, 614px\" \/><button\n\t\t\tclass=\"lightbox-trigger\"\n\t\t\ttype=\"button\"\n\t\t\taria-haspopup=\"dialog\"\n\t\t\taria-label=\"Uve\u0107aj\"\n\t\t\tdata-wp-init=\"callbacks.initTriggerButton\"\n\t\t\tdata-wp-on--click=\"actions.showLightbox\"\n\t\t\tdata-wp-style--right=\"state.imageButtonRight\"\n\t\t\tdata-wp-style--top=\"state.imageButtonTop\"\n\t\t>\n\t\t\t<svg xmlns=\"http:\/\/www.w3.org\/2000\/svg\" width=\"12\" height=\"12\" fill=\"none\" viewBox=\"0 0 12 12\">\n\t\t\t\t<path fill=\"#fff\" d=\"M2 0a2 2 0 0 0-2 2v2h1.5V2a.5.5 0 0 1 .5-.5h2V0H2Zm2 10.5H2a.5.5 0 0 1-.5-.5V8H0v2a2 2 0 0 0 2 2h2v-1.5ZM8 12v-1.5h2a.5.5 0 0 0 .5-.5V8H12v2a2 2 0 0 1-2 2H8Zm2-12a2 2 0 0 1 2 2v2h-1.5V2a.5.5 0 0 0-.5-.5H8V0h2Z\" \/>\n\t\t\t<\/svg>\n\t\t<\/button><\/figure>\n\n\n\n<hr class=\"wp-block-separator\"\/>\n\n\n\n<p>Moto ovogodi\u0161njih jubilarnih Rimskih dana glasi: Decenalija \u2013 deseti Rimski dani u Rimkovcima, govori o obi\u010daju koji potje\u010de jo\u0161 iz 27. godine kada se car August odrekao svoje vladavine i vratio ju narodu, no narod je to odbio i vratio vlast u ruke caru \u010dijom je vladavinom bio zadovoljan. Nakon takvih primopredaja vlasti uslijedila je zabava, a tako \u0107e biti i ove godine na Rimskim danima u Rimkovcima.<\/p>\n\n\n\n<p>Posjetite Rimski sajam, kreativne i edukativne radionice, anti\u010dki kamp, kino, zabavno glazbeni program Adastra, Soulfingersi i jo\u0161 mnogo drugih aktivnosti za sve uzraste.<\/p>\n\n\n\n<hr class=\"wp-block-separator\"\/>\n\n\n\n<p>Izvori i dodatne obavijesti:<\/p>\n\n\n\n<p><a href=\"https:\/\/visitvinkovci.com\/events\/x-rimski-dani-2023\/\">https:\/\/visitvinkovci.com\/events\/x-rimski-dani-2023\/<\/a><\/p>\n\n\n\n<p><a href=\"https:\/\/www.vecernji.hr\/vijesti\/zapocinju-x-rimski-dani-vinkovci-na-tri-dana-postaju-rimkovci-1687979\">https:\/\/www.vecernji.hr\/vijesti\/zapocinju-x-rimski-dani-vinkovci-na-tri-dana-postaju-rimkovci-1687979<\/a><\/p>\n\n\n\n<hr class=\"wp-block-separator\"\/>\n","protected":false},"excerpt":{"rendered":"","protected":false},"author":2,"featured_media":36111,"comment_status":"open","ping_status":"open","sticky":false,"template":"","format":"standard","meta":{"_acf_changed":false,"_jetpack_newsletter_access":"","_jetpack_dont_email_post_to_subs":false,"_jetpack_newsletter_tier_id":0,"_jetpack_memberships_contains_paywalled_content":false,"_jetpack_memberships_contains_paid_content":false,"footnotes":"","jetpack_publicize_message":"","jetpack_publicize_feature_enabled":true,"jetpack_social_post_already_shared":true,"jetpack_social_options":{"image_generator_settings":{"template":"highway","default_image_id":0,"font":"","enabled":false},"version":2},"jetpack_post_was_ever_published":false},"categories":[16,3],"tags":[],"class_list":["post-36110","post","type-post","status-publish","format-standard","has-post-thumbnail","hentry","category-manifestacije-ozivljavanja-povijesti","category-novosti"],"acf":{"facebook_opis":""},"jetpack_publicize_connections":[],"jetpack_featured_media_url":"https:\/\/i0.wp.com\/historiografija.hr\/wp-content\/uploads\/2023\/06\/Decenalija.jpg?fit=709%2C1182&ssl=1","jetpack_sharing_enabled":true,"jetpack-related-posts":[{"id":54704,"url":"https:\/\/historiografija.hr\/?p=54704","url_meta":{"origin":36110,"position":0},"title":"Najava filma \u201ePosljednji rimski bog\u201c o caru Dioklecijanu","author":"Filip \u0160imunjak","date":"22. srpnja 2026.","format":false,"excerpt":"Objavljen je trailer za film \"Posljednji rimski bog\", igrani film u produkciji HRT-a o \u017eivotu cara Dioklecijana, koji u kina sti\u017ee na jesen 2026. godine. Film donosi dosad neispri\u010danu pri\u010du o Dioklecijanu, jednom od najmo\u0107nijih i najkontroverznijih rimskih careva, \u010dovjeku koji je iz skromnih po\u010detaka postao vladar najve\u0107eg carstva svog\u2026","rel":"","context":"U &quot;Filmovi i serije&quot;","block_context":{"text":"Filmovi i serije","link":"https:\/\/historiografija.hr\/?cat=13"},"img":{"alt_text":"","src":"https:\/\/i0.wp.com\/historiografija.hr\/wp-content\/uploads\/2026\/07\/Posljednji-rimski-bog-HRT.webp?fit=1200%2C629&ssl=1&resize=350%2C200","width":350,"height":200,"srcset":"https:\/\/i0.wp.com\/historiografija.hr\/wp-content\/uploads\/2026\/07\/Posljednji-rimski-bog-HRT.webp?fit=1200%2C629&ssl=1&resize=350%2C200 1x, https:\/\/i0.wp.com\/historiografija.hr\/wp-content\/uploads\/2026\/07\/Posljednji-rimski-bog-HRT.webp?fit=1200%2C629&ssl=1&resize=525%2C300 1.5x, https:\/\/i0.wp.com\/historiografija.hr\/wp-content\/uploads\/2026\/07\/Posljednji-rimski-bog-HRT.webp?fit=1200%2C629&ssl=1&resize=700%2C400 2x, https:\/\/i0.wp.com\/historiografija.hr\/wp-content\/uploads\/2026\/07\/Posljednji-rimski-bog-HRT.webp?fit=1200%2C629&ssl=1&resize=1050%2C600 3x"},"classes":[]},{"id":53109,"url":"https:\/\/historiografija.hr\/?p=53109","url_meta":{"origin":36110,"position":1},"title":"D\u017eenan Dautovi\u0107, \u201eBosna i Rimska kurija u srednjem vijeku\u201c","author":"Filip \u0160imunjak","date":"14. svibnja 2026.","format":false,"excerpt":"Izdava\u010dka ku\u0107a Dram radosti iz Travnika objavila je knjigu D\u017eenana Dautovi\u0107a Bosna i Rimska kurija u srednjem vijeku. Knjiga predstavlja prera\u0111eni i dopunjeni rukopis doktorske disertacije obranjene na Filozofskom fakultetu u Sarajevu 15. studenoga 2017. godine. Podijeljena je u pet osnovnih cjelina i posve\u0107ena slo\u017eenom odnosu izme\u0111u srednjovjekovne Bosne, koja\u2026","rel":"","context":"U &quot;Knjige&quot;","block_context":{"text":"Knjige","link":"https:\/\/historiografija.hr\/?cat=8"},"img":{"alt_text":"","src":"https:\/\/i0.wp.com\/historiografija.hr\/wp-content\/uploads\/2026\/05\/Bosna_knjiga_06-scaled-1.webp?fit=1200%2C900&ssl=1&resize=350%2C200","width":350,"height":200,"srcset":"https:\/\/i0.wp.com\/historiografija.hr\/wp-content\/uploads\/2026\/05\/Bosna_knjiga_06-scaled-1.webp?fit=1200%2C900&ssl=1&resize=350%2C200 1x, https:\/\/i0.wp.com\/historiografija.hr\/wp-content\/uploads\/2026\/05\/Bosna_knjiga_06-scaled-1.webp?fit=1200%2C900&ssl=1&resize=525%2C300 1.5x, https:\/\/i0.wp.com\/historiografija.hr\/wp-content\/uploads\/2026\/05\/Bosna_knjiga_06-scaled-1.webp?fit=1200%2C900&ssl=1&resize=700%2C400 2x, https:\/\/i0.wp.com\/historiografija.hr\/wp-content\/uploads\/2026\/05\/Bosna_knjiga_06-scaled-1.webp?fit=1200%2C900&ssl=1&resize=1050%2C600 3x"},"classes":[]},{"id":53832,"url":"https:\/\/historiografija.hr\/?p=53832","url_meta":{"origin":36110,"position":2},"title":"Deseti History Fest 2026.","author":"Branimir Jankovi\u0107","date":"29. svibnja 2026.","format":false,"excerpt":"Deseti History Fest se odr\u017eava u Sarajevu od 2. do 6. juna 2026. godine. Ovogodi\u0161nje izdanje Festa posve\u0107eno je raspravama o razvoju poslijeratnih dru\u0161tava u Jugoisto\u010dnoj Evropi. Ideja je da u komparativnoj perspektivi sagledamo kako su se razvijala dru\u0161tva poslije Drugog svjetskog rata i poslije ratova 1990-ih godina. Poku\u0161at \u0107emo\u2026","rel":"","context":"U &quot;Novosti&quot;","block_context":{"text":"Novosti","link":"https:\/\/historiografija.hr\/?cat=3"},"img":{"alt_text":"","src":"https:\/\/i0.wp.com\/historiografija.hr\/wp-content\/uploads\/2026\/05\/history-fest-2026.jpg?fit=1000%2C800&ssl=1&resize=350%2C200","width":350,"height":200,"srcset":"https:\/\/i0.wp.com\/historiografija.hr\/wp-content\/uploads\/2026\/05\/history-fest-2026.jpg?fit=1000%2C800&ssl=1&resize=350%2C200 1x, https:\/\/i0.wp.com\/historiografija.hr\/wp-content\/uploads\/2026\/05\/history-fest-2026.jpg?fit=1000%2C800&ssl=1&resize=525%2C300 1.5x, https:\/\/i0.wp.com\/historiografija.hr\/wp-content\/uploads\/2026\/05\/history-fest-2026.jpg?fit=1000%2C800&ssl=1&resize=700%2C400 2x"},"classes":[]},{"id":53905,"url":"https:\/\/historiografija.hr\/?p=53905","url_meta":{"origin":36110,"position":3},"title":"Arheolo\u0161ki muzej obilje\u017eava 180 godina postojanja projektom \u201ePredah u Lapidariju\u201c","author":"Filip \u0160imunjak","date":"3. lipnja 2026.","format":false,"excerpt":"Premijerno izdanje novog projekta Arheolo\u0161kog Muzeja u Zagrebu poklon je svim gra\u0111anima, prilika za mir i trenutke opu\u0161tanja u strogom centru grada bez komercijalnih sadr\u017eaja u anti\u010dkom stilu Otkako je osnovan 1846. godine Arheolo\u0161ki muzej se prometnuo u jedno od najva\u017enijih regionalnih sredi\u0161ta prikupljanja, \u010duvanja i istra\u017eivanja arheolo\u0161ke ba\u0161tine. U\u2026","rel":"","context":"U &quot;Novosti&quot;","block_context":{"text":"Novosti","link":"https:\/\/historiografija.hr\/?cat=3"},"img":{"alt_text":"","src":"https:\/\/i0.wp.com\/historiografija.hr\/wp-content\/uploads\/2026\/06\/Predah-u-Lapidariju.webp?fit=1200%2C661&ssl=1&resize=350%2C200","width":350,"height":200,"srcset":"https:\/\/i0.wp.com\/historiografija.hr\/wp-content\/uploads\/2026\/06\/Predah-u-Lapidariju.webp?fit=1200%2C661&ssl=1&resize=350%2C200 1x, https:\/\/i0.wp.com\/historiografija.hr\/wp-content\/uploads\/2026\/06\/Predah-u-Lapidariju.webp?fit=1200%2C661&ssl=1&resize=525%2C300 1.5x, https:\/\/i0.wp.com\/historiografija.hr\/wp-content\/uploads\/2026\/06\/Predah-u-Lapidariju.webp?fit=1200%2C661&ssl=1&resize=700%2C400 2x, https:\/\/i0.wp.com\/historiografija.hr\/wp-content\/uploads\/2026\/06\/Predah-u-Lapidariju.webp?fit=1200%2C661&ssl=1&resize=1050%2C600 3x"},"classes":[]},{"id":53924,"url":"https:\/\/historiografija.hr\/?p=53924","url_meta":{"origin":36110,"position":4},"title":"Odr\u017ean deseti History Fest","author":"Branimir Jankovi\u0107","date":"8. lipnja 2026.","format":false,"excerpt":"U Sarajevu je od 2. do 6. juna 2026. godine odr\u017ean deseti po redu History Fest, koji je zami\u0161ljen kao vi\u0161ednevni susret histori\u010dara iz Bosne i Hercegovine, ostalih postjugoslavenskih i zemalja Jugoisto\u010dne Evrope, kao i mnogih evropskih zemalja, Kanade i SAD. Tokom ovog malog jubilarnog izdanja Festivala je kroz panel\u2026","rel":"","context":"U &quot;Novosti&quot;","block_context":{"text":"Novosti","link":"https:\/\/historiografija.hr\/?cat=3"},"img":{"alt_text":"","src":"https:\/\/i0.wp.com\/historiografija.hr\/wp-content\/uploads\/2026\/06\/history-fest-2026.jpg?fit=1200%2C944&ssl=1&resize=350%2C200","width":350,"height":200,"srcset":"https:\/\/i0.wp.com\/historiografija.hr\/wp-content\/uploads\/2026\/06\/history-fest-2026.jpg?fit=1200%2C944&ssl=1&resize=350%2C200 1x, https:\/\/i0.wp.com\/historiografija.hr\/wp-content\/uploads\/2026\/06\/history-fest-2026.jpg?fit=1200%2C944&ssl=1&resize=525%2C300 1.5x, https:\/\/i0.wp.com\/historiografija.hr\/wp-content\/uploads\/2026\/06\/history-fest-2026.jpg?fit=1200%2C944&ssl=1&resize=700%2C400 2x, https:\/\/i0.wp.com\/historiografija.hr\/wp-content\/uploads\/2026\/06\/history-fest-2026.jpg?fit=1200%2C944&ssl=1&resize=1050%2C600 3x"},"classes":[]},{"id":52536,"url":"https:\/\/historiografija.hr\/?p=52536","url_meta":{"origin":36110,"position":5},"title":"Kader Abdolah, \u201ePrije nego \u0161to bude kasno\u201c","author":"Branimir Jankovi\u0107","date":"20. travnja 2026.","format":false,"excerpt":"Kader Abdolah \u017eeli se vratiti ku\u0107i. Ali povratak je nemogu\u0107: u Iranu bi bio uhap\u0161en. Pod la\u017enim imenom i s krivotvorenim paso\u0161em ipak uspijeva u\u0107i u domovinu i sti\u017ee do roditeljske ku\u0107e, visoko u planinama. Majka ga ne prepoznaje, otac je mrtav, a sve \u0161to je tra\u017eio izmi\u010de mu pred\u2026","rel":"","context":"U &quot;Novosti&quot;","block_context":{"text":"Novosti","link":"https:\/\/historiografija.hr\/?cat=3"},"img":{"alt_text":"","src":"https:\/\/i0.wp.com\/historiografija.hr\/wp-content\/uploads\/2026\/04\/Prije-nego-sto-bude-kasno.webp?fit=566%2C872&ssl=1&resize=350%2C200","width":350,"height":200,"srcset":"https:\/\/i0.wp.com\/historiografija.hr\/wp-content\/uploads\/2026\/04\/Prije-nego-sto-bude-kasno.webp?fit=566%2C872&ssl=1&resize=350%2C200 1x, https:\/\/i0.wp.com\/historiografija.hr\/wp-content\/uploads\/2026\/04\/Prije-nego-sto-bude-kasno.webp?fit=566%2C872&ssl=1&resize=525%2C300 1.5x"},"classes":[]}],"_links":{"self":[{"href":"https:\/\/historiografija.hr\/index.php?rest_route=\/wp\/v2\/posts\/36110","targetHints":{"allow":["GET"]}}],"collection":[{"href":"https:\/\/historiografija.hr\/index.php?rest_route=\/wp\/v2\/posts"}],"about":[{"href":"https:\/\/historiografija.hr\/index.php?rest_route=\/wp\/v2\/types\/post"}],"author":[{"embeddable":true,"href":"https:\/\/historiografija.hr\/index.php?rest_route=\/wp\/v2\/users\/2"}],"replies":[{"embeddable":true,"href":"https:\/\/historiografija.hr\/index.php?rest_route=%2Fwp%2Fv2%2Fcomments&post=36110"}],"version-history":[{"count":2,"href":"https:\/\/historiografija.hr\/index.php?rest_route=\/wp\/v2\/posts\/36110\/revisions"}],"predecessor-version":[{"id":36113,"href":"https:\/\/historiografija.hr\/index.php?rest_route=\/wp\/v2\/posts\/36110\/revisions\/36113"}],"wp:featuredmedia":[{"embeddable":true,"href":"https:\/\/historiografija.hr\/index.php?rest_route=\/wp\/v2\/media\/36111"}],"wp:attachment":[{"href":"https:\/\/historiografija.hr\/index.php?rest_route=%2Fwp%2Fv2%2Fmedia&parent=36110"}],"wp:term":[{"taxonomy":"category","embeddable":true,"href":"https:\/\/historiografija.hr\/index.php?rest_route=%2Fwp%2Fv2%2Fcategories&post=36110"},{"taxonomy":"post_tag","embeddable":true,"href":"https:\/\/historiografija.hr\/index.php?rest_route=%2Fwp%2Fv2%2Ftags&post=36110"}],"curies":[{"name":"wp","href":"https:\/\/api.w.org\/{rel}","templated":true}]}}