{"id":36106,"date":"2023-06-15T15:04:28","date_gmt":"2023-06-15T15:04:28","guid":{"rendered":"http:\/\/historiografija.hr\/?p=36106"},"modified":"2023-06-15T15:06:44","modified_gmt":"2023-06-15T15:06:44","slug":"konferencija-the-migration-of-objects-between-islam-and-christianity-in-the-medieval-and-early-modern-mediterranean-new-uses-new-meanings-u-sarajevu","status":"publish","type":"post","link":"https:\/\/historiografija.hr\/?p=36106","title":{"rendered":"Konferencija \u201cThe migration of objects between Islam and Christianity in the medieval and early modern Mediterranean: new uses, new meanings\u201d u Sarajevu"},"content":{"rendered":"\n<p>June, 15-16 2023<br>University of Sarajevo \u2013 Faculty of Philosophy<br>Franje Ra\u010dkog 1. 71000 Sarajevo \u2013 Bosnia and Herzegovina<\/p>\n\n\n\n<p><strong>Organizers:<\/strong><\/p>\n\n\n\n<ul class=\"wp-block-list\"><li><strong><a href=\"https:\/\/is-le.eu\/\">Islamic Legacy: Narratives East, West, South, North of the Mediterranean<\/a><\/strong> (1350-1750) (CA18129 IS-LE)<\/li><li><strong><a href=\"https:\/\/www.petrifyingwealth.eu\/\">PetrifyingWealth<\/a><\/strong> (ERC-AdG: GA-695515)<\/li><li><a href=\"https:\/\/euqu.eu\/\"><strong>The European Qur\u2019\u0101n<\/strong> <\/a>(ERC- SYG: GA 810141)<\/li><li>In the framework of collaboration of the <em>Social and Cultural History of the Mediterranean: Local Contexts, Global Dynamics<\/em> Platform (<strong>PTI <a href=\"https:\/\/pti-medhis.csic.es\/\">MEDhis<\/a><\/strong>)<\/li><\/ul>\n\n\n\n<p><strong>Scientific Coordinators:<\/strong><\/p>\n\n\n\n<ul class=\"wp-block-list\"><li><strong>Mercedes Garc\u00eda-Arenal<\/strong> (mercedes.garciaarenal@cchs.csic.es),<\/li><li><strong>Ana Rodr\u00edguez <\/strong>(ana.rodriguez@cchs.csic.es)<\/li><li><strong>Antonio Urqu\u00edzar-Herrera <\/strong>(aurquizar@geo.uned.es)<\/li><\/ul>\n\n\n\n<p><strong>Program<\/strong><\/p>\n\n\n\n<p><strong>June 15th<\/strong><br><strong>Morning Session<\/strong><br>Chair:<strong> Emir O. Filipovi\u0107 <\/strong>(University of Sarajevo)<\/p>\n\n\n\n<p>9:30 <strong>Antonio Urqu\u00edzar<\/strong> (UNED, Madrid) \/ <strong>Mercedes Garc\u00eda-Arenal<\/strong> (ILC-CSIC, Madrid). <em>Introduction<\/em><\/p>\n\n\n\n<p>9:45-10:15 <strong>Alfredo Calahorra Bartolom\u00e9<\/strong> (UCM \/ ILC-CSIC, Madrid). <em>From India to Byzantium: the migration of the Indian motif in the imperial art of Late Antiquity<\/em><\/p>\n\n\n\n<p>10:15-10:45 <strong>Jorge Elices Oc\u00f3n<\/strong> (IH-CSIC, Madrid). <em>Opus Salomonis: a label for a cross-cultural market of bronze objects in al-Andalus<\/em><\/p>\n\n\n\n<p>10:45-11:15 <strong>Ana Rodr\u00edguez, Mar\u00eda Antonia Mart\u00ednez, Roc\u00edo Maira Vidal<\/strong> (IH- CSIC, Madrid and University of Malaga). <em>Architecture and objects in the re-signification of cultural elements in Castilian royal discourse (12th-13th Centuries). The Andalusian context in the construction of the Monastery of Las Huelgas in Burgos<\/em><\/p>\n\n\n\n<p>11:15-11:45 <strong>Therese Martin <\/strong>(IH-CSIC, Madrid)<em>Reused Rock Crystal in a Puzzling Pastiche: The \u2018Candelabrum\u2019 from Toledo Cathedral<\/em><\/p>\n\n\n\n<p>11:45-12:30 Debate<\/p>\n\n\n\n<p><strong>Afternoon Session<\/strong><br>Chair: <strong>Mercedes Garc\u00eda-Arenal<\/strong> (ILC-CSIC, Madrid)<\/p>\n\n\n\n<p>13:30-14:00 <strong>Almudena Blasco <\/strong>(IH-CSIC, Madrid). <em>Observing Christian Chivalry and the Arab Furusiyya through their artefacts<\/em><\/p>\n\n\n\n<p>14:00-14:30 <strong>Luis Rueda Gal\u00e1n <\/strong>(Centro di Studi sulla Cultura e l\u2019Immagine di Roma \/ University of Jaen). <em>Pomum trinum aureum: Symbolism and Resignification of Mosque Finials in Medieval Iberia<\/em><\/p>\n\n\n\n<p>14:30-15:00 <strong>Neus Serra Vives &amp; Miquel \u00c0ngel Capell\u00e0 Galm\u00e9s<\/strong> (University of the Baleric Islands). <em>The exotic within the household: Damascus arts of fire in Western Mediterranean.<\/em><\/p>\n\n\n\n<p>15:00-15:45 Debate<\/p>\n\n\n\n<p><strong>June 16<sup>th<\/sup><\/strong><br><strong>Morning Session<\/strong><br>Chair: <strong>Antonio Urqu\u00edzar<\/strong> (UNED, Madrid)<\/p>\n\n\n\n<p>9:30-10:00 <strong>Emir O. Filipovi\u0107 <\/strong>(University of Sarajevo). <em>Objects of \u2018Turkish\u2019 Origin in Late Medieval Ragusan Sources<\/em><\/p>\n\n\n\n<p>10:00-10:30 <strong>Lisette Balabarca-Fataccioli <\/strong>(Siena College). <em>Jewelry and Precious Stones: The Resignification of Female Luxurious Accessories in Early Modern Spain<\/em><\/p>\n\n\n\n<p>10:30-11:00 <strong>Nenad Filipovi\u0107 <\/strong>(Oriental Institute, University of Sarajevo). <em>The Venitian Tents Commissioned by a Bosnian-Ottoman Governor (ca 1750s)<\/em><\/p>\n\n\n\n<p>11:00-11:30 <strong>Rossitsa Gradeva <\/strong>(American University in Bulgaria). <em>Western Items in the Everyday Life of Ottoman Balkanites: Sofia, 17th-18th centuries<\/em><\/p>\n\n\n\n<p>11:30-12:15 Debate<\/p>\n\n\n\n<p>12:15-12:30 <strong>Eduardo Manzano <\/strong>(IH-CSIC, Madrid).<em> Conclusions<\/em><\/p>\n\n\n\n<hr class=\"wp-block-separator\"\/>\n\n\n\n<p>Izvori:<\/p>\n\n\n\n<p><a href=\"https:\/\/pti-medhis.csic.es\/congresos\/2023\/05\/19\/conference-the-migration-of-objects\/\">https:\/\/pti-medhis.csic.es\/congresos\/2023\/05\/19\/conference-the-migration-of-objects\/<\/a><\/p>\n\n\n\n<p><a href=\"https:\/\/www.unsa.ba\/index.php\/novosti\/najava-konferencije-migration-objects-between-islam-and-christianity-medieval-and-early\">https:\/\/www.unsa.ba\/index.php\/novosti\/najava-konferencije-migration-objects-between-islam-and-christianity-medieval-and-early<\/a><\/p>\n\n\n\n<hr class=\"wp-block-separator\"\/>\n","protected":false},"excerpt":{"rendered":"","protected":false},"author":2,"featured_media":36107,"comment_status":"open","ping_status":"open","sticky":false,"template":"","format":"standard","meta":{"_acf_changed":false,"jetpack_post_was_ever_published":false,"_jetpack_newsletter_access":"","_jetpack_dont_email_post_to_subs":false,"_jetpack_newsletter_tier_id":0,"_jetpack_memberships_contains_paywalled_content":false,"_jetpack_memberships_contains_paid_content":false,"footnotes":"","jetpack_publicize_message":"","jetpack_publicize_feature_enabled":true,"jetpack_social_post_already_shared":true,"jetpack_social_options":{"image_generator_settings":{"template":"highway","default_image_id":0,"font":"","enabled":false},"version":2}},"categories":[3,9],"tags":[],"class_list":["post-36106","post","type-post","status-publish","format-standard","has-post-thumbnail","hentry","category-novosti","category-skupovi"],"acf":{"facebook_opis":""},"jetpack_publicize_connections":[],"jetpack_featured_media_url":"https:\/\/i0.wp.com\/historiografija.hr\/wp-content\/uploads\/2023\/06\/mig_obj_chr_isl_cartel.jpeg?fit=439%2C620&ssl=1","jetpack_sharing_enabled":true,"jetpack-related-posts":[],"_links":{"self":[{"href":"https:\/\/historiografija.hr\/index.php?rest_route=\/wp\/v2\/posts\/36106","targetHints":{"allow":["GET"]}}],"collection":[{"href":"https:\/\/historiografija.hr\/index.php?rest_route=\/wp\/v2\/posts"}],"about":[{"href":"https:\/\/historiografija.hr\/index.php?rest_route=\/wp\/v2\/types\/post"}],"author":[{"embeddable":true,"href":"https:\/\/historiografija.hr\/index.php?rest_route=\/wp\/v2\/users\/2"}],"replies":[{"embeddable":true,"href":"https:\/\/historiografija.hr\/index.php?rest_route=%2Fwp%2Fv2%2Fcomments&post=36106"}],"version-history":[{"count":2,"href":"https:\/\/historiografija.hr\/index.php?rest_route=\/wp\/v2\/posts\/36106\/revisions"}],"predecessor-version":[{"id":36109,"href":"https:\/\/historiografija.hr\/index.php?rest_route=\/wp\/v2\/posts\/36106\/revisions\/36109"}],"wp:featuredmedia":[{"embeddable":true,"href":"https:\/\/historiografija.hr\/index.php?rest_route=\/wp\/v2\/media\/36107"}],"wp:attachment":[{"href":"https:\/\/historiografija.hr\/index.php?rest_route=%2Fwp%2Fv2%2Fmedia&parent=36106"}],"wp:term":[{"taxonomy":"category","embeddable":true,"href":"https:\/\/historiografija.hr\/index.php?rest_route=%2Fwp%2Fv2%2Fcategories&post=36106"},{"taxonomy":"post_tag","embeddable":true,"href":"https:\/\/historiografija.hr\/index.php?rest_route=%2Fwp%2Fv2%2Ftags&post=36106"}],"curies":[{"name":"wp","href":"https:\/\/api.w.org\/{rel}","templated":true}]}}