{"id":36084,"date":"2023-06-13T17:44:04","date_gmt":"2023-06-13T17:44:04","guid":{"rendered":"http:\/\/historiografija.hr\/?p=36084"},"modified":"2023-06-16T09:14:59","modified_gmt":"2023-06-16T09:14:59","slug":"izlozba-lavirint-90-ih-u-beogradu","status":"publish","type":"post","link":"https:\/\/historiografija.hr\/?p=36084","title":{"rendered":"Izlo\u017eba &#8220;Lavirint 90-ih&#8221; u Beogradu"},"content":{"rendered":"\n<p>Izlo\u017eba \u201eLavirint 90-ih\u201c bit \u0107e otvorena od 15. 6. do 14. 7. 2023. u Prostoru Miljenko Dereta u Beogradu.<\/p>\n\n\n\n<hr class=\"wp-block-separator\"\/>\n\n\n\n<p>Pilot-izlo\u017eba Lavirint 90-ih predstavlja prvi korak dugoro\u010dne inicijative osnivanja regionalnog centra za pomirenje, obrazovanje i budu\u0107u saradnju \u201eMuzej 90-ih\u201c. Izlo\u017eba ima za cilj pokretanje novog procesa sagledavanja decenije koja je promenila tokove \u017eivota miliona ljudi na ovim prostorima (ali i globalno) i \u010dije posledice ose\u0107amo i danas, mo\u017eda vi\u0161e nego ikad. Ona je plod dvogodi\u0161nje istra\u017eivanja, rada i saradnje pojedinaca, stru\u010dnjaka, aktivista i partnerskih organizacija iz zemalja biv\u0161e Jugoslavije.<\/p>\n\n\n\n<p>Nijedna izlo\u017eba ne mo\u017ee u potpunosti da prika\u017ee jednu deceniju u istoriji \u010dove\u010danstva, a posebno devedesete godine, koje su u na\u0161em regionu ostavile neizbrisiv, dugotrajan trag. To nam nije ni namera i zato je princip ove izlo\u017ebe fragment. Postavka pred posetioca postavlja pitanje da li smo, kao pojedinci, ali pre svega i kao dru\u0161tvo, tj. dru\u0161tva, uop\u0161te iza\u0161li iz lavirinta u koji smo upali po\u010detkom 90-ih.<\/p>\n\n\n\n<p>Ulazak u lavirint i slobodno lutanje njime je predlog posetiocima da devedesete sagledaju iz vi\u0161e uglova, a pre svega iz ugla ljudi kojima je \u017eivot razru\u0161en u jednom danu, onih koji su bili protiv rata, koji su morali da napuste svoj dom i koji su bili okru\u017eeni obmanama sa svih strana. Pozivamo posetioce da za vreme posete u svojim mislima dopune devedesete onim \u0161to nedostaje, \u0161to bi trebalo biti prikazano i \u0161to se tek treba razumeti. Samo zajedni\u010dki mo\u017eemo, gledaju\u0107i u nedavnu pro\u0161lost, spoznati vlastitu sada\u0161njost i zamisliti druga\u010diju budu\u0107nost.<\/p>\n\n\n\n<p>Autori izlo\u017ebe: Dubravka Stojanovi\u0107, Igor \u0160tiks i Dejan Ubovi\u0107 Saradnice: Sanja Radovi\u0107 i Ana Radakovi\u0107<br>Dizajn izlo\u017ebe: Dra\u017een Grubi\u0161i\u0107 i \u017deljka Zrni\u0107<br>Produkcija: Jasmina Petkovi\u0107<br>Grafi\u010dki dizajn: Marko Proki\u0107<br>Grafiti: Ljudmila Stratimirovi\u0107<\/p>\n\n\n\n<p>Izlo\u017ebu su podr\u017eali National Endowment for Democracy, Ambasada \u0160vajcarske u Srbiji, European Fund for the Balkans, EU za tebe i Ambasada \u0160vedske u Srbiji.<\/p>\n\n\n\n<p>Izlo\u017eba \u0107e trajati od 15. juna do 14. jula, od 14 do 20 \u010dasova.<\/p>\n\n\n\n<p>Cena ulaznica: 400 dinara<br>Za studente i penzionere: 200 dinara<br>Za sve ispod 18 godina: besplatno<\/p>\n\n\n\n<p>Kupovinom ulaznice pru\u017ea se podr\u0161ka osnivanju &#8220;Muzeja devedesetih&#8221;.<\/p>\n\n\n\n<hr class=\"wp-block-separator\"\/>\n\n\n\n<p>A pilot exhibition titled &#8220;The Labyrinth of the Nineties&#8221; is a first step towards the establishment of the &#8220;Museum of the Nineties&#8221; as a regional center for reconciliation, education, and future cooperation The exhibition aims to encourage a fresh look at the decade that transformed the lives of millions of people in this region (and globally) and whose repercussions we feel today, perhaps more than ever. It is the result of two years of research, collaboration, and joint work of individuals, experts, activists, and partner organizations from across the former Yugoslav region.<\/p>\n\n\n\n<p>No exhibition can fully encapsulate a decade in human history. It is certainly the case with the 1990s, which left a lasting impact on our region. This pilot exhibition is conceived as a cluster of fragments without a predetermined plan or instructions. The question is whether as individuals and as societies we have come out of the labyrinth into which we fell in the early 1990s.<\/p>\n\n\n\n<p>We invite visitors to wander freely through this labyrinth, and to look at this period from several perspectives, particularly from the perspective of those people whose lives were destroyed in a single day, those who were against the war, those who had to flee their homes, and those who were deceived by all sides.We encourage visitors to complement this exhibition in their minds with what they believe is missing, what should be displayed, and what we must yet come to terms with. Only by collectively reflecting on the recent past can we gain a deeper understanding of our present and envision a different future.<\/p>\n\n\n\n<p>Authors: Dubravka Stojanovi\u0107, Igor \u0160tiks and Dejan Ubovi\u0107<br>Collaborators: Sanja Radovi\u0107 and Ana Radakovi\u0107<br>Design: Dra\u017een Grubi\u0161i\u0107 and \u017deljka Zrni\u0107<br>Production: Jasmina Petkovi\u0107<br>Graphic design: Marko Proki\u0107<br>Graffiti: Ljudmila Stratimirovi\u0107<\/p>\n\n\n\n<p>The exhibition has been supported by the National Endowment for Democracy, the Embassy of Switzerland in Serbia, the European Fund for the Balkans, the Embassy of Sweden in Serbia, and the Delegation of the European Union in the Republic of Serbia.<\/p>\n\n\n\n<p>The exhibition will last from June 15 to July 14, from 2 pm to 8 pm.<\/p>\n\n\n\n<p>Ticket price: 400 dinars<br>For students and pensioners: 200 dinars<br>For everyone under 18: free<\/p>\n\n\n\n<p>The purchase of a ticket supports the establishment of the &#8220;Museum of the Nineties&#8221;.<\/p>\n\n\n\n<hr class=\"wp-block-separator\"\/>\n\n\n\n<p>Izvori i dodatne obavijesti:<\/p>\n\n\n\n<p><a href=\"https:\/\/www.facebook.com\/events\/777107327294562\/777107337294561\/\">https:\/\/www.facebook.com\/events\/777107327294562\/777107337294561\/<\/a><\/p>\n\n\n\n<p><a href=\"https:\/\/www.facebook.com\/profile.php?id=100085238935869\">https:\/\/www.facebook.com\/profile.php?id=100085238935869<\/a><\/p>\n\n\n\n<p><a href=\"https:\/\/museum90.com\/\">https:\/\/museum90.com\/<\/a><\/p>\n\n\n\n<p><a href=\"https:\/\/www.vreme.com\/vesti\/izlozba-lavirint-90ih-put-ka-regionalnom-centru-za-pomirenje\/\">https:\/\/www.vreme.com\/vesti\/izlozba-lavirint-90ih-put-ka-regionalnom-centru-za-pomirenje\/<\/a><\/p>\n\n\n\n<figure class=\"wp-block-embed-wordpress wp-block-embed is-type-wp-embed is-provider-nova-portal\"><div class=\"wp-block-embed__wrapper\">\n<blockquote class=\"wp-embedded-content\" data-secret=\"k0unFKHwDe\"><a href=\"https:\/\/nova.rs\/kultura\/lavirint-90ih-izlozba-dubravke-stojanovic-igora-stiksa-i-dejana-ubovica\/\">\u201eLavirint 90ih&#8220;: Izlo\u017eba Dubravke Stojanovi\u0107, Igora \u0160tiksa i Dejana Ubovi\u0107a<\/a><\/blockquote><iframe loading=\"lazy\" class=\"wp-embedded-content\" sandbox=\"allow-scripts\" security=\"restricted\" style=\"position: absolute; clip: rect(1px, 1px, 1px, 1px);\" title=\"&#132;\u201eLavirint 90ih&#8220;: Izlo\u017eba Dubravke Stojanovi\u0107, Igora \u0160tiksa i Dejana Ubovi\u0107a&#147; &#8212; NOVA portal\" src=\"https:\/\/nova.rs\/kultura\/lavirint-90ih-izlozba-dubravke-stojanovic-igora-stiksa-i-dejana-ubovica\/embed\/#?secret=Yd45Ha5HfO#?secret=k0unFKHwDe\" data-secret=\"k0unFKHwDe\" width=\"600\" height=\"338\" frameborder=\"0\" marginwidth=\"0\" marginheight=\"0\" scrolling=\"no\"><\/iframe>\n<\/div><\/figure>\n\n\n\n<p><a href=\"https:\/\/6yka.com\/kultura-i-zabava\/pilot-izlozba-lavirint-90ih-u-beogradu\">https:\/\/6yka.com\/kultura-i-zabava\/pilot-izlozba-lavirint-90ih-u-beogradu<\/a><\/p>\n\n\n\n<figure class=\"wp-block-embed-wordpress wp-block-embed is-type-wp-embed is-provider-n-1\"><div class=\"wp-block-embed__wrapper\">\n<blockquote class=\"wp-embedded-content\" data-secret=\"MkvvDIVSxK\"><a href=\"https:\/\/n1info.rs\/kultura\/da-li-smo-uopste-izasli-iz-lavirinta-devedesetih\/\">&#8222;Da li smo uop\u0161te iza\u0161li iz lavirinta devedesetih?&#8220;<\/a><\/blockquote><iframe loading=\"lazy\" class=\"wp-embedded-content\" sandbox=\"allow-scripts\" security=\"restricted\" style=\"position: absolute; clip: rect(1px, 1px, 1px, 1px);\" title=\"&#132;&#8222;Da li smo uop\u0161te iza\u0161li iz lavirinta devedesetih?&#8220;&#147; &#8212; N1\" src=\"https:\/\/n1info.rs\/kultura\/da-li-smo-uopste-izasli-iz-lavirinta-devedesetih\/embed\/#?secret=Op8xq5sZ2J#?secret=MkvvDIVSxK\" data-secret=\"MkvvDIVSxK\" width=\"600\" height=\"338\" frameborder=\"0\" marginwidth=\"0\" marginheight=\"0\" scrolling=\"no\"><\/iframe>\n<\/div><\/figure>\n\n\n\n<figure class=\"wp-block-embed-wordpress wp-block-embed is-type-wp-embed is-provider-dnevni-list-danas\"><div class=\"wp-block-embed__wrapper\">\n<blockquote class=\"wp-embedded-content\" data-secret=\"aRRDtnglCu\"><a href=\"https:\/\/www.danas.rs\/kultura\/pilot-izlozba-lavirint-90ih-u-prostoru-miljenko-dereta-prvi-korak-ka-regionalnom-centru-za-pomirenje\/\">Pilot izlo\u017eba \u201eLavirint 90ih\u201c u Prostoru Miljenko Dereta: Prvi korak ka regionalnom centru za pomirenje<\/a><\/blockquote><iframe loading=\"lazy\" class=\"wp-embedded-content\" sandbox=\"allow-scripts\" security=\"restricted\" style=\"position: absolute; clip: rect(1px, 1px, 1px, 1px);\" title=\"&#132;Pilot izlo\u017eba \u201eLavirint 90ih\u201c u Prostoru Miljenko Dereta: Prvi korak ka regionalnom centru za pomirenje&#147; &#8212; Dnevni list Danas\" src=\"https:\/\/www.danas.rs\/kultura\/pilot-izlozba-lavirint-90ih-u-prostoru-miljenko-dereta-prvi-korak-ka-regionalnom-centru-za-pomirenje\/embed\/#?secret=Pzjur7ihlm#?secret=aRRDtnglCu\" data-secret=\"aRRDtnglCu\" width=\"600\" height=\"338\" frameborder=\"0\" marginwidth=\"0\" marginheight=\"0\" scrolling=\"no\"><\/iframe>\n<\/div><\/figure>\n\n\n\n<p><a href=\"https:\/\/www.slobodnaevropa.org\/amp\/izlozba-devedesete-lavirint-beograd\/32461095.html\">https:\/\/www.slobodnaevropa.org\/amp\/izlozba-devedesete-lavirint-beograd\/32461095.html<\/a><\/p>\n\n\n\n<p><a href=\"https:\/\/balkans.aljazeera.net\/videos\/2023\/6\/14\/izlozba-lavirint-90-ih-pokusaj-suocavanja-s-prosloscu\">https:\/\/balkans.aljazeera.net\/videos\/2023\/6\/14\/izlozba-lavirint-90-ih-pokusaj-suocavanja-s-prosloscu<\/a><\/p>\n\n\n\n<figure class=\"wp-block-embed-wordpress wp-block-embed is-type-wp-embed is-provider-eu-u-srbiji\"><div class=\"wp-block-embed__wrapper\">\n<blockquote class=\"wp-embedded-content\" data-secret=\"L83cVDWFas\"><a href=\"https:\/\/europa.rs\/izlozba-lavirint-90ih-u-beogradu\/\">Izlo\u017eba \u201eLavirint 90ih\u201c u Beogradu\u00a0<\/a><\/blockquote><iframe loading=\"lazy\" class=\"wp-embedded-content\" sandbox=\"allow-scripts\" security=\"restricted\" style=\"position: absolute; clip: rect(1px, 1px, 1px, 1px);\" title=\"&#132;Izlo\u017eba \u201eLavirint 90ih\u201c u Beogradu\u00a0&#147; &#8212; EU u Srbiji\" src=\"https:\/\/europa.rs\/izlozba-lavirint-90ih-u-beogradu\/embed\/#?secret=UNO2MGRt5j#?secret=L83cVDWFas\" data-secret=\"L83cVDWFas\" width=\"600\" height=\"338\" frameborder=\"0\" marginwidth=\"0\" marginheight=\"0\" scrolling=\"no\"><\/iframe>\n<\/div><\/figure>\n\n\n\n<p><a href=\"https:\/\/www.jutarnji.hr\/kultura\/art\/ovo-je-srbija-ovo-je-posta-budalo-grafit-je-jedan-od-radova-na-izlozbi-kojoj-je-cilj-prenijeti-osjecaj-tjeskobe-iz-90-ih-15346338\">https:\/\/www.jutarnji.hr\/kultura\/art\/ovo-je-srbija-ovo-je-posta-budalo-grafit-je-jedan-od-radova-na-izlozbi-kojoj-je-cilj-prenijeti-osjecaj-tjeskobe-iz-90-ih-15346338<\/a><\/p>\n\n\n\n<hr class=\"wp-block-separator\"\/>\n\n\n\n<figure class=\"wp-block-embed-wordpress wp-block-embed is-type-wp-embed is-provider-historiografija-hr\"><div class=\"wp-block-embed__wrapper\">\n<blockquote class=\"wp-embedded-content\" data-secret=\"IRnKYVaqdr\"><a href=\"https:\/\/historiografija.hr\/?p=33559\">Platforma \u201eNepristajanje. Antiratna Srbija 90-ih\u201c<\/a><\/blockquote><iframe loading=\"lazy\" class=\"wp-embedded-content\" sandbox=\"allow-scripts\" security=\"restricted\" style=\"position: absolute; clip: rect(1px, 1px, 1px, 1px);\" title=\"&#8220;Platforma \u201eNepristajanje. Antiratna Srbija 90-ih\u201c&#8221; &#8212; Historiografija.hr\" src=\"https:\/\/historiografija.hr\/?p=33559&#038;embed=true#?secret=IRnKYVaqdr\" data-secret=\"IRnKYVaqdr\" width=\"600\" height=\"338\" frameborder=\"0\" marginwidth=\"0\" marginheight=\"0\" scrolling=\"no\"><\/iframe>\n<\/div><\/figure>\n\n\n\n<hr class=\"wp-block-separator\"\/>\n","protected":false},"excerpt":{"rendered":"","protected":false},"author":2,"featured_media":36085,"comment_status":"open","ping_status":"open","sticky":false,"template":"","format":"standard","meta":{"_acf_changed":false,"jetpack_post_was_ever_published":false,"_jetpack_newsletter_access":"","_jetpack_dont_email_post_to_subs":false,"_jetpack_newsletter_tier_id":0,"_jetpack_memberships_contains_paywalled_content":false,"_jetpack_memberships_contains_paid_content":false,"footnotes":"","jetpack_publicize_message":"","jetpack_publicize_feature_enabled":true,"jetpack_social_post_already_shared":true,"jetpack_social_options":{"image_generator_settings":{"template":"highway","default_image_id":0,"font":"","enabled":false},"version":2}},"categories":[10,3],"tags":[],"class_list":["post-36084","post","type-post","status-publish","format-standard","has-post-thumbnail","hentry","category-izlozbe","category-novosti"],"acf":{"facebook_opis":""},"jetpack_publicize_connections":[],"jetpack_featured_media_url":"https:\/\/i0.wp.com\/historiografija.hr\/wp-content\/uploads\/2023\/06\/lavirint.jpg?fit=900%2C855&ssl=1","jetpack_sharing_enabled":true,"jetpack-related-posts":[],"_links":{"self":[{"href":"https:\/\/historiografija.hr\/index.php?rest_route=\/wp\/v2\/posts\/36084","targetHints":{"allow":["GET"]}}],"collection":[{"href":"https:\/\/historiografija.hr\/index.php?rest_route=\/wp\/v2\/posts"}],"about":[{"href":"https:\/\/historiografija.hr\/index.php?rest_route=\/wp\/v2\/types\/post"}],"author":[{"embeddable":true,"href":"https:\/\/historiografija.hr\/index.php?rest_route=\/wp\/v2\/users\/2"}],"replies":[{"embeddable":true,"href":"https:\/\/historiografija.hr\/index.php?rest_route=%2Fwp%2Fv2%2Fcomments&post=36084"}],"version-history":[{"count":5,"href":"https:\/\/historiografija.hr\/index.php?rest_route=\/wp\/v2\/posts\/36084\/revisions"}],"predecessor-version":[{"id":36127,"href":"https:\/\/historiografija.hr\/index.php?rest_route=\/wp\/v2\/posts\/36084\/revisions\/36127"}],"wp:featuredmedia":[{"embeddable":true,"href":"https:\/\/historiografija.hr\/index.php?rest_route=\/wp\/v2\/media\/36085"}],"wp:attachment":[{"href":"https:\/\/historiografija.hr\/index.php?rest_route=%2Fwp%2Fv2%2Fmedia&parent=36084"}],"wp:term":[{"taxonomy":"category","embeddable":true,"href":"https:\/\/historiografija.hr\/index.php?rest_route=%2Fwp%2Fv2%2Fcategories&post=36084"},{"taxonomy":"post_tag","embeddable":true,"href":"https:\/\/historiografija.hr\/index.php?rest_route=%2Fwp%2Fv2%2Ftags&post=36084"}],"curies":[{"name":"wp","href":"https:\/\/api.w.org\/{rel}","templated":true}]}}