{"id":36071,"date":"2023-06-13T16:45:19","date_gmt":"2023-06-13T16:45:19","guid":{"rendered":"http:\/\/historiografija.hr\/?p=36071"},"modified":"2023-06-14T07:55:16","modified_gmt":"2023-06-14T07:55:16","slug":"poziv-za-prijavu-na-znanstveno-strucni-skup-rijecki-identitet-gospodarski-povijesni-jezicni-i-kulturni-odjeci-povodom-150-obljetnice-izgradnje-zeljeznickih-pruga-rijeka-karlovac-i-rijeka","status":"publish","type":"post","link":"https:\/\/historiografija.hr\/?p=36071","title":{"rendered":"Poziv za prijavu na znanstveno-stru\u010dni skup \u201eRije\u010dki identitet: gospodarski, povijesni, jezi\u010dni i kulturni odjeci povodom 150. obljetnice izgradnje \u017eeljezni\u010dkih pruga Rijeka-Karlovac i Rijeka-Pivka&#8221;"},"content":{"rendered":"\n<p>Grad Rijeka, Sveu\u010dili\u0161te u Rijeci &#8211; Filozofski fakultet, Gra\u0111evinski fakultet i Centar za industrijsku ba\u0161tinu te Zavod za povijesne i dru\u0161tvene znanosti HAZU u Rijeci s Podru\u010dnom jedinicom u Puli, uz potporu partnerskih institucija, pozivaju na sudjelovanje na interdisciplinarnom znanstveno-stru\u010dnom skupu s me\u0111unarodnim sudjelovanjem \u201eRije\u010dki identitet: gospodarski, povijesni, jezi\u010dni i kulturni odjeci povodom 150. obljetnice izgradnje \u017eeljezni\u010dkih pruga Rijeka-Karlovac i Rijeka-Pivka&#8221; koji \u0107e se odr\u017eati u Rijeci 23. listopada 2023. godine.<\/p>\n\n\n\n<p>Dobrodo\u0161le su teme povezane s temom \u017eeljeznice u Rijeci i okolici, te posebno pruga Rijeka-Pivka i Rijeka-Karlovac, kao i \u017eeljeznica u drugim krajevima Austro-Ugarske Monarhije. Slu\u017ebeni jezici skupa su hrvatski i engleski pri \u010demu se, bez obzira na jezik izlaganja, izlaga\u010di mole da Power Point prezentacije ili postere pripreme na engleskom jeziku. Planirano vrijeme izlaganja je do najvi\u0161e 15 minuta.<\/p>\n\n\n\n<p>Zainteresirane molimo da naslov i sa\u017eetak rada (duljine do 300 rije\u010di, s do 6 klju\u010dnih rije\u010di) dostave najkasnije do 10. srpnja 2023. na adresu elektroni\u010dke po\u0161te 150.pruge@uniri.hr.<\/p>\n\n\n\n<p>Autori \u0107e biti obavije\u0161teni o prihva\u0107anju tema do 30. srpnja 2023. godine. Prezentirani radovi \u0107e se objaviti u obliku elektroni\u010dkog zbornika dostupnog u otvorenom pristupu u skladu s FAIR principima otvorene znanosti te CC BY licencijima. Pisani radovi mogu biti dugi do 1 autorskog arka (16 stranica po 1800 znakova), s najvi\u0161e 10 priloga (fotografije, crte\u017ei, grafikoni i sl.)<\/p>\n\n\n\n<hr class=\"wp-block-separator\"\/>\n\n\n\n<div class=\"wp-block-file\"><a href=\"https:\/\/historiografija.hr\/wp-content\/uploads\/2023\/06\/Poziv_150_obljetnica_pruga.pdf\">Poziv_150_obljetnica_pruga<\/a><a href=\"https:\/\/historiografija.hr\/wp-content\/uploads\/2023\/06\/Poziv_150_obljetnica_pruga.pdf\" class=\"wp-block-file__button\" download>Preuzmi<\/a><\/div>\n\n\n\n<hr class=\"wp-block-separator\"\/>\n","protected":false},"excerpt":{"rendered":"","protected":false},"author":2,"featured_media":36073,"comment_status":"open","ping_status":"open","sticky":false,"template":"","format":"standard","meta":{"_acf_changed":false,"jetpack_post_was_ever_published":false,"_jetpack_newsletter_access":"","_jetpack_dont_email_post_to_subs":false,"_jetpack_newsletter_tier_id":0,"_jetpack_memberships_contains_paywalled_content":false,"_jetpack_memberships_contains_paid_content":false,"footnotes":"","jetpack_publicize_message":"","jetpack_publicize_feature_enabled":true,"jetpack_social_post_already_shared":true,"jetpack_social_options":{"image_generator_settings":{"template":"highway","default_image_id":0,"font":"","enabled":false},"version":2}},"categories":[3,9],"tags":[],"class_list":["post-36071","post","type-post","status-publish","format-standard","has-post-thumbnail","hentry","category-novosti","category-skupovi"],"acf":{"facebook_opis":""},"jetpack_publicize_connections":[],"jetpack_featured_media_url":"https:\/\/i0.wp.com\/historiografija.hr\/wp-content\/uploads\/2023\/06\/150_obljetnica_pruga.png?fit=4756%2C2000&ssl=1","jetpack_sharing_enabled":true,"jetpack-related-posts":[],"_links":{"self":[{"href":"https:\/\/historiografija.hr\/index.php?rest_route=\/wp\/v2\/posts\/36071","targetHints":{"allow":["GET"]}}],"collection":[{"href":"https:\/\/historiografija.hr\/index.php?rest_route=\/wp\/v2\/posts"}],"about":[{"href":"https:\/\/historiografija.hr\/index.php?rest_route=\/wp\/v2\/types\/post"}],"author":[{"embeddable":true,"href":"https:\/\/historiografija.hr\/index.php?rest_route=\/wp\/v2\/users\/2"}],"replies":[{"embeddable":true,"href":"https:\/\/historiografija.hr\/index.php?rest_route=%2Fwp%2Fv2%2Fcomments&post=36071"}],"version-history":[{"count":5,"href":"https:\/\/historiografija.hr\/index.php?rest_route=\/wp\/v2\/posts\/36071\/revisions"}],"predecessor-version":[{"id":36091,"href":"https:\/\/historiografija.hr\/index.php?rest_route=\/wp\/v2\/posts\/36071\/revisions\/36091"}],"wp:featuredmedia":[{"embeddable":true,"href":"https:\/\/historiografija.hr\/index.php?rest_route=\/wp\/v2\/media\/36073"}],"wp:attachment":[{"href":"https:\/\/historiografija.hr\/index.php?rest_route=%2Fwp%2Fv2%2Fmedia&parent=36071"}],"wp:term":[{"taxonomy":"category","embeddable":true,"href":"https:\/\/historiografija.hr\/index.php?rest_route=%2Fwp%2Fv2%2Fcategories&post=36071"},{"taxonomy":"post_tag","embeddable":true,"href":"https:\/\/historiografija.hr\/index.php?rest_route=%2Fwp%2Fv2%2Ftags&post=36071"}],"curies":[{"name":"wp","href":"https:\/\/api.w.org\/{rel}","templated":true}]}}