{"id":36068,"date":"2023-06-13T16:30:08","date_gmt":"2023-06-13T16:30:08","guid":{"rendered":"http:\/\/historiografija.hr\/?p=36068"},"modified":"2023-06-13T16:30:08","modified_gmt":"2023-06-13T16:30:08","slug":"odrzana-konferencija-commemoration-and-heritage-first-world-war-memorials-and-cemeteries","status":"publish","type":"post","link":"https:\/\/historiografija.hr\/?p=36068","title":{"rendered":"Odr\u017eana konferencija \u201eCommemoration and Heritage First World War Memorials and Cemeteries\u201c"},"content":{"rendered":"\n<p>Voditeljica istra\u017eiva\u010dkog projekta Hrvatske zaklade za znanost \u201ePrvi svjetski rat u kulturi sje\u0107anja. Zaboravljena ba\u0161tina\u201c (IP-2019-04-5897) dr. sc. Ljiljana Dobrov\u0161ak i suradnik na projektu dr. sc. Danilo \u0160arenac (Institut za suvremenu istoriju, Beograd) sudjelovali su na me\u0111unarodnoj znanstvenoj konferenciji \u201eCommemoration and Heritage First World War Memorials and Cemeteries\u201c, koja se odr\u017eavala u Krak\u00f3wu (Poljska) od 1. do 3. lipnja 2023. na Jagiellonian Sveu\u010dili\u0161tu.<\/p>\n\n\n\n<p>Program konferencije: <a href=\"https:\/\/www.pilar.hr\/wp-content\/uploads\/2023\/06\/Program.pdf\">Commemoration and Heritage First World War Memorials and Cemeteries; Krak\u00f3w, 1.-3. 6. 2023.<\/a><\/p>\n\n\n\n<p>Dr. sc. Ljiljana Dobrov\u0161ak odr\u017eala je predavanje pod naslovom: \u201eThe Military Cemeteries and Memorials of the Great War in Croatia\u201c, a<strong> <\/strong>dr. sc. Danilo \u0160arenac o \u201eSerbia\u2019s Great War Dead and Archeology. Burying, Exhuming and Burying Again\u201c.<\/p>\n\n\n\n<p><a href=\"https:\/\/www.pilar.hr\/2020\/01\/prvi-svjetski-rat-u-kulturi-sjecanja-zaboravljena-bastina\/\">Projekt Prvi svjetski rat u kulturi sje\u0107anja<\/a><\/p>\n\n\n\n<hr class=\"wp-block-separator\"\/>\n\n\n\n<p>Izvor:<\/p>\n\n\n\n<figure class=\"wp-block-embed-wordpress wp-block-embed is-type-wp-embed is-provider-institut-drustvenih-znanosti-ivo-pilar\"><div class=\"wp-block-embed__wrapper\">\n<blockquote class=\"wp-embedded-content\" data-secret=\"XidkvphR4Z\"><a href=\"https:\/\/www.pilar.hr\/2023\/06\/dr-sc-ljiljana-dobrovsak-i-dr-sc-danilo-sarenac-na-konferenciji-commemoration-and-heritage-first-world-war-memorials-and-cemeteries-krakow-1-3-6-2023\/\">Dr. sc. Ljiljana Dobrov\u0161ak i dr. sc. Danilo \u0160arenac na konferenciji \u201eCommemoration and Heritage First World War Memorials and Cemeteries\u201c; Krak\u00f3w, 1.-3. 6. 2023.<\/a><\/blockquote><iframe loading=\"lazy\" class=\"wp-embedded-content\" sandbox=\"allow-scripts\" security=\"restricted\" style=\"position: absolute; clip: rect(1px, 1px, 1px, 1px);\" title=\"&#8220;Dr. sc. Ljiljana Dobrov\u0161ak i dr. sc. Danilo \u0160arenac na konferenciji \u201eCommemoration and Heritage First World War Memorials and Cemeteries\u201c; Krak\u00f3w, 1.-3. 6. 2023.&#8221; &#8212; Institut dru\u0161tvenih znanosti Ivo Pilar\" src=\"https:\/\/www.pilar.hr\/2023\/06\/dr-sc-ljiljana-dobrovsak-i-dr-sc-danilo-sarenac-na-konferenciji-commemoration-and-heritage-first-world-war-memorials-and-cemeteries-krakow-1-3-6-2023\/embed\/#?secret=hckfvzWD0N#?secret=XidkvphR4Z\" data-secret=\"XidkvphR4Z\" width=\"600\" height=\"338\" frameborder=\"0\" marginwidth=\"0\" marginheight=\"0\" scrolling=\"no\"><\/iframe>\n<\/div><\/figure>\n\n\n\n<hr class=\"wp-block-separator\"\/>\n\n\n\n<p><strong>Odr\u017eana konferencija \u201eCentral European Jewish Communities in the Toleration and Emancipation Period 1781-1938\u201c<\/strong><\/p>\n\n\n\n<p>Dr. sc Ljiljana Dobrov\u0161ak sudjelovala je na me\u0111unarodnoj znanstvenoj konferenciji \u201eCentral European Jewish Communities in the Toleration and Emancipation Period 1781-1938\u201c koja se odr\u017eavala u Olomoucu, \u010ce\u0161ka Republika, od 24 do 25. svibnja 2023. u orgamizaciji Institute of History the Czech Academy of Science, Kurt and Ursula Schubert Center for Jewish Studies i Institute for Jewish History in Austria.<\/p>\n\n\n\n<p>Program konferencije: <a href=\"https:\/\/www.pilar.hr\/wp-content\/uploads\/2023\/06\/Kehillot-programme.pdf\">Central European Jewish Communities in the Toleration and Emancipation Period 1781-1938; Olomouc, 24.-25. 5. 2023.<\/a><\/p>\n\n\n\n<p>Dr. sc. Ljiljana Dobrov\u0161ak odr\u017eala je predavanje pod naslovom \u201eJewish Communities in the Kingdom of Croatia and Slavonia from the Croatian-Hungarian Settlement to the End of Austrian-Hungarian Monarchy\u201c u kojem je govorila od djelovanju \u017eidovskih op\u0107ina u Hrvatskoj i Slavoniji u razdoblju od Hrvatsko-ugarske nagodbe pa sve do kraja Prvoga svjetskoga rata i sloma Austro-Ugarske Monarhije.<\/p>\n\n\n\n<hr class=\"wp-block-separator\"\/>\n\n\n\n<p>Izvor:<\/p>\n\n\n\n<figure class=\"wp-block-embed-wordpress wp-block-embed is-type-wp-embed is-provider-institut-drustvenih-znanosti-ivo-pilar\"><div class=\"wp-block-embed__wrapper\">\n<blockquote class=\"wp-embedded-content\" data-secret=\"xCI9mXS7Fs\"><a href=\"https:\/\/www.pilar.hr\/2023\/06\/dr-sc-ljiljana-dobrovsak-na-konferenciji-central-european-jewish-communities-in-the-toleration-and-emancipation-period-1781-1938-24-25-5-2023\/\">Dr. sc. Ljiljana Dobrov\u0161ak na konferenciji \u201eCentral European Jewish Communities in the Toleration and Emancipation Period 1781-1938\u201c, 24.-25. 5. 2023.<\/a><\/blockquote><iframe loading=\"lazy\" class=\"wp-embedded-content\" sandbox=\"allow-scripts\" security=\"restricted\" style=\"position: absolute; clip: rect(1px, 1px, 1px, 1px);\" title=\"&#8220;Dr. sc. Ljiljana Dobrov\u0161ak na konferenciji \u201eCentral European Jewish Communities in the Toleration and Emancipation Period 1781-1938\u201c, 24.-25. 5. 2023.&#8221; &#8212; Institut dru\u0161tvenih znanosti Ivo Pilar\" src=\"https:\/\/www.pilar.hr\/2023\/06\/dr-sc-ljiljana-dobrovsak-na-konferenciji-central-european-jewish-communities-in-the-toleration-and-emancipation-period-1781-1938-24-25-5-2023\/embed\/#?secret=2v2HXjPKOn#?secret=xCI9mXS7Fs\" data-secret=\"xCI9mXS7Fs\" width=\"600\" height=\"338\" frameborder=\"0\" marginwidth=\"0\" marginheight=\"0\" scrolling=\"no\"><\/iframe>\n<\/div><\/figure>\n\n\n\n<hr class=\"wp-block-separator\"\/>\n","protected":false},"excerpt":{"rendered":"","protected":false},"author":2,"featured_media":36069,"comment_status":"open","ping_status":"open","sticky":false,"template":"","format":"standard","meta":{"_acf_changed":false,"jetpack_post_was_ever_published":false,"_jetpack_newsletter_access":"","_jetpack_dont_email_post_to_subs":false,"_jetpack_newsletter_tier_id":0,"_jetpack_memberships_contains_paywalled_content":false,"_jetpack_memberships_contains_paid_content":false,"footnotes":"","jetpack_publicize_message":"","jetpack_publicize_feature_enabled":true,"jetpack_social_post_already_shared":true,"jetpack_social_options":{"image_generator_settings":{"template":"highway","default_image_id":0,"font":"","enabled":false},"version":2}},"categories":[3,9],"tags":[],"class_list":["post-36068","post","type-post","status-publish","format-standard","has-post-thumbnail","hentry","category-novosti","category-skupovi"],"acf":{"facebook_opis":""},"jetpack_publicize_connections":[],"jetpack_featured_media_url":"https:\/\/i0.wp.com\/historiografija.hr\/wp-content\/uploads\/2023\/06\/Konf_2023.jpg?fit=960%2C640&ssl=1","jetpack_sharing_enabled":true,"jetpack-related-posts":[],"_links":{"self":[{"href":"https:\/\/historiografija.hr\/index.php?rest_route=\/wp\/v2\/posts\/36068","targetHints":{"allow":["GET"]}}],"collection":[{"href":"https:\/\/historiografija.hr\/index.php?rest_route=\/wp\/v2\/posts"}],"about":[{"href":"https:\/\/historiografija.hr\/index.php?rest_route=\/wp\/v2\/types\/post"}],"author":[{"embeddable":true,"href":"https:\/\/historiografija.hr\/index.php?rest_route=\/wp\/v2\/users\/2"}],"replies":[{"embeddable":true,"href":"https:\/\/historiografija.hr\/index.php?rest_route=%2Fwp%2Fv2%2Fcomments&post=36068"}],"version-history":[{"count":1,"href":"https:\/\/historiografija.hr\/index.php?rest_route=\/wp\/v2\/posts\/36068\/revisions"}],"predecessor-version":[{"id":36070,"href":"https:\/\/historiografija.hr\/index.php?rest_route=\/wp\/v2\/posts\/36068\/revisions\/36070"}],"wp:featuredmedia":[{"embeddable":true,"href":"https:\/\/historiografija.hr\/index.php?rest_route=\/wp\/v2\/media\/36069"}],"wp:attachment":[{"href":"https:\/\/historiografija.hr\/index.php?rest_route=%2Fwp%2Fv2%2Fmedia&parent=36068"}],"wp:term":[{"taxonomy":"category","embeddable":true,"href":"https:\/\/historiografija.hr\/index.php?rest_route=%2Fwp%2Fv2%2Fcategories&post=36068"},{"taxonomy":"post_tag","embeddable":true,"href":"https:\/\/historiografija.hr\/index.php?rest_route=%2Fwp%2Fv2%2Ftags&post=36068"}],"curies":[{"name":"wp","href":"https:\/\/api.w.org\/{rel}","templated":true}]}}