{"id":36060,"date":"2023-06-12T17:42:09","date_gmt":"2023-06-12T17:42:09","guid":{"rendered":"http:\/\/historiografija.hr\/?p=36060"},"modified":"2023-06-12T17:43:21","modified_gmt":"2023-06-12T17:43:21","slug":"izlozba-glasovi-otpora-prakse-antifasisticke-propagande-u-okupiranom-zagrebu","status":"publish","type":"post","link":"https:\/\/historiografija.hr\/?p=36060","title":{"rendered":"Izlo\u017eba \u201cGlasovi otpora \u2013 prakse antifa\u0161isti\u010dke propagande u okupiranom Zagrebu\u201d"},"content":{"rendered":"\n<p><em>Mre\u017ea antifa\u0161istkinja Zagreba odr\u017eat \u0107e izlo\u017ebu \u201cGlasovi otpora \u2013 prakse antifa\u0161isti\u010dke propagande u okupiranom Zagrebu\u201d. Izlo\u017eba \u0107e biti otvorena 14. lipnja u 19 sati u Galeriji Forum, a prikazat \u0107e jedan aspekt borbe protiv fa\u0161izma u razdoblju okupacije Zagreba, od 1941. do 1945.<\/em><\/p>\n\n\n\n<hr class=\"wp-block-separator\"\/>\n\n\n\n<p>Na izlo\u017ebi \u201cGlasovi otpora \u2013 prakse antifa\u0161isti\u010dke propagande u okupiranom Zagrebu\u201d, autora Sa\u0161e Vejzagi\u0107a i Karla Dr\u017eai\u0107a, prezentirat \u0107e se usta\u0161ka propaganda i kontrapropaganda zagreba\u010dkog antifa\u0161isti\u010dkog otpora u obliku plakata, letaka, skrivenih edukativnih materijala komunisti\u010dke partije i sli\u010dnoga.<\/p>\n\n\n\n<p>Osim tiskanih materijala izlo\u017eba \u0107e tematizirati radio propagandu i uli\u010dni aktivizam, a dio prostora bit \u0107e posve\u0107en i nedavno dopunjenoj Kartografija otpora. U sklopu izlo\u017ebe odr\u017eavat \u0107e se radionice i edukacije o antifa\u0161isti\u010dkoj ba\u0161tini na prostoru Grada Zagreba koje provodi MAZ. Video materijale radio je Jadran Boban, a vizualni identitet i dizajn potpisuje Sven Sori\u0107.<\/p>\n\n\n\n<p>Izlo\u017eba je zami\u0161ljena kao eksperimentalni <em>test of concept<\/em>. Borbu protiv fa\u0161izma prikazuje na na\u010din koji je danas uobi\u010dajen za suvremene europske muzeje otpora fa\u0161izmu, poput onih u Berlinu, Amsterdamu ili Oslu.<\/p>\n\n\n\n<p>Tako\u0111er, izlo\u017eba je zami\u0161ljena i kao dio budu\u0107eg muzeja otpora fa\u0161izmu u Zagrebu. Cjelokupni projekt polazi od pretpostavke da je u Zagrebu potrebno, po uzoru na europske muzeje, uspostaviti muzej otpora kojim bi nakon vi\u0161edesetljetnog zanemarivanja ili jasnog povijesnog revizionizma bila omogu\u0107ena valorizacija antifa\u0161isti\u010dkog naslje\u0111a i vrijednosti.<\/p>\n\n\n\n<p>Vi\u0161e muzejskih postava i zbirki koje su tematizirale antifa\u0161isti\u010dku borbu u Drugom svjetskom ratu, odnosno Narodnooslobodila\u010dku borbu, danas su uglavnom uklonjeni. Ova tema je obra\u0111ena samo u malom dijelu stalnog postava Muzeja Grada Zagreba, a i tamo na neadekvatan i historiografski problemati\u010dan na\u010din.<\/p>\n\n\n\n<p>Centralna muzejska institucija koja se bavila NOB-om, Muzej revolucije naroda Hrvatske, pripojena je do tad manjem Hrvatskom povijesnom muzeju i u praksi ukinuta. Poseban je problem \u0161to je muzejska gra\u0111a Muzeja revolucije raspar\u010dana u vi\u0161e zbirki lo\u0161e organiziranog deponija Hrvatskog povijesnog muzeja te tek mali dio nje, kroz privremene izlo\u017ebe, prikazivan javnosti, a ve\u0107ina je nedostupna na uvid \u010dak i istra\u017eiva\u010dima.<\/p>\n\n\n\n<p>Izlo\u017eba se izvodi u sklopu projekta Sje\u0107anje za budu\u0107nost \u2013 antifa\u0161isti\u010dka ba\u0161tina i vrijednosti u javnom prostoru koji je financiran sredstvima Norve\u0161ke, Islanda i Lihten\u0161tajna kroz mehanizme Fonda za aktivno gra\u0111anstvo u Hrvatskoj, a kojeg provodi Mre\u017ea antifa\u0161istkinja Zagreba. Cilj projekta je istra\u017eiti postoje\u0107u, uni\u0161tenu i uklonjenu antifa\u0161isti\u010dku ba\u0161tinu u javnom prostoru i u kulturnim ustanovama na prostoru Grada Zagreba te izraditi preporuke i potencijalna rje\u0161enja za revalorizaciju te ba\u0161tine. Produkciju izlo\u017ebe materijalno je podr\u017eala i fondacija Rosa Luxemburg Stiftung \u2013 Southeast Europe.<\/p>\n\n\n\n<p>Izlo\u017eba se mo\u017ee pogledati do 1. srpnja 2023. u Galeriji Forum.<\/p>\n\n\n\n<hr class=\"wp-block-separator\"\/>\n\n\n\n<p>MAZ<\/p>\n\n\n\n<hr class=\"wp-block-separator\"\/>\n\n\n\n<p>Izvor:<\/p>\n\n\n\n<figure class=\"wp-block-embed-wordpress wp-block-embed is-type-wp-embed is-provider-maz\"><div class=\"wp-block-embed__wrapper\">\n<blockquote class=\"wp-embedded-content\" data-secret=\"dxrY2xC8et\"><a href=\"https:\/\/www.maz.hr\/2023\/06\/08\/maz-otvara-izlozbu-o-antifasistickoj-propagandi-u-okupiranom-zagrebu\/\">MAZ otvara izlo\u017ebu o antifa\u0161isti\u010dkoj propagandi u okupiranom Zagrebu<\/a><\/blockquote><iframe loading=\"lazy\" class=\"wp-embedded-content\" sandbox=\"allow-scripts\" security=\"restricted\" style=\"position: absolute; clip: rect(1px, 1px, 1px, 1px);\" title=\"&#8220;MAZ otvara izlo\u017ebu o antifa\u0161isti\u010dkoj propagandi u okupiranom Zagrebu&#8221; &#8212; MAZ\" src=\"https:\/\/www.maz.hr\/2023\/06\/08\/maz-otvara-izlozbu-o-antifasistickoj-propagandi-u-okupiranom-zagrebu\/embed\/#?secret=dxrY2xC8et\" data-secret=\"dxrY2xC8et\" width=\"600\" height=\"338\" frameborder=\"0\" marginwidth=\"0\" marginheight=\"0\" scrolling=\"no\"><\/iframe>\n<\/div><\/figure>\n\n\n\n<hr class=\"wp-block-separator\"\/>\n","protected":false},"excerpt":{"rendered":"","protected":false},"author":2,"featured_media":36061,"comment_status":"open","ping_status":"open","sticky":false,"template":"","format":"standard","meta":{"_acf_changed":false,"jetpack_post_was_ever_published":false,"_jetpack_newsletter_access":"","_jetpack_dont_email_post_to_subs":false,"_jetpack_newsletter_tier_id":0,"_jetpack_memberships_contains_paywalled_content":false,"_jetpack_memberships_contains_paid_content":false,"footnotes":"","jetpack_publicize_message":"","jetpack_publicize_feature_enabled":true,"jetpack_social_post_already_shared":true,"jetpack_social_options":{"image_generator_settings":{"template":"highway","default_image_id":0,"font":"","enabled":false},"version":2}},"categories":[10,3],"tags":[],"class_list":["post-36060","post","type-post","status-publish","format-standard","has-post-thumbnail","hentry","category-izlozbe","category-novosti"],"acf":{"facebook_opis":""},"jetpack_publicize_connections":[],"jetpack_featured_media_url":"https:\/\/i0.wp.com\/historiografija.hr\/wp-content\/uploads\/2023\/06\/Glasovi-otpora.jpg?fit=1536%2C804&ssl=1","jetpack_sharing_enabled":true,"jetpack-related-posts":[],"_links":{"self":[{"href":"https:\/\/historiografija.hr\/index.php?rest_route=\/wp\/v2\/posts\/36060","targetHints":{"allow":["GET"]}}],"collection":[{"href":"https:\/\/historiografija.hr\/index.php?rest_route=\/wp\/v2\/posts"}],"about":[{"href":"https:\/\/historiografija.hr\/index.php?rest_route=\/wp\/v2\/types\/post"}],"author":[{"embeddable":true,"href":"https:\/\/historiografija.hr\/index.php?rest_route=\/wp\/v2\/users\/2"}],"replies":[{"embeddable":true,"href":"https:\/\/historiografija.hr\/index.php?rest_route=%2Fwp%2Fv2%2Fcomments&post=36060"}],"version-history":[{"count":3,"href":"https:\/\/historiografija.hr\/index.php?rest_route=\/wp\/v2\/posts\/36060\/revisions"}],"predecessor-version":[{"id":36064,"href":"https:\/\/historiografija.hr\/index.php?rest_route=\/wp\/v2\/posts\/36060\/revisions\/36064"}],"wp:featuredmedia":[{"embeddable":true,"href":"https:\/\/historiografija.hr\/index.php?rest_route=\/wp\/v2\/media\/36061"}],"wp:attachment":[{"href":"https:\/\/historiografija.hr\/index.php?rest_route=%2Fwp%2Fv2%2Fmedia&parent=36060"}],"wp:term":[{"taxonomy":"category","embeddable":true,"href":"https:\/\/historiografija.hr\/index.php?rest_route=%2Fwp%2Fv2%2Fcategories&post=36060"},{"taxonomy":"post_tag","embeddable":true,"href":"https:\/\/historiografija.hr\/index.php?rest_route=%2Fwp%2Fv2%2Ftags&post=36060"}],"curies":[{"name":"wp","href":"https:\/\/api.w.org\/{rel}","templated":true}]}}