{"id":36057,"date":"2023-06-12T17:25:12","date_gmt":"2023-06-12T17:25:12","guid":{"rendered":"http:\/\/historiografija.hr\/?p=36057"},"modified":"2023-06-12T17:25:12","modified_gmt":"2023-06-12T17:25:12","slug":"promocija-kataloga-i-vodstvo-izlozbom-sanja-ivekovic-nada-dimic-file-2023-kosjenka-laszlo-klemar-nada-dimic-rekonstrukcija-industrijskog-nasljeda","status":"publish","type":"post","link":"https:\/\/historiografija.hr\/?p=36057","title":{"rendered":"Promocija kataloga i vodstvo izlo\u017ebom SANJA IVEKOVI\u0106: Nada Dimi\u0107 file 2023 \/ KOSJENKA LASZLO KLEMAR: Nada Dimi\u0107 \u2013 rekonstrukcija industrijskog naslje\u0111a"},"content":{"rendered":"\n<p>Promocija kataloga \u0107e se odr\u017eati u izlo\u017ebenoj dvorani Tehni\u010dkog muzeja Nikola Tesla, Savska cesta 18, Zagreb, u<strong> utorak 13. lipnja 2023. s po\u010detkom u 19.00 sati.<\/strong><\/p>\n\n\n\n<p>Ulaz je slobodan.<\/p>\n\n\n\n<p><strong>O izlo\u017ebi i katalogu govorit \u0107e:<\/strong><br>Sanja Ivekovi\u0107, umjetnica<br>Kosjenka Laszlo Klemar, kustosica izlo\u017ebe i autorica tekstova izlo\u017ebe i kataloga<br>Ivana Bago, autorica tekstova izlo\u017ebe i kataloga<br>Barbara Blasin, autorica postava izlo\u017ebe i grafi\u010dkog oblikovanja kataloga<\/p>\n\n\n\n<p><strong>Razgovor moderira<\/strong>: Sun\u010dica Ostoi\u0107, nezavisna kustosica i istra\u017eiva\u010dica umjetnosti<br><br>Nakon promocije kustosica izlo\u017ebe Kosjenka Laszlo Klemar \u0107e odr\u017eati <strong>stru\u010dno vodstvo izlo\u017ebom<\/strong>.<\/p>\n\n\n\n<p><strong>Impresum kataloga<\/strong><br>Izdava\u010d: Tehni\u010dki muzej Nikola Tesla<br>Za izdava\u010da: Markita Franuli\u0107<br>Urednica: Markita Franuli\u0107<br>Tekstovi: Kosjenka Laszlo Klemar, Ivana Bago<br>Grafi\u010dko oblikovanje: Barbara Blasin<br>Lektura: Milo\u0161 \u0110ur\u0111evi\u0107<br>Prijevod: Milo\u0161 \u0110ur\u0111evi\u0107<br>Fotografije: Jadran Boban, Marko Ercegovi\u0107<br>Tisak: Kerschoffset d.o.o.<\/p>\n\n\n\n<p><strong>O izlo\u017ebi:<\/strong><\/p>\n\n\n\n<p>Izlo\u017eba je posve\u0107ena Nadi Dimi\u0107 \u2013 osobi i istoimenoj tvornici. Sastoji od dvije cjeline \u2013 \u201eSanja Ivekovi\u0107: Nada Dimi\u0107 File 2023\u201c i \u201eNada Dimi\u0107 \u2013 rekonstrukcija industrijskog naslje\u0111a\u201c. Cjelina \u201eSanja Ivekovi\u0107: Nada Dimi\u0107 File 2023\u201c objedinjuje umjetni\u010dke radove Sanje Ivekovi\u0107 vezane uz Nadu Dimi\u0107 (osobu i tvornicu) &#8211; od Nade Dimi\u0107 iz ciklusa Gen XX (1997. \u2013 2001.), koji reafirmira antifa\u0161isti\u010dku ba\u0161tinu usmjeravaju\u0107i pa\u017enju na \u017eene-sudionice antifa\u0161isti\u010dke borbe, preko dokumentacije performansa \u201eRepetitio est mater\u201c (Galerija Otok, Dubrovnik, 1998.) kojim zapo\u010dinje projekt \u201eNada Dimi\u0107 File\u201c, dokumentacije umjetni\u010dke intervencije \u201eSOS Nada Dimi\u0107\u201c (2000.), do instalacije koja uklju\u010duje maketu tvornice, tvorni\u010dke predmete i \u201eTimeline\u201c, rad u nastajanju koji je od posljednjeg izlaganja (2016.) dopunjen recentnim dokumentarnim materijalom. Navedeni radovi na izlo\u017ebi su prvi put objedinjeni u zasebnu cjelinu te daju pregled umjetni\u010dina dugogodi\u0161njeg bavljenja ovom temom. Njihovo izmje\u0161tanje iz uobi\u010dajenog konteksta umjetni\u010dkih muzeja i galerija u Tehni\u010dki muzej Nikola Tesla, \u010dija je povijest usko povezana s industrijom i koji danas ima va\u017enu ulogu u istra\u017eivanju i o\u010duvanju industrijskog naslje\u0111a, daje dodatnu dimenziju njihovu \u010ditanju i apostrofira razmjere (i posljedice) dru\u0161tvenih, ekonomskih i politi\u010dkih promjena u Hrvatskoj nakon 1990-ih.<\/p>\n\n\n\n<p>Druga, manja cjelina \u201eNada Dimi\u0107 \u2013 rekonstrukcija industrijskog naslje\u0111a\u201c poku\u0161aj je rekonstrukcije povijesti i rada tvornice \u201eNada Dimi\u0107\u201c temeljem sa\u010duvanih pisanih izvora (tvorni\u010dki bilteni iz 1960-ih, arhivski izvori vezani uz tvornicu, novinski \u010dlanci). Cjelina tako\u0111er predstavlja skromne fizi\u010dke ostatke tvornice pohranjene u javnim ustanovama i kolekcijama privatnih kolekcionara. Izlaganjem \u201eostataka ostataka\u201c tvornice \u201eNada Dimi\u0107\u201c upozorava se na (jo\u0161 uvijek) zanemareno industrijsko naslje\u0111e socijalizma, njegovu poziciju \u201edisonantnog naslje\u0111a\u201c, odnosno naslje\u0111a koje izaziva opre\u010dne reakcije dru\u0161tva, \u0161to pridonosi njegovu propadanju, te se problematiziraju mogu\u0107nosti istra\u017eivanja i muzealizacije ba\u0161tine \u010diji su fizi\u010dki ostaci u potpunosti ili ve\u0107im dijelom izgubljeni.<\/p>\n\n\n\n<hr class=\"wp-block-separator\"\/>\n\n\n\n<p>Izvor:<\/p>\n\n\n\n<p><a href=\"https:\/\/tmnt.hr\/dogadjaj?id=126655\">https:\/\/tmnt.hr\/dogadjaj?id=126655<\/a><\/p>\n\n\n\n<hr class=\"wp-block-separator\"\/>\n","protected":false},"excerpt":{"rendered":"","protected":false},"author":2,"featured_media":36058,"comment_status":"open","ping_status":"open","sticky":false,"template":"","format":"standard","meta":{"_acf_changed":false,"jetpack_post_was_ever_published":false,"_jetpack_newsletter_access":"","_jetpack_dont_email_post_to_subs":false,"_jetpack_newsletter_tier_id":0,"_jetpack_memberships_contains_paywalled_content":false,"_jetpack_memberships_contains_paid_content":false,"footnotes":"","jetpack_publicize_message":"","jetpack_publicize_feature_enabled":true,"jetpack_social_post_already_shared":true,"jetpack_social_options":{"image_generator_settings":{"template":"highway","default_image_id":0,"font":"","enabled":false},"version":2}},"categories":[10,3],"tags":[],"class_list":["post-36057","post","type-post","status-publish","format-standard","has-post-thumbnail","hentry","category-izlozbe","category-novosti"],"acf":{"facebook_opis":""},"jetpack_publicize_connections":[],"jetpack_featured_media_url":"https:\/\/i0.wp.com\/historiografija.hr\/wp-content\/uploads\/2023\/06\/Nada_Dimic.png?fit=690%2C470&ssl=1","jetpack_sharing_enabled":true,"jetpack-related-posts":[],"_links":{"self":[{"href":"https:\/\/historiografija.hr\/index.php?rest_route=\/wp\/v2\/posts\/36057","targetHints":{"allow":["GET"]}}],"collection":[{"href":"https:\/\/historiografija.hr\/index.php?rest_route=\/wp\/v2\/posts"}],"about":[{"href":"https:\/\/historiografija.hr\/index.php?rest_route=\/wp\/v2\/types\/post"}],"author":[{"embeddable":true,"href":"https:\/\/historiografija.hr\/index.php?rest_route=\/wp\/v2\/users\/2"}],"replies":[{"embeddable":true,"href":"https:\/\/historiografija.hr\/index.php?rest_route=%2Fwp%2Fv2%2Fcomments&post=36057"}],"version-history":[{"count":1,"href":"https:\/\/historiografija.hr\/index.php?rest_route=\/wp\/v2\/posts\/36057\/revisions"}],"predecessor-version":[{"id":36059,"href":"https:\/\/historiografija.hr\/index.php?rest_route=\/wp\/v2\/posts\/36057\/revisions\/36059"}],"wp:featuredmedia":[{"embeddable":true,"href":"https:\/\/historiografija.hr\/index.php?rest_route=\/wp\/v2\/media\/36058"}],"wp:attachment":[{"href":"https:\/\/historiografija.hr\/index.php?rest_route=%2Fwp%2Fv2%2Fmedia&parent=36057"}],"wp:term":[{"taxonomy":"category","embeddable":true,"href":"https:\/\/historiografija.hr\/index.php?rest_route=%2Fwp%2Fv2%2Fcategories&post=36057"},{"taxonomy":"post_tag","embeddable":true,"href":"https:\/\/historiografija.hr\/index.php?rest_route=%2Fwp%2Fv2%2Ftags&post=36057"}],"curies":[{"name":"wp","href":"https:\/\/api.w.org\/{rel}","templated":true}]}}