{"id":36051,"date":"2023-06-12T16:14:14","date_gmt":"2023-06-12T16:14:14","guid":{"rendered":"http:\/\/historiografija.hr\/?p=36051"},"modified":"2023-06-12T16:14:14","modified_gmt":"2023-06-12T16:14:14","slug":"predstavljanje-monografije-grboslovna-bastina-cresko-losinjskog-otocja","status":"publish","type":"post","link":"https:\/\/historiografija.hr\/?p=36051","title":{"rendered":"Predstavljanje monografije \u201eGrboslovna ba\u0161tina cresko-lo\u0161injskog oto\u010dja\u201c"},"content":{"rendered":"\n<p>U utorak, 13. lipnja 2023. godine u 20 sati u pala\u010di Fritzi Lo\u0161injskog muzeja, odr\u017eat \u0107e se predstavljanje monografije \u201eGrboslovna ba\u0161tina cresko-lo\u0161injskog oto\u010dja\u201c, autorice Jasminke \u0106us-Rukoni\u0107. Monografija predstavlja iscrpan pregled heraldi\u010dke cresko-lo\u0161injske ba\u0161tine u kojem je svaki grb katalo\u0161ki obra\u0111en i valoriziran u svim bitnim elementima svoje pojavnosti: smje\u0161tajem, dimenzijama, i opisom. Takav koncept, popra\u0107en kvalitetnim crte\u017eima i fotografijama, bez sumnje mo\u017ee poslu\u017eiti kao temelj za neka budu\u0107a \u0161ira promi\u0161ljanja, ali i daljnje vjerodostojnije bavljenje grboslovnom problematikom. Autorica monografije, muzejska savjetnica Jasminka \u0106us-Rukoni\u0107 ve\u0107 vi\u0161e od trideset godina prou\u010dava heraldi\u010dku ba\u0161tinu Cresa i Lo\u0161inja te je u ovom djelu sabrala rezultate dugogodi\u0161njih sustavnih terenskih istra\u017eivanja.<\/p>\n\n\n\n<p><br>Objavu monografije su omogu\u0107ili: Ministarstvo kulture i medija Republike Hrvatske, Primorsko-goranska \u017eupanija, Grad Cres, TZ Grada Cresa, Udruga umirovljenika grada Cresa.<\/p>\n\n\n\n<hr class=\"wp-block-separator\"\/>\n\n\n\n<p>Izvor:<\/p>\n\n\n\n<p><a href=\"https:\/\/www.facebook.com\/events\/945015779946662\/\">https:\/\/www.facebook.com\/events\/945015779946662\/<\/a><\/p>\n\n\n\n<p><a href=\"https:\/\/mdc.hr\/\">https:\/\/mdc.hr\/<\/a><\/p>\n\n\n\n<hr class=\"wp-block-separator\"\/>\n","protected":false},"excerpt":{"rendered":"","protected":false},"author":2,"featured_media":36052,"comment_status":"open","ping_status":"open","sticky":false,"template":"","format":"standard","meta":{"_acf_changed":false,"_jetpack_newsletter_access":"","_jetpack_dont_email_post_to_subs":false,"_jetpack_newsletter_tier_id":0,"_jetpack_memberships_contains_paywalled_content":false,"_jetpack_memberships_contains_paid_content":false,"footnotes":"","jetpack_publicize_message":"","jetpack_publicize_feature_enabled":true,"jetpack_social_post_already_shared":true,"jetpack_social_options":{"image_generator_settings":{"template":"highway","default_image_id":0,"font":"","enabled":false},"version":2},"jetpack_post_was_ever_published":false},"categories":[3],"tags":[],"class_list":["post-36051","post","type-post","status-publish","format-standard","has-post-thumbnail","hentry","category-novosti"],"acf":{"facebook_opis":""},"jetpack_publicize_connections":[],"jetpack_featured_media_url":"https:\/\/i0.wp.com\/historiografija.hr\/wp-content\/uploads\/2023\/06\/plakat-losinj.jpg?fit=707%2C1000&ssl=1","jetpack_sharing_enabled":true,"jetpack-related-posts":[{"id":49342,"url":"https:\/\/historiografija.hr\/?p=49342","url_meta":{"origin":36051,"position":0},"title":"Predstavljanje znanstvene monografije Zdenka Zlatara \u201dKLJU\u010cEVI BOGATSTVA. DUBROVA\u010cKA KREDITNA TRGOVINA NA BALKANU I PODUNAVLJU (1520. \u2013 1623.)\u201d","author":"Branimir Jankovi\u0107","date":"6. studenoga 2025.","format":false,"excerpt":"Imamo \u010dast i zadovoljstvo pozvati Vas na predstavljanje Znanstvene monografijeKLJU\u010cEVI BOGATSTVA. DUBROVA\u010cKA KREDITNA TRGOVINA NA BALKANU I PODUNAVLJU (1520. \u2013 1623.) autora prof. dr. sc. Zdenka Zlatara O knjizi \u0107e govoriti:dr. sc. Gordan Ravan\u010di\u0107prof. dr. sc. Zdenko Zlatar, autor Predstavljanje \u0107e se odr\u017eati u petak 7. studenoga 2025. u 18:00\u2026","rel":"","context":"U &quot;Novosti&quot;","block_context":{"text":"Novosti","link":"https:\/\/historiografija.hr\/?cat=3"},"img":{"alt_text":"","src":"https:\/\/i0.wp.com\/historiografija.hr\/wp-content\/uploads\/2025\/11\/pozivnica-zlatar-ogrizovic.jpg?fit=600%2C286&ssl=1&resize=350%2C200","width":350,"height":200,"srcset":"https:\/\/i0.wp.com\/historiografija.hr\/wp-content\/uploads\/2025\/11\/pozivnica-zlatar-ogrizovic.jpg?fit=600%2C286&ssl=1&resize=350%2C200 1x, https:\/\/i0.wp.com\/historiografija.hr\/wp-content\/uploads\/2025\/11\/pozivnica-zlatar-ogrizovic.jpg?fit=600%2C286&ssl=1&resize=525%2C300 1.5x"},"classes":[]},{"id":49060,"url":"https:\/\/historiografija.hr\/?p=49060","url_meta":{"origin":36051,"position":1},"title":"Predstavljanje knjige \u201ePOVIJEST \u0160KOLA SESTARA KLANJATELJICA KRVI KRISTOVE U BOSNI I HERCEGOVINI (1880. \u2013 1945.)\u201c","author":"Branimir Jankovi\u0107","date":"22. listopada 2025.","format":false,"excerpt":"Imamo \u010dast i zadovoljstvo pozvati Vas na predstavljanje Znanstvene monografije POVIJEST \u0160KOLA SESTARA KLANJATELJICA KRVI KRISTOVE U BOSNI I HERCEGOVINI (1880. \u2013 1945.) autorice dr. sc. Viktorie Ko\u0161akO knjizi \u0107e govoriti:predstavnici suizdava\u010daprof. dr. sc. Hrvoje Petri\u0107, recenzentdr. sc. Tihana Lueti\u0107, recenzenticadr. sc. Viktoria Ko\u0161ak, autorica Predstavljanje \u0107e se odr\u017eati u\u2026","rel":"","context":"U &quot;Novosti&quot;","block_context":{"text":"Novosti","link":"https:\/\/historiografija.hr\/?cat=3"},"img":{"alt_text":"","src":"https:\/\/i0.wp.com\/historiografija.hr\/wp-content\/uploads\/2025\/10\/pozivnica-kosak-ogrizovic.jpg?fit=600%2C285&ssl=1&resize=350%2C200","width":350,"height":200,"srcset":"https:\/\/i0.wp.com\/historiografija.hr\/wp-content\/uploads\/2025\/10\/pozivnica-kosak-ogrizovic.jpg?fit=600%2C285&ssl=1&resize=350%2C200 1x, https:\/\/i0.wp.com\/historiografija.hr\/wp-content\/uploads\/2025\/10\/pozivnica-kosak-ogrizovic.jpg?fit=600%2C285&ssl=1&resize=525%2C300 1.5x"},"classes":[]},{"id":53812,"url":"https:\/\/historiografija.hr\/?p=53812","url_meta":{"origin":36051,"position":2},"title":"Muzej \u0110akov\u0161tine: Predstavljanje monografije dr. sc. Margarete Matijevi\u0107 &#8220;\u0110AKOVO POSLIJE STROSSMAYERA&#8221;","author":"Branimir Jankovi\u0107","date":"28. svibnja 2026.","format":false,"excerpt":"U petak 29. svibnja 2026. s po\u010detkom u 19 sati\u00a0odr\u017eat \u0107e se u Muzeju \u0110akov\u0161tine \u0110akovo predstavljanje monografije dr. sc. Margarete Matijevi\u0107: \u201c\u0110AKOVO POSLIJE STROSSMAYERA.\u00a0Panoramski pregled \u0111akova\u010dkih listova\u00a0Hrvatske pu\u010dke novine (1907.-1913.)\u00a0i\u00a0Djakova\u010dke hrvatske pu\u010dke novine (1913.-1914.)\u201c. Knjigu \u0107e predstaviti: \u2013\u00a0dr. sc. Margareta Matijevi\u0107\u00a0(Hrvatski institut za povijest) \u2013\u00a0dr. sc. Stanko Andri\u0107\u00a0(Hrvatski institut\u2026","rel":"","context":"U &quot;Novosti&quot;","block_context":{"text":"Novosti","link":"https:\/\/historiografija.hr\/?cat=3"},"img":{"alt_text":"","src":"https:\/\/i0.wp.com\/historiografija.hr\/wp-content\/uploads\/2026\/05\/Dakovo-poslije-Strossmayera.png?fit=900%2C600&ssl=1&resize=350%2C200","width":350,"height":200,"srcset":"https:\/\/i0.wp.com\/historiografija.hr\/wp-content\/uploads\/2026\/05\/Dakovo-poslije-Strossmayera.png?fit=900%2C600&ssl=1&resize=350%2C200 1x, https:\/\/i0.wp.com\/historiografija.hr\/wp-content\/uploads\/2026\/05\/Dakovo-poslije-Strossmayera.png?fit=900%2C600&ssl=1&resize=525%2C300 1.5x, https:\/\/i0.wp.com\/historiografija.hr\/wp-content\/uploads\/2026\/05\/Dakovo-poslije-Strossmayera.png?fit=900%2C600&ssl=1&resize=700%2C400 2x"},"classes":[]},{"id":54937,"url":"https:\/\/historiografija.hr\/?p=54937","url_meta":{"origin":36051,"position":3},"title":"Predstavljanje monografije: Tomislav Galovi\u0107, John P. Kraljic, &#8220;DUBA\u0160NICA SOCIAL CLUB OF AMERICA INC. (NEW YORK, USA): 85. obljetnica \/ 85th Anniversary (1940-2025)&#8221;","author":"Branimir Jankovi\u0107","date":"11. kolovoza 2026.","format":false,"excerpt":"Op\u0107ina Malinska - Duba\u0161nica, Hrvatska matica iseljenika - podru\u017enica Rijeka, DUBoak - Interpretacijski centar maritimne ba\u0161tine imaju \u010dast pozvati Vas na predstavljanje monografije: Prof. dr. sc. Tomislav GALOVI\u0106 \/ Dr. iur. John P. KRALJIC DUBA\u0160NICA SOCIAL CLUB OF AMERICA INC. (NEW YORK, USA): 85. obljetnica \/ 85th Anniversary (1940-2025) Nedjelja\u2026","rel":"","context":"U &quot;Novosti&quot;","block_context":{"text":"Novosti","link":"https:\/\/historiografija.hr\/?cat=3"},"img":{"alt_text":"","src":"https:\/\/i0.wp.com\/historiografija.hr\/wp-content\/uploads\/2026\/08\/Pozivnica-Malinska.jpg?fit=849%2C1200&ssl=1&resize=350%2C200","width":350,"height":200,"srcset":"https:\/\/i0.wp.com\/historiografija.hr\/wp-content\/uploads\/2026\/08\/Pozivnica-Malinska.jpg?fit=849%2C1200&ssl=1&resize=350%2C200 1x, https:\/\/i0.wp.com\/historiografija.hr\/wp-content\/uploads\/2026\/08\/Pozivnica-Malinska.jpg?fit=849%2C1200&ssl=1&resize=525%2C300 1.5x, https:\/\/i0.wp.com\/historiografija.hr\/wp-content\/uploads\/2026\/08\/Pozivnica-Malinska.jpg?fit=849%2C1200&ssl=1&resize=700%2C400 2x"},"classes":[]},{"id":53747,"url":"https:\/\/historiografija.hr\/?p=53747","url_meta":{"origin":36051,"position":4},"title":"Predstavljanje monografije Vedrana Ivankovi\u0107a &#8220;Zapadni dio Zagreba&#8221;","author":"Branimir Jankovi\u0107","date":"26. svibnja 2026.","format":false,"excerpt":"Pozivamo vas na predstavljanje monografije \"Zapadni dio Zagreba\", koje \u0107e se odr\u017eati u Dru\u0161tvu arhitekata Zagreba (Trg bana Josipa Jela\u010di\u0107a 3\/1) u srijedu, 27. svibnja 2026. godine u 19 sati. Monografiju \u0107e predstaviti dr. sc. Dragan Damjanovi\u0107, dr. sc. Zlatko Kara\u010d i dr. sc. Vedran Ivankovi\u0107. Knjiga arhitekta i urbanista\u2026","rel":"","context":"U &quot;Novosti&quot;","block_context":{"text":"Novosti","link":"https:\/\/historiografija.hr\/?cat=3"},"img":{"alt_text":"","src":"https:\/\/i0.wp.com\/historiografija.hr\/wp-content\/uploads\/2026\/05\/image.png?fit=402%2C500&ssl=1&resize=350%2C200","width":350,"height":200},"classes":[]},{"id":54105,"url":"https:\/\/historiografija.hr\/?p=54105","url_meta":{"origin":36051,"position":5},"title":"U Ora\u0161ju predstavljena monografija \u201e106. brigada HVO Ora\u0161je \u2013 u obrani ora\u0161kog podru\u010dja 1992. \u2013 1995.\u201c autora Tade Or\u0161oli\u0107a","author":"Branimir Jankovi\u0107","date":"16. lipnja 2026.","format":false,"excerpt":"Monografija \u201e106. brigada HVO Ora\u0161je \u2013 u obrani ora\u0161kog podru\u010dja 1992. \u2013 1995.\u201c, autora prof. dr. sc. Tade Or\u0161oli\u0107a, objavljena u nakladi Zavoda za povijesne znanosti Hrvatske akademije znanosti i umjetnosti u Zadru te udruga proisteklih iz Domovinskog rata Grada Ora\u0161ja, predstavljena je 16. svibnja 2026. u Ora\u0161ju. Na 473\u2026","rel":"","context":"U &quot;Novosti&quot;","block_context":{"text":"Novosti","link":"https:\/\/historiografija.hr\/?cat=3"},"img":{"alt_text":"","src":"https:\/\/i0.wp.com\/historiografija.hr\/wp-content\/uploads\/2026\/06\/Orasje_predstavljanje.jpg?fit=1024%2C683&ssl=1&resize=350%2C200","width":350,"height":200,"srcset":"https:\/\/i0.wp.com\/historiografija.hr\/wp-content\/uploads\/2026\/06\/Orasje_predstavljanje.jpg?fit=1024%2C683&ssl=1&resize=350%2C200 1x, https:\/\/i0.wp.com\/historiografija.hr\/wp-content\/uploads\/2026\/06\/Orasje_predstavljanje.jpg?fit=1024%2C683&ssl=1&resize=525%2C300 1.5x, https:\/\/i0.wp.com\/historiografija.hr\/wp-content\/uploads\/2026\/06\/Orasje_predstavljanje.jpg?fit=1024%2C683&ssl=1&resize=700%2C400 2x"},"classes":[]}],"_links":{"self":[{"href":"https:\/\/historiografija.hr\/index.php?rest_route=\/wp\/v2\/posts\/36051","targetHints":{"allow":["GET"]}}],"collection":[{"href":"https:\/\/historiografija.hr\/index.php?rest_route=\/wp\/v2\/posts"}],"about":[{"href":"https:\/\/historiografija.hr\/index.php?rest_route=\/wp\/v2\/types\/post"}],"author":[{"embeddable":true,"href":"https:\/\/historiografija.hr\/index.php?rest_route=\/wp\/v2\/users\/2"}],"replies":[{"embeddable":true,"href":"https:\/\/historiografija.hr\/index.php?rest_route=%2Fwp%2Fv2%2Fcomments&post=36051"}],"version-history":[{"count":1,"href":"https:\/\/historiografija.hr\/index.php?rest_route=\/wp\/v2\/posts\/36051\/revisions"}],"predecessor-version":[{"id":36053,"href":"https:\/\/historiografija.hr\/index.php?rest_route=\/wp\/v2\/posts\/36051\/revisions\/36053"}],"wp:featuredmedia":[{"embeddable":true,"href":"https:\/\/historiografija.hr\/index.php?rest_route=\/wp\/v2\/media\/36052"}],"wp:attachment":[{"href":"https:\/\/historiografija.hr\/index.php?rest_route=%2Fwp%2Fv2%2Fmedia&parent=36051"}],"wp:term":[{"taxonomy":"category","embeddable":true,"href":"https:\/\/historiografija.hr\/index.php?rest_route=%2Fwp%2Fv2%2Fcategories&post=36051"},{"taxonomy":"post_tag","embeddable":true,"href":"https:\/\/historiografija.hr\/index.php?rest_route=%2Fwp%2Fv2%2Ftags&post=36051"}],"curies":[{"name":"wp","href":"https:\/\/api.w.org\/{rel}","templated":true}]}}