{"id":36046,"date":"2023-06-12T16:00:22","date_gmt":"2023-06-12T16:00:22","guid":{"rendered":"http:\/\/historiografija.hr\/?p=36046"},"modified":"2023-06-12T16:00:22","modified_gmt":"2023-06-12T16:00:22","slug":"emisija-povijesne-kontroverze-moderne-mislece-zene","status":"publish","type":"post","link":"https:\/\/historiografija.hr\/?p=36046","title":{"rendered":"Emisija \u201cPovijesne kontroverze\u201d: Moderne misle\u0107e \u017eene"},"content":{"rendered":"\n<p>U \u201cPovijesnim kontroverzama\u201d u utorak, 13. lipnja 2023. u 15.05 sati na Tre\u0107em programu Hrvatskog radija povodom projekta \u201eModerne misle\u0107e \u017eene: Intelektualni razvoj \u017eena u Hrvatskoj 20. stolje\u0107a\u201d govore Andrea Feldman i Marijana Kardum.<\/p>\n\n\n\n<hr class=\"wp-block-separator\"\/>\n\n\n\n<p>HRT &#8211; HR3&nbsp;13.06.2023.&nbsp;15:05 &#8211; 16:00<\/p>\n\n\n\n<p><strong>Povijesne kontroverze<\/strong><\/p>\n\n\n\n<p>Idejne promjene u shva\u0107anju koncepta \u017eene u 20. stolje\u0107u bile su nu\u017ene kako bi se objasnila intelektualna ishodi\u0161ta shva\u0107anja moderne \u017eene. Kako je tekao emancipatorski proces u shva\u0107anju uloge i polo\u017eaja \u017eene u dru\u0161tvu? Kad nastaje historija \u017eena kao znanstvena disciplina, a kad se ona javlja u hrvatskoj historiografiji? Kako hrvatska historiografija stoji s istra\u017eivanjima povijesti \u017eena i kakve su joj perspektive, neka su od pitanja koja otvaramo u razgovoru s prof. dr. sc. Andreom Feldman i Marijanom Kardum, znanstvenicama koje provode projekt \u201eModerne misle\u0107e \u017eene: Intelektualni razvoj \u017eena u Hrvatskoj 20. stolje\u0107a\u201d.<\/p>\n\n\n\n<p><a href=\"http:\/\/raspored.hrt.hr\/\">http:\/\/raspored.hrt.hr\/<\/a><\/p>\n\n\n\n<p><a href=\"https:\/\/radio.hrt.hr\/slusaonica\/povijesne-kontroverze\">https:\/\/radio.hrt.hr\/slusaonica\/povijesne-kontroverze<\/a><\/p>\n\n\n\n<hr class=\"wp-block-separator\"\/>\n","protected":false},"excerpt":{"rendered":"","protected":false},"author":2,"featured_media":28920,"comment_status":"open","ping_status":"open","sticky":false,"template":"","format":"standard","meta":{"_acf_changed":false,"_jetpack_newsletter_access":"","_jetpack_dont_email_post_to_subs":false,"_jetpack_newsletter_tier_id":0,"_jetpack_memberships_contains_paywalled_content":false,"_jetpack_memberships_contains_paid_content":false,"footnotes":"","jetpack_publicize_message":"","jetpack_publicize_feature_enabled":true,"jetpack_social_post_already_shared":true,"jetpack_social_options":{"image_generator_settings":{"template":"highway","default_image_id":0,"font":"","enabled":false},"version":2},"jetpack_post_was_ever_published":false},"categories":[3],"tags":[],"class_list":["post-36046","post","type-post","status-publish","format-standard","has-post-thumbnail","hentry","category-novosti"],"acf":{"facebook_opis":""},"jetpack_publicize_connections":[],"jetpack_featured_media_url":"https:\/\/i0.wp.com\/historiografija.hr\/wp-content\/uploads\/2021\/12\/povijesne-kontroverze.jpg?fit=1920%2C1080&ssl=1","jetpack_sharing_enabled":true,"jetpack-related-posts":[{"id":52788,"url":"https:\/\/historiografija.hr\/?p=52788","url_meta":{"origin":36046,"position":0},"title":"Znanstvena radionica \u201eTo\u010dke prijeloma: prekretnice u povijesti \u017eena\u201c","author":"Filip \u0160imunjak","date":"4. svibnja 2026.","format":false,"excerpt":"U sklopu Festivala povijesti Kliofest odr\u017eat \u0107e se u \u010detvrtak, 7. svibnja 2026. od 9.00 do 18.30 sati u Vije\u0107nici Filozofskog fakulteta u Zagrebu radionica To\u010dke prijeloma: prekretnice u povijesti \u017eena u organizaciji znanstvenog projekta HRZZ \u2013 \u017dene i mijene: \u017eene kao subjekti povijesnih mijena u Hrvatskoj (IP-2024-05-3847), Odsjeka za\u2026","rel":"","context":"U &quot;Novosti&quot;","block_context":{"text":"Novosti","link":"https:\/\/historiografija.hr\/?cat=3"},"img":{"alt_text":"","src":"https:\/\/i0.wp.com\/historiografija.hr\/wp-content\/uploads\/2026\/05\/Kliofest-03-cetvrtak-V-21-R-Tocke-prijeloma.jpg?fit=1200%2C566&ssl=1&resize=350%2C200","width":350,"height":200,"srcset":"https:\/\/i0.wp.com\/historiografija.hr\/wp-content\/uploads\/2026\/05\/Kliofest-03-cetvrtak-V-21-R-Tocke-prijeloma.jpg?fit=1200%2C566&ssl=1&resize=350%2C200 1x, https:\/\/i0.wp.com\/historiografija.hr\/wp-content\/uploads\/2026\/05\/Kliofest-03-cetvrtak-V-21-R-Tocke-prijeloma.jpg?fit=1200%2C566&ssl=1&resize=525%2C300 1.5x, https:\/\/i0.wp.com\/historiografija.hr\/wp-content\/uploads\/2026\/05\/Kliofest-03-cetvrtak-V-21-R-Tocke-prijeloma.jpg?fit=1200%2C566&ssl=1&resize=700%2C400 2x, https:\/\/i0.wp.com\/historiografija.hr\/wp-content\/uploads\/2026\/05\/Kliofest-03-cetvrtak-V-21-R-Tocke-prijeloma.jpg?fit=1200%2C566&ssl=1&resize=1050%2C600 3x"},"classes":[]},{"id":54840,"url":"https:\/\/historiografija.hr\/?p=54840","url_meta":{"origin":36046,"position":1},"title":"Chiara Bonfiglioli, &#8220;\u017dene i industrija na Balkanu. Uspon i pad tekstilne industrije u Jugoslaviji&#8221;","author":"Branimir Jankovi\u0107","date":"30. srpnja 2026.","format":false,"excerpt":"Knjiga donosi pri\u010du o \u017eenama koje su desetlje\u0107ima \u010dinile okosnicu jedne od najva\u017enijih industrijskih grana socijalisti\u010dke Jugoslavije. Kroz njihove glasove otvara se povijest tekstilne industrije \u2013 od poslijeratne industrijalizacije i \u0161irenja tvornica, koje su mijenjale \u017eivote \u017eena i lokalnih zajednica, do dramati\u010dne deindustrijalizacije, zatvaranja pogona i gubitka stotina tisu\u0107a radnih\u2026","rel":"","context":"U &quot;Knjige&quot;","block_context":{"text":"Knjige","link":"https:\/\/historiografija.hr\/?cat=8"},"img":{"alt_text":"","src":"https:\/\/i0.wp.com\/historiografija.hr\/wp-content\/uploads\/2026\/07\/Zene-i-industrija-na-Balkanu.jpg?fit=1200%2C734&ssl=1&resize=350%2C200","width":350,"height":200,"srcset":"https:\/\/i0.wp.com\/historiografija.hr\/wp-content\/uploads\/2026\/07\/Zene-i-industrija-na-Balkanu.jpg?fit=1200%2C734&ssl=1&resize=350%2C200 1x, https:\/\/i0.wp.com\/historiografija.hr\/wp-content\/uploads\/2026\/07\/Zene-i-industrija-na-Balkanu.jpg?fit=1200%2C734&ssl=1&resize=525%2C300 1.5x, https:\/\/i0.wp.com\/historiografija.hr\/wp-content\/uploads\/2026\/07\/Zene-i-industrija-na-Balkanu.jpg?fit=1200%2C734&ssl=1&resize=700%2C400 2x, https:\/\/i0.wp.com\/historiografija.hr\/wp-content\/uploads\/2026\/07\/Zene-i-industrija-na-Balkanu.jpg?fit=1200%2C734&ssl=1&resize=1050%2C600 3x"},"classes":[]},{"id":53952,"url":"https:\/\/historiografija.hr\/?p=53952","url_meta":{"origin":36046,"position":2},"title":"Predavanje Martine Pi\u0161kor Margeta: \u201cMarija Juri\u0107 Zagorka i \u201cHrvatska \u017eena\u201d","author":"Branimir Jankovi\u0107","date":"8. lipnja 2026.","format":false,"excerpt":"Memorijalni stan Marije Juri\u0107 Zagorke i Centar za \u017eenske studije pozivaju vas na predavanje Martine Pi\u0161kor Margeta \u201eMarija Juri\u0107 Zagorka i Hrvatska \u017eena\u201d koje \u0107e se odr\u017eati u ponedjeljak, 8. lipnja 2026. s po\u010detkom u 19 h u sklopu Ciklusa predavanja u Memorijalnom stanu Marije Juri\u0107 Zagorke. Ve\u0107 i ptice\u2026","rel":"","context":"U &quot;Novosti&quot;","block_context":{"text":"Novosti","link":"https:\/\/historiografija.hr\/?cat=3"},"img":{"alt_text":"","src":"https:\/\/i0.wp.com\/historiografija.hr\/wp-content\/uploads\/2024\/11\/Zagorka_ciklus.jpg?fit=1200%2C1006&ssl=1&resize=350%2C200","width":350,"height":200,"srcset":"https:\/\/i0.wp.com\/historiografija.hr\/wp-content\/uploads\/2024\/11\/Zagorka_ciklus.jpg?fit=1200%2C1006&ssl=1&resize=350%2C200 1x, https:\/\/i0.wp.com\/historiografija.hr\/wp-content\/uploads\/2024\/11\/Zagorka_ciklus.jpg?fit=1200%2C1006&ssl=1&resize=525%2C300 1.5x, https:\/\/i0.wp.com\/historiografija.hr\/wp-content\/uploads\/2024\/11\/Zagorka_ciklus.jpg?fit=1200%2C1006&ssl=1&resize=700%2C400 2x, https:\/\/i0.wp.com\/historiografija.hr\/wp-content\/uploads\/2024\/11\/Zagorka_ciklus.jpg?fit=1200%2C1006&ssl=1&resize=1050%2C600 3x"},"classes":[]},{"id":54822,"url":"https:\/\/historiografija.hr\/?p=54822","url_meta":{"origin":36046,"position":3},"title":"Kasimma, \u201ePortret za dar-mar\u201c","author":"Branimir Jankovi\u0107","date":"27. srpnja 2026.","format":false,"excerpt":"Zbirka pri\u010da nigerijske spisateljice Kasimme prikazuje \u017eivot u za\u010dudnoj svevremenskoj perspektivi koja supostavlja povijesnu tradiciju, mitologiju i obi\u010daje nigerijskog naroda Ibo uz sliku suvremene Nigerije, najmnogoljudnije afri\u010dke zemlje koju je ve\u0107 minula panika postkolonijalnog pusto\u0161enja prirodnih resursa i poni\u017eavanja, te je zapala u duboku ekonomsku i politi\u010dku depresiju. Zemlja je\u2026","rel":"","context":"U &quot;Novosti&quot;","block_context":{"text":"Novosti","link":"https:\/\/historiografija.hr\/?cat=3"},"img":{"alt_text":"","src":"https:\/\/i0.wp.com\/historiografija.hr\/wp-content\/uploads\/2026\/07\/Portret-za-dar-mar.jpg?fit=296%2C468&ssl=1&resize=350%2C200","width":350,"height":200},"classes":[]},{"id":54137,"url":"https:\/\/historiografija.hr\/?p=54137","url_meta":{"origin":36046,"position":4},"title":"Poziv za prijavu radova za znanstveno-knji\u017eevni skup Dana Marije Juri\u0107 Zagorke: Rod, rat i mir","author":"Branimir Jankovi\u0107","date":"17. lipnja 2026.","format":false,"excerpt":"Centar za \u017eenske studije Zagreb u suradnji s Odsjekom za komparativnu knji\u017eevnost Filozofskog fakulteta u Zagrebu i Odjelom za komunikologiju, medije i novinarstvo Sveu\u010dili\u0161ta Sjever objavljuje Poziv na znanstveno-knji\u017eevni skup s me\u0111unarodnim sudjelovanjem: ROD, RAT I MIR koji \u0107e se odr\u017eati u sklopu Dana Marije Juri\u0107 Zagorke, 27. i 28.\u2026","rel":"","context":"U &quot;Novosti&quot;","block_context":{"text":"Novosti","link":"https:\/\/historiografija.hr\/?cat=3"},"img":{"alt_text":"","src":"https:\/\/i0.wp.com\/historiografija.hr\/wp-content\/uploads\/2026\/06\/Dani-MJZ-web.png?fit=768%2C382&ssl=1&resize=350%2C200","width":350,"height":200,"srcset":"https:\/\/i0.wp.com\/historiografija.hr\/wp-content\/uploads\/2026\/06\/Dani-MJZ-web.png?fit=768%2C382&ssl=1&resize=350%2C200 1x, https:\/\/i0.wp.com\/historiografija.hr\/wp-content\/uploads\/2026\/06\/Dani-MJZ-web.png?fit=768%2C382&ssl=1&resize=525%2C300 1.5x, https:\/\/i0.wp.com\/historiografija.hr\/wp-content\/uploads\/2026\/06\/Dani-MJZ-web.png?fit=768%2C382&ssl=1&resize=700%2C400 2x"},"classes":[]},{"id":54878,"url":"https:\/\/historiografija.hr\/?p=54878","url_meta":{"origin":36046,"position":5},"title":"Sta\u0161a Aras, &#8220;Suhozid&#8221;","author":"Branimir Jankovi\u0107","date":"6. kolovoza 2026.","format":false,"excerpt":"Drugi svjetski rat odvija se na dalmatinskom otoku, a \u010detiri \u017eene i jedna djevoj\u010dica poku\u0161avaju \u017eivjeti normalnim \u017eivotom u neo\u010dekivanim i nenormalnim okolnostima. Sta\u0161a Aras u romanu Suhozid poetskim jezikom pripovijeda o sudbinama Anke, Mile, Lidije, Vere, Marte i Blage, toliko ih pribli\u017eavaju\u0107i \u010ditatelju da gotovo mo\u017eete osjetiti miris makije\u2026","rel":"","context":"U &quot;Novosti&quot;","block_context":{"text":"Novosti","link":"https:\/\/historiografija.hr\/?cat=3"},"img":{"alt_text":"","src":"https:\/\/i0.wp.com\/historiografija.hr\/wp-content\/uploads\/2026\/08\/suhozid-2.jpg?fit=1200%2C719&ssl=1&resize=350%2C200","width":350,"height":200,"srcset":"https:\/\/i0.wp.com\/historiografija.hr\/wp-content\/uploads\/2026\/08\/suhozid-2.jpg?fit=1200%2C719&ssl=1&resize=350%2C200 1x, https:\/\/i0.wp.com\/historiografija.hr\/wp-content\/uploads\/2026\/08\/suhozid-2.jpg?fit=1200%2C719&ssl=1&resize=525%2C300 1.5x, https:\/\/i0.wp.com\/historiografija.hr\/wp-content\/uploads\/2026\/08\/suhozid-2.jpg?fit=1200%2C719&ssl=1&resize=700%2C400 2x, https:\/\/i0.wp.com\/historiografija.hr\/wp-content\/uploads\/2026\/08\/suhozid-2.jpg?fit=1200%2C719&ssl=1&resize=1050%2C600 3x"},"classes":[]}],"_links":{"self":[{"href":"https:\/\/historiografija.hr\/index.php?rest_route=\/wp\/v2\/posts\/36046","targetHints":{"allow":["GET"]}}],"collection":[{"href":"https:\/\/historiografija.hr\/index.php?rest_route=\/wp\/v2\/posts"}],"about":[{"href":"https:\/\/historiografija.hr\/index.php?rest_route=\/wp\/v2\/types\/post"}],"author":[{"embeddable":true,"href":"https:\/\/historiografija.hr\/index.php?rest_route=\/wp\/v2\/users\/2"}],"replies":[{"embeddable":true,"href":"https:\/\/historiografija.hr\/index.php?rest_route=%2Fwp%2Fv2%2Fcomments&post=36046"}],"version-history":[{"count":1,"href":"https:\/\/historiografija.hr\/index.php?rest_route=\/wp\/v2\/posts\/36046\/revisions"}],"predecessor-version":[{"id":36047,"href":"https:\/\/historiografija.hr\/index.php?rest_route=\/wp\/v2\/posts\/36046\/revisions\/36047"}],"wp:featuredmedia":[{"embeddable":true,"href":"https:\/\/historiografija.hr\/index.php?rest_route=\/wp\/v2\/media\/28920"}],"wp:attachment":[{"href":"https:\/\/historiografija.hr\/index.php?rest_route=%2Fwp%2Fv2%2Fmedia&parent=36046"}],"wp:term":[{"taxonomy":"category","embeddable":true,"href":"https:\/\/historiografija.hr\/index.php?rest_route=%2Fwp%2Fv2%2Fcategories&post=36046"},{"taxonomy":"post_tag","embeddable":true,"href":"https:\/\/historiografija.hr\/index.php?rest_route=%2Fwp%2Fv2%2Ftags&post=36046"}],"curies":[{"name":"wp","href":"https:\/\/api.w.org\/{rel}","templated":true}]}}