{"id":36042,"date":"2023-06-12T15:45:04","date_gmt":"2023-06-12T15:45:04","guid":{"rendered":"http:\/\/historiografija.hr\/?p=36042"},"modified":"2023-06-12T15:45:04","modified_gmt":"2023-06-12T15:45:04","slug":"predstavljanje-knjige-lade-durakovic-zaboravljena-glazba-pula-1900-1950-u-puli","status":"publish","type":"post","link":"https:\/\/historiografija.hr\/?p=36042","title":{"rendered":"Predstavljanje knjige Lade Durakovi\u0107 \u201cZaboravljena glazba: Pula 1900. \u2013 1950.\u201d u Puli"},"content":{"rendered":"\n<p>U utorak, 13. lipnja 2023., s po\u010detkom u 19 sati u Povijesnom i pomorskom muzeju Istre \u2013 Museo storico e navale dell\u2019Istria u Puli bit \u0107e predstavljena knjiga dr. sc. Lade Durakovi\u0107 \u201cZaboravljena glazba: Pula 1900. \u2013 1950.\u201d. Knjiga je rezultat autori\u010dina dugogodi\u0161njeg sustavnog istra\u017eivanja razli\u010ditih aspekata glazbenog \u017eivota Pule u prvoj polovici 20. stolje\u0107a. Pisala ju je oslanjaju\u0107i se na arhivske izvore te dokumente i novinske \u010dlanke koji se \u010duvaju u knji\u017enicama, muzejima i privatnim ostav\u0161tinama. Sadr\u017eaj je vezan za glazbenike koji su ro\u0111eni u Puli, a karijeru su nakon odlaska iz rodnoga mjesta gradili u va\u017enim europskim glazbenim \u017eari\u0161tima, te za skladatelje, izvo\u0111a\u010de, orgulja\u0161e, pedagoge, publiciste i druge umjetnike koji su obilje\u017eili glazbenu svakodnevicu grada, a \u010dija su imena danas javnosti gotovo nepoznata. Izdava\u010d je Sveu\u010dili\u0161te Jurja Dobrile u Puli.&nbsp;<\/p>\n\n\n\n<p><a href=\"https:\/\/ipd-ssi.hr\/wp-content\/uploads\/2023\/06\/Pozivnica-Invito.pdf\">Pozivnica \u2013 Invito<\/a><\/p>\n\n\n\n<hr class=\"wp-block-separator\"\/>\n\n\n\n<p>Izvor:<\/p>\n\n\n\n<figure class=\"wp-block-embed-wordpress wp-block-embed is-type-wp-embed is-provider-istarsko-povijesno-drustvo-societa-storica-istriana\"><div class=\"wp-block-embed__wrapper\">\n<blockquote class=\"wp-embedded-content\" data-secret=\"DLPKgdk4kV\"><a href=\"https:\/\/ipd-ssi.hr\/2023\/06\/12\/predstavljanje-knjige-lade-durakovic-zaboravljena-glazba-pula-1900-1950-u-puli\/\">Predstavljanje knjige Lade Durakovi\u0107 &#8220;Zaboravljena glazba: Pula 1900. \u2013 1950.&#8221; u Puli<\/a><\/blockquote><iframe loading=\"lazy\" class=\"wp-embedded-content\" sandbox=\"allow-scripts\" security=\"restricted\" style=\"position: absolute; clip: rect(1px, 1px, 1px, 1px);\" title=\"&#8220;Predstavljanje knjige Lade Durakovi\u0107 &#8220;Zaboravljena glazba: Pula 1900. \u2013 1950.&#8221; u Puli&#8221; &#8212; Istarsko povijesno dru\u0161tvo - Societ\u00e0 Storica Istriana\" src=\"https:\/\/ipd-ssi.hr\/2023\/06\/12\/predstavljanje-knjige-lade-durakovic-zaboravljena-glazba-pula-1900-1950-u-puli\/embed\/#?secret=LjcHbwnTJ8#?secret=DLPKgdk4kV\" data-secret=\"DLPKgdk4kV\" width=\"600\" height=\"338\" frameborder=\"0\" marginwidth=\"0\" marginheight=\"0\" scrolling=\"no\"><\/iframe>\n<\/div><\/figure>\n\n\n\n<hr class=\"wp-block-separator\"\/>\n","protected":false},"excerpt":{"rendered":"","protected":false},"author":2,"featured_media":36043,"comment_status":"open","ping_status":"open","sticky":false,"template":"","format":"standard","meta":{"_acf_changed":false,"_jetpack_newsletter_access":"","_jetpack_dont_email_post_to_subs":false,"_jetpack_newsletter_tier_id":0,"_jetpack_memberships_contains_paywalled_content":false,"_jetpack_memberships_contains_paid_content":false,"footnotes":"","jetpack_publicize_message":"","jetpack_publicize_feature_enabled":true,"jetpack_social_post_already_shared":true,"jetpack_social_options":{"image_generator_settings":{"template":"highway","default_image_id":0,"font":"","enabled":false},"version":2},"jetpack_post_was_ever_published":false},"categories":[3],"tags":[],"class_list":["post-36042","post","type-post","status-publish","format-standard","has-post-thumbnail","hentry","category-novosti"],"acf":{"facebook_opis":""},"jetpack_publicize_connections":[],"jetpack_featured_media_url":"https:\/\/i0.wp.com\/historiografija.hr\/wp-content\/uploads\/2023\/06\/Durakovic.jpg?fit=498%2C259&ssl=1","jetpack_sharing_enabled":true,"jetpack-related-posts":[{"id":54626,"url":"https:\/\/historiografija.hr\/?p=54626","url_meta":{"origin":36042,"position":0},"title":"Olga Supek, &#8220;A hundred years of bread and wine: The culture, history and economy of a Croatian village&#8221;","author":"Branimir Jankovi\u0107","date":"16. srpnja 2026.","format":false,"excerpt":"U izdanju Instituta za etnologiju i folkloristiku objavljena je 2026. godine e-knjiga A hundred years of bread and wine: The culture, history and economy of a Croatian village autorice Olge Supek. Ova e-knjiga njezina je doktorska disertacija koju je obranila 1982. godine na Sveu\u010dili\u0161tu Michigan u Ann Arboru u Sjedinjenim\u2026","rel":"","context":"U &quot;E-knjige&quot;","block_context":{"text":"E-knjige","link":"https:\/\/historiografija.hr\/?cat=19"},"img":{"alt_text":"","src":"https:\/\/i0.wp.com\/historiografija.hr\/wp-content\/uploads\/2026\/07\/A-hundred-years-of-bread-and-wine.png?fit=647%2C913&ssl=1&resize=350%2C200","width":350,"height":200,"srcset":"https:\/\/i0.wp.com\/historiografija.hr\/wp-content\/uploads\/2026\/07\/A-hundred-years-of-bread-and-wine.png?fit=647%2C913&ssl=1&resize=350%2C200 1x, https:\/\/i0.wp.com\/historiografija.hr\/wp-content\/uploads\/2026\/07\/A-hundred-years-of-bread-and-wine.png?fit=647%2C913&ssl=1&resize=525%2C300 1.5x"},"classes":[]},{"id":52999,"url":"https:\/\/historiografija.hr\/?p=52999","url_meta":{"origin":36042,"position":1},"title":"Milan Suboti\u0107, &#8220;Istori\u010dari u svom vremenu&#8221;","author":"Filip \u0160imunjak","date":"8. svibnja 2026.","format":false,"excerpt":"Objavljena je knjiga Milana Suboti\u0107a, \"Istori\u010dari u svom vremenu\", koja kroz \u010detiri studije o Ericu Hobsbawmu, Richardu Pipesu, Aleksandru Gerschenkronu i Mirchi Eliadeu istra\u017euje kako politi\u010dki i dru\u0161tveni kontekst 20. stolje\u0107a oblikuje na\u010din na koji povjesni\u010dari razumiju i interpretiraju pro\u0161lost. Kako vrijeme u kojem \u017eivimo oblikuje ono \u0161to mislimo da\u2026","rel":"","context":"U &quot;Knjige&quot;","block_context":{"text":"Knjige","link":"https:\/\/historiografija.hr\/?cat=8"},"img":{"alt_text":"","src":"https:\/\/i0.wp.com\/historiografija.hr\/wp-content\/uploads\/2026\/05\/Istoricari-u-svome-vremenu-knjiga.png?fit=566%2C826&ssl=1&resize=350%2C200","width":350,"height":200,"srcset":"https:\/\/i0.wp.com\/historiografija.hr\/wp-content\/uploads\/2026\/05\/Istoricari-u-svome-vremenu-knjiga.png?fit=566%2C826&ssl=1&resize=350%2C200 1x, https:\/\/i0.wp.com\/historiografija.hr\/wp-content\/uploads\/2026\/05\/Istoricari-u-svome-vremenu-knjiga.png?fit=566%2C826&ssl=1&resize=525%2C300 1.5x"},"classes":[]},{"id":52848,"url":"https:\/\/historiografija.hr\/?p=52848","url_meta":{"origin":36042,"position":2},"title":"Aleksandar R. Mileti\u0107, &#8220;Stambeni pakao. Sustav kontrolirane stanarine u Jugoisto\u010dnoj i Srednjoisto\u010dnoj Europi 1914-1930.&#8221;","author":"Branimir Jankovi\u0107","date":"5. svibnja 2026.","format":false,"excerpt":"Na Festivalu povijesti Kliofest 2026. promovirana je u Zagrebu knjiga Aleksandra R. Mileti\u0107a \"Stambeni pakao. Sustav kontrolirane stanarine u Jugoisto\u010dnoj i Srednjoisto\u010dnoj Europi 1914-1930.\" Knjiga na temelju provedenoga istra\u017eivanja autora opisuje dru\u0161tvene, ekonomske i politi\u010dke implikacije dugoro\u010dne primjene stambenog zakonodavstva, koje je u po\u010detku bilo zami\u0161ljeno samo kao set mjera\u2026","rel":"","context":"U &quot;Knjige&quot;","block_context":{"text":"Knjige","link":"https:\/\/historiografija.hr\/?cat=8"},"img":{"alt_text":"","src":"https:\/\/i0.wp.com\/historiografija.hr\/wp-content\/uploads\/2026\/05\/miletic-naslovnica.jpg?fit=374%2C514&ssl=1&resize=350%2C200","width":350,"height":200},"classes":[]},{"id":53948,"url":"https:\/\/historiografija.hr\/?p=53948","url_meta":{"origin":36042,"position":3},"title":"Predavanje Mojce Pi\u0161kor &#8220;Ostinato smrti: zvuk i glazba u logoru Jasenovac\u201d u Zagrebu","author":"Branimir Jankovi\u0107","date":"8. lipnja 2026.","format":false,"excerpt":"Kako zvu\u010di i kako se slu\u0161a logor? Mo\u017ee li se i kako o tom iskustvu svjedo\u010diti? Kako razumjeti glazbu koja zvu\u010di nad kontinuiranim, sveprisutnim ostinatom nasilja i smrti? O tome \u0107e nam govoriti Mojca Pi\u0161kor na predavanju pod nazivom \"Ostinato smrti: zvuk i glazba u logoru Jasenovac\u201d. Pridru\u017eite nam se\u2026","rel":"","context":"U &quot;Novosti&quot;","block_context":{"text":"Novosti","link":"https:\/\/historiografija.hr\/?cat=3"},"img":{"alt_text":"","src":"https:\/\/i0.wp.com\/historiografija.hr\/wp-content\/uploads\/2026\/06\/Piskor_plakat.jpg?fit=668%2C422&ssl=1&resize=350%2C200","width":350,"height":200,"srcset":"https:\/\/i0.wp.com\/historiografija.hr\/wp-content\/uploads\/2026\/06\/Piskor_plakat.jpg?fit=668%2C422&ssl=1&resize=350%2C200 1x, https:\/\/i0.wp.com\/historiografija.hr\/wp-content\/uploads\/2026\/06\/Piskor_plakat.jpg?fit=668%2C422&ssl=1&resize=525%2C300 1.5x"},"classes":[]},{"id":55050,"url":"https:\/\/historiografija.hr\/?p=55050","url_meta":{"origin":36042,"position":4},"title":"Francesca Albanese, &#8220;Kad svijet spava&#8221;","author":"Branimir Jankovi\u0107","date":"21. kolovoza 2026.","format":false,"excerpt":"Nakon srpskog izdanja na koje smo prethodno uputili, objavljeno je i hrvatsko izdanje knjige Francesce Albanese, posebne izvjestiteljice UN-a za stanje ljudskih prava na okupiranom palestinskom teritoriju. Duh mjesta \u2013 genius loci \u2013 \u010dine ljudi i njihove pri\u010de, a Palestina je mjesto gdje se povijest i svakodnevni \u017eivot sudaraju rijetko\u2026","rel":"","context":"U &quot;Knjige&quot;","block_context":{"text":"Knjige","link":"https:\/\/historiografija.hr\/?cat=8"},"img":{"alt_text":"","src":"https:\/\/i0.wp.com\/historiografija.hr\/wp-content\/uploads\/2026\/08\/slika-8.png?fit=782%2C1200&ssl=1&resize=350%2C200","width":350,"height":200,"srcset":"https:\/\/i0.wp.com\/historiografija.hr\/wp-content\/uploads\/2026\/08\/slika-8.png?fit=782%2C1200&ssl=1&resize=350%2C200 1x, https:\/\/i0.wp.com\/historiografija.hr\/wp-content\/uploads\/2026\/08\/slika-8.png?fit=782%2C1200&ssl=1&resize=525%2C300 1.5x, https:\/\/i0.wp.com\/historiografija.hr\/wp-content\/uploads\/2026\/08\/slika-8.png?fit=782%2C1200&ssl=1&resize=700%2C400 2x"},"classes":[]},{"id":54893,"url":"https:\/\/historiografija.hr\/?p=54893","url_meta":{"origin":36042,"position":5},"title":"Jasen Boko, &#8220;Tragovima Odiseja&#8221; &#8211; 2. dopunjeno i izmijenjeno izdanje","author":"Branimir Jankovi\u0107","date":"10. kolovoza 2026.","format":false,"excerpt":"Drugo dopunjeno i izmijenjeno izdanje hit-putopisa donosi nova saznanja o tome kako se nesta\u0161ni Penelopin suprug izgubio u Jadranu. Tragovima Odiseja \u2013 2. dopunjeno i izmijenjeno izdanje Prvo izdanje putopisa Tragovima Odiseja \u2013 Kontroverzni putopis o lutanju gr\u010dkog junaka Jadranom Jasena Boke izi\u0161lo je 2012. i odmah osvojilo \u010ditatelje i\u2026","rel":"","context":"U &quot;Knjige&quot;","block_context":{"text":"Knjige","link":"https:\/\/historiografija.hr\/?cat=8"},"img":{"alt_text":"","src":"https:\/\/i0.wp.com\/historiografija.hr\/wp-content\/uploads\/2026\/08\/TRAGOVIMA-ODISEJA-2.-izdanje.jpg?fit=800%2C565&ssl=1&resize=350%2C200","width":350,"height":200,"srcset":"https:\/\/i0.wp.com\/historiografija.hr\/wp-content\/uploads\/2026\/08\/TRAGOVIMA-ODISEJA-2.-izdanje.jpg?fit=800%2C565&ssl=1&resize=350%2C200 1x, https:\/\/i0.wp.com\/historiografija.hr\/wp-content\/uploads\/2026\/08\/TRAGOVIMA-ODISEJA-2.-izdanje.jpg?fit=800%2C565&ssl=1&resize=525%2C300 1.5x, https:\/\/i0.wp.com\/historiografija.hr\/wp-content\/uploads\/2026\/08\/TRAGOVIMA-ODISEJA-2.-izdanje.jpg?fit=800%2C565&ssl=1&resize=700%2C400 2x"},"classes":[]}],"_links":{"self":[{"href":"https:\/\/historiografija.hr\/index.php?rest_route=\/wp\/v2\/posts\/36042","targetHints":{"allow":["GET"]}}],"collection":[{"href":"https:\/\/historiografija.hr\/index.php?rest_route=\/wp\/v2\/posts"}],"about":[{"href":"https:\/\/historiografija.hr\/index.php?rest_route=\/wp\/v2\/types\/post"}],"author":[{"embeddable":true,"href":"https:\/\/historiografija.hr\/index.php?rest_route=\/wp\/v2\/users\/2"}],"replies":[{"embeddable":true,"href":"https:\/\/historiografija.hr\/index.php?rest_route=%2Fwp%2Fv2%2Fcomments&post=36042"}],"version-history":[{"count":1,"href":"https:\/\/historiografija.hr\/index.php?rest_route=\/wp\/v2\/posts\/36042\/revisions"}],"predecessor-version":[{"id":36044,"href":"https:\/\/historiografija.hr\/index.php?rest_route=\/wp\/v2\/posts\/36042\/revisions\/36044"}],"wp:featuredmedia":[{"embeddable":true,"href":"https:\/\/historiografija.hr\/index.php?rest_route=\/wp\/v2\/media\/36043"}],"wp:attachment":[{"href":"https:\/\/historiografija.hr\/index.php?rest_route=%2Fwp%2Fv2%2Fmedia&parent=36042"}],"wp:term":[{"taxonomy":"category","embeddable":true,"href":"https:\/\/historiografija.hr\/index.php?rest_route=%2Fwp%2Fv2%2Fcategories&post=36042"},{"taxonomy":"post_tag","embeddable":true,"href":"https:\/\/historiografija.hr\/index.php?rest_route=%2Fwp%2Fv2%2Ftags&post=36042"}],"curies":[{"name":"wp","href":"https:\/\/api.w.org\/{rel}","templated":true}]}}