{"id":36020,"date":"2023-06-07T23:07:32","date_gmt":"2023-06-07T23:07:32","guid":{"rendered":"http:\/\/historiografija.hr\/?p=36020"},"modified":"2023-06-07T23:07:32","modified_gmt":"2023-06-07T23:07:32","slug":"izlozba-zvuci-iz-arhiva-muzicka-omladina-pula-1963-1974-u-pazinu","status":"publish","type":"post","link":"https:\/\/historiografija.hr\/?p=36020","title":{"rendered":"Izlo\u017eba \u201eZvuci iz arhiva: Muzi\u010dka omladina Pula (1963. \u2013 1974.)\u201c u Pazinu"},"content":{"rendered":"\n<p>U povodu Me\u0111unarodnog dana arhiva, 9. lipnja 2023. u 13.00 sati u Dr\u017eavnom arhivu u Pazinu bit \u0107e otvorena dokumentarna izlo\u017eba pod nazivom <em>Zvuci iz arhiva: Muzi\u010dka omladina Pula (1963. \u2013 1974.)<\/em>. Izlo\u017ebom \u0107e se obilje\u017eiti \u0161ezdeseta obljetnica osnivanja pulske podru\u017enice Muzi\u010dke omladine. Posve\u0107ena je iznimnim rezultatima ostvarenim u prvom desetlje\u0107u njezina rada, a sadr\u017ei arhivsko gradivo (dokumente, plakate, fotografije, \u010dlanke) koje se \u010duva u Dr\u017eavnom arhivu u Pazinu, Sveu\u010dili\u0161noj knji\u017enici u Puli, Povijesnom i pomorskom muzeju Istre te u Arhivu Hrvatske glazbene mlade\u017ei u Zagrebu. Autorica je izlo\u017ebe Lada Durakovi\u0107, a nastala je&nbsp; u suradnji Dr\u017eavnog arhiva u Pazinu i Centra za kulturolo\u0161ka i povijesna istra\u017eivanja Sveu\u010dili\u0161ta Jurja Dobrile u Puli.<\/p>\n\n\n\n<p>Muzikologinja Lada Durakovi\u0107 izvanredna je profesorica i znanstvena savjetnica na Muzi\u010dkoj akademiji Sveu\u010dili\u0161ta Jurja Dobrile u Puli. \u010clanica je i suosniva\u010dica Centra za kulturolo\u0161ka i povijesna istra\u017eivanja socijalizma. U sredi\u0161tu su njezina znanstvenog interesa teme vezane uz glazbu u 20. st., posebice suodnos ideologije i glazbenog \u017eivota. Autorica je brojnih znanstvenih \u010dlanaka te pet knjiga i urednica nekoliko zbornika i monografija.<\/p>\n\n\n\n<hr class=\"wp-block-separator\"\/>\n\n\n\n<p>Izvor:<\/p>\n\n\n\n<p><a href=\"https:\/\/www.unipu.hr\/ckpis\/dogadanja\">https:\/\/www.unipu.hr\/ckpis\/dogadanja<\/a><\/p>\n\n\n\n<hr class=\"wp-block-separator\"\/>\n","protected":false},"excerpt":{"rendered":"","protected":false},"author":2,"featured_media":36021,"comment_status":"open","ping_status":"open","sticky":false,"template":"","format":"standard","meta":{"_acf_changed":false,"jetpack_post_was_ever_published":false,"_jetpack_newsletter_access":"","_jetpack_dont_email_post_to_subs":false,"_jetpack_newsletter_tier_id":0,"_jetpack_memberships_contains_paywalled_content":false,"_jetpack_memberships_contains_paid_content":false,"footnotes":"","jetpack_publicize_message":"","jetpack_publicize_feature_enabled":true,"jetpack_social_post_already_shared":true,"jetpack_social_options":{"image_generator_settings":{"template":"highway","default_image_id":0,"font":"","enabled":false},"version":2}},"categories":[10,3],"tags":[],"class_list":["post-36020","post","type-post","status-publish","format-standard","has-post-thumbnail","hentry","category-izlozbe","category-novosti"],"acf":{"facebook_opis":""},"jetpack_publicize_connections":[],"jetpack_featured_media_url":"https:\/\/i0.wp.com\/historiografija.hr\/wp-content\/uploads\/2023\/06\/DAPA.png?fit=960%2C1357&ssl=1","jetpack_sharing_enabled":true,"jetpack-related-posts":[],"_links":{"self":[{"href":"https:\/\/historiografija.hr\/index.php?rest_route=\/wp\/v2\/posts\/36020","targetHints":{"allow":["GET"]}}],"collection":[{"href":"https:\/\/historiografija.hr\/index.php?rest_route=\/wp\/v2\/posts"}],"about":[{"href":"https:\/\/historiografija.hr\/index.php?rest_route=\/wp\/v2\/types\/post"}],"author":[{"embeddable":true,"href":"https:\/\/historiografija.hr\/index.php?rest_route=\/wp\/v2\/users\/2"}],"replies":[{"embeddable":true,"href":"https:\/\/historiografija.hr\/index.php?rest_route=%2Fwp%2Fv2%2Fcomments&post=36020"}],"version-history":[{"count":1,"href":"https:\/\/historiografija.hr\/index.php?rest_route=\/wp\/v2\/posts\/36020\/revisions"}],"predecessor-version":[{"id":36022,"href":"https:\/\/historiografija.hr\/index.php?rest_route=\/wp\/v2\/posts\/36020\/revisions\/36022"}],"wp:featuredmedia":[{"embeddable":true,"href":"https:\/\/historiografija.hr\/index.php?rest_route=\/wp\/v2\/media\/36021"}],"wp:attachment":[{"href":"https:\/\/historiografija.hr\/index.php?rest_route=%2Fwp%2Fv2%2Fmedia&parent=36020"}],"wp:term":[{"taxonomy":"category","embeddable":true,"href":"https:\/\/historiografija.hr\/index.php?rest_route=%2Fwp%2Fv2%2Fcategories&post=36020"},{"taxonomy":"post_tag","embeddable":true,"href":"https:\/\/historiografija.hr\/index.php?rest_route=%2Fwp%2Fv2%2Ftags&post=36020"}],"curies":[{"name":"wp","href":"https:\/\/api.w.org\/{rel}","templated":true}]}}