{"id":36017,"date":"2023-06-07T23:02:28","date_gmt":"2023-06-07T23:02:28","guid":{"rendered":"http:\/\/historiografija.hr\/?p=36017"},"modified":"2023-06-07T23:02:28","modified_gmt":"2023-06-07T23:02:28","slug":"online-seminar-yugoslav-microsocialism-in-the-1970s-and-1980s","status":"publish","type":"post","link":"https:\/\/historiografija.hr\/?p=36017","title":{"rendered":"Online seminar: Yugoslav microsocialism in the 1970&#8217;s and 1980&#8217;s"},"content":{"rendered":"\n<p>When: Thursday, June 8, 2023 &#8211; 15:00 to 17:00<\/p>\n\n\n\n<p>Where: online<\/p>\n\n\n\n<p>The Maynooth Centre for European and Eurasian Studies, Jean Monnet Centre of Excellence, supported by MU Social Sciences Institute present;<\/p>\n\n\n\n<p><strong>Yugoslav microsocialism in the 1970&#8217;s and 1980&#8217;s<\/strong><\/p>\n\n\n\n<p>With&nbsp;Igor Duda (Juraj Dobrila University of Pula) &amp;&nbsp;Tina Filipovi\u0107 (Juraj Dobrila University of Pula)<\/p>\n\n\n\n<p>As they present their papers in this online seminar.<\/p>\n\n\n\n<p>Igor Duda (Juraj Dobrila University of Pula) &#8220;Local communities and citizen participation in Yugoslav social self-management in the 1970s and 1980s&#8221;<\/p>\n\n\n\n<p>Tina Filipovi\u0107 (Juraj Dobrila University of Pula) &#8220;War veteranship in late socialist Croatia: SUBNOR and its engagement in everyday politics on the micro level.&#8221;<\/p>\n\n\n\n<p>Register here ;\u00a0<a href=\"https:\/\/bit.ly\/3qjz2ZS\">https:\/\/bit.ly\/3qjz2ZS<\/a><\/p>\n\n\n\n<hr class=\"wp-block-separator\"\/>\n\n\n\n<p><a href=\"https:\/\/www.maynoothuniversity.ie\/news-events\/yugoslav-microsocialism-1970s-and-1980s\">https:\/\/www.maynoothuniversity.ie\/news-events\/yugoslav-microsocialism-1970s-and-1980s<\/a><\/p>\n\n\n\n<hr class=\"wp-block-separator\"\/>\n","protected":false},"excerpt":{"rendered":"","protected":false},"author":2,"featured_media":36018,"comment_status":"open","ping_status":"open","sticky":false,"template":"","format":"standard","meta":{"_acf_changed":false,"_jetpack_newsletter_access":"","_jetpack_dont_email_post_to_subs":false,"_jetpack_newsletter_tier_id":0,"_jetpack_memberships_contains_paywalled_content":false,"_jetpack_memberships_contains_paid_content":false,"footnotes":"","jetpack_publicize_message":"","jetpack_publicize_feature_enabled":true,"jetpack_social_post_already_shared":true,"jetpack_social_options":{"image_generator_settings":{"template":"highway","default_image_id":0,"font":"","enabled":false},"version":2},"jetpack_post_was_ever_published":false},"categories":[3],"tags":[],"class_list":["post-36017","post","type-post","status-publish","format-standard","has-post-thumbnail","hentry","category-novosti"],"acf":{"facebook_opis":""},"jetpack_publicize_connections":[],"jetpack_featured_media_url":"https:\/\/i0.wp.com\/historiografija.hr\/wp-content\/uploads\/2023\/06\/Yugoslav-microsocialism.png?fit=550%2C363&ssl=1","jetpack_sharing_enabled":true,"jetpack-related-posts":[{"id":54550,"url":"https:\/\/historiografija.hr\/?p=54550","url_meta":{"origin":36017,"position":0},"title":"Mislav Gabelica, &#8220;SVE\u0106ENIK I POLITI\u010cAR JURAJ TOMAC (1866. \u2013 1930.)&#8221;","author":"Branimir Jankovi\u0107","date":"10. srpnja 2026.","format":false,"excerpt":"Kao 53. knjiga Biblioteke STUDIJE Instituta dru\u0161tvenih znanosti Ivo Pilar objavljena je studija dr. sc. Mislava Gabelice SVE\u0106ENIK I POLITI\u010cAR JURAJ TOMAC (1866. \u2013 1930.) Mislav GabelicaSVE\u0106ENIK I POLITI\u010cAR JURAJ TOMAC (1866. \u2013 1930.)Biblioteka Studije. \u2013 Knjiga 53.Institut dru\u0161tvenih znanosti Ivo PilarZagreb, 2026. \u2013 216 str.ISBN 978-953-8404-52-8 Sadr\u017eaj Uvod Obiteljske\u2026","rel":"","context":"U &quot;E-knjige&quot;","block_context":{"text":"E-knjige","link":"https:\/\/historiografija.hr\/?cat=19"},"img":{"alt_text":"","src":"https:\/\/i0.wp.com\/historiografija.hr\/wp-content\/uploads\/2026\/07\/SiPJT_naslovnica.jpg?fit=543%2C497&ssl=1&resize=350%2C200","width":350,"height":200,"srcset":"https:\/\/i0.wp.com\/historiografija.hr\/wp-content\/uploads\/2026\/07\/SiPJT_naslovnica.jpg?fit=543%2C497&ssl=1&resize=350%2C200 1x, https:\/\/i0.wp.com\/historiografija.hr\/wp-content\/uploads\/2026\/07\/SiPJT_naslovnica.jpg?fit=543%2C497&ssl=1&resize=525%2C300 1.5x"},"classes":[]},{"id":54962,"url":"https:\/\/historiografija.hr\/?p=54962","url_meta":{"origin":36017,"position":1},"title":"Branka Bogdan, &#8220;The New Yugoslav Woman: Reproductive Regulation in Socialist Yugoslavia&#8221;","author":"Branimir Jankovi\u0107","date":"13. kolovoza 2026.","format":false,"excerpt":"From 1945 to 1989, the Yugoslav state connected its claims of progressive politics and gender equality to its support of free healthcare, sex education and contraception, and laws that supported reproductive choice. Yugoslav men and women internalized these messages, proclaiming their homeland's superior care for its citizens in comparison to\u2026","rel":"","context":"U &quot;Knjige&quot;","block_context":{"text":"Knjige","link":"https:\/\/historiografija.hr\/?cat=8"},"img":{"alt_text":"","src":"https:\/\/i0.wp.com\/historiografija.hr\/wp-content\/uploads\/2026\/08\/Bogdan.jpg?fit=596%2C477&ssl=1&resize=350%2C200","width":350,"height":200,"srcset":"https:\/\/i0.wp.com\/historiografija.hr\/wp-content\/uploads\/2026\/08\/Bogdan.jpg?fit=596%2C477&ssl=1&resize=350%2C200 1x, https:\/\/i0.wp.com\/historiografija.hr\/wp-content\/uploads\/2026\/08\/Bogdan.jpg?fit=596%2C477&ssl=1&resize=525%2C300 1.5x"},"classes":[]},{"id":54256,"url":"https:\/\/historiografija.hr\/?p=54256","url_meta":{"origin":36017,"position":2},"title":"CfP Seventh biennial conference Past, Present, Future (Pula, Croatia, October 15\u201316, 2026)","author":"Branimir Jankovi\u0107","date":"22. lipnja 2026.","format":false,"excerpt":"Call for Papers Bonds of Unity: Solidarity and Society Across History Seventh biennial conference in the series Past, Present, Future Pula, Croatia, October 15\u201316, 2026 In recent years, the concept of solidarity has once again emerged as a central topic in public discourse. Economic inequalities, migration, demographic changes, political polarization,\u2026","rel":"","context":"U &quot;Novosti&quot;","block_context":{"text":"Novosti","link":"https:\/\/historiografija.hr\/?cat=3"},"img":{"alt_text":"","src":"https:\/\/i0.wp.com\/historiografija.hr\/wp-content\/uploads\/2026\/06\/PPF-2026.jpg?fit=1200%2C422&ssl=1&resize=350%2C200","width":350,"height":200,"srcset":"https:\/\/i0.wp.com\/historiografija.hr\/wp-content\/uploads\/2026\/06\/PPF-2026.jpg?fit=1200%2C422&ssl=1&resize=350%2C200 1x, https:\/\/i0.wp.com\/historiografija.hr\/wp-content\/uploads\/2026\/06\/PPF-2026.jpg?fit=1200%2C422&ssl=1&resize=525%2C300 1.5x, https:\/\/i0.wp.com\/historiografija.hr\/wp-content\/uploads\/2026\/06\/PPF-2026.jpg?fit=1200%2C422&ssl=1&resize=700%2C400 2x, https:\/\/i0.wp.com\/historiografija.hr\/wp-content\/uploads\/2026\/06\/PPF-2026.jpg?fit=1200%2C422&ssl=1&resize=1050%2C600 3x"},"classes":[]},{"id":52580,"url":"https:\/\/historiografija.hr\/?p=52580","url_meta":{"origin":36017,"position":3},"title":"Conference &#8220;Living in the aftermaths: Trauma, politics and survival in Yugoslavia and successor states, 1945 \u2013 present&#8221;","author":"Branimir Jankovi\u0107","date":"21. travnja 2026.","format":false,"excerpt":"The conference aims to explore how war-related psychological distress was experienced, narrated, debated and reframed in Yugoslavia in the second half of the twentieth century. It asks how the theme of wounded psyche and wartime suffering was addressed and acknowledged in political, psychiatric and broader cultural discourses of socialist Yugoslavia,\u2026","rel":"","context":"U &quot;Novosti&quot;","block_context":{"text":"Novosti","link":"https:\/\/historiografija.hr\/?cat=3"},"img":{"alt_text":"","src":"https:\/\/i0.wp.com\/historiografija.hr\/wp-content\/uploads\/2026\/04\/Battle_of_Neretva_Picasso_poster-Conference-Living-in-the-aftermaths.webp?fit=564%2C954&ssl=1&resize=350%2C200","width":350,"height":200,"srcset":"https:\/\/i0.wp.com\/historiografija.hr\/wp-content\/uploads\/2026\/04\/Battle_of_Neretva_Picasso_poster-Conference-Living-in-the-aftermaths.webp?fit=564%2C954&ssl=1&resize=350%2C200 1x, https:\/\/i0.wp.com\/historiografija.hr\/wp-content\/uploads\/2026\/04\/Battle_of_Neretva_Picasso_poster-Conference-Living-in-the-aftermaths.webp?fit=564%2C954&ssl=1&resize=525%2C300 1.5x"},"classes":[]},{"id":54337,"url":"https:\/\/historiografija.hr\/?p=54337","url_meta":{"origin":36017,"position":4},"title":"Online-Lecture by Sophie Momzikoff: The Yugoslav Crisis and the Russian Place in the New European Architecture","author":"Branimir Jankovi\u0107","date":"26. lipnja 2026.","format":false,"excerpt":"01.07.2026 16:00 Uhr The aim of this presentation is to show how the Yugoslav crisis served as a test for Russia\u2019s place in the post-Cold War European order. Indeed, the wars in the former Yugoslavia began just as the Russian Federation was establishing strong ties with the West. When Yugoslavia\u2026","rel":"","context":"U &quot;Novosti&quot;","block_context":{"text":"Novosti","link":"https:\/\/historiografija.hr\/?cat=3"},"img":{"alt_text":"","src":"https:\/\/i0.wp.com\/historiografija.hr\/wp-content\/uploads\/2026\/06\/photo_sophie_momzikoff.jpeg?fit=300%2C300&ssl=1&resize=350%2C200","width":350,"height":200},"classes":[]},{"id":52516,"url":"https:\/\/historiografija.hr\/?p=52516","url_meta":{"origin":36017,"position":5},"title":"Marko Grde\u0161i\u0107, Mislav \u017ditko, \u201eSocialist Economics in Yugoslavia: A Critical History\u201c","author":"Branimir Jankovi\u0107","date":"17. travnja 2026.","format":false,"excerpt":"This book presents a critical history of Yugoslav socialist economics, from its inception in the late 1940s to its dissolution in the late 1980s. After the dramatic break with the Soviet Union in 1948, Yugoslavia found itself in urgent need of a third way: A socialist trajectory which would not\u2026","rel":"","context":"U &quot;Knjige&quot;","block_context":{"text":"Knjige","link":"https:\/\/historiografija.hr\/?cat=8"},"img":{"alt_text":"","src":"https:\/\/i0.wp.com\/historiografija.hr\/wp-content\/uploads\/2026\/04\/Zitko_Grdesic.jpg?fit=350%2C535&ssl=1&resize=350%2C200","width":350,"height":200},"classes":[]}],"_links":{"self":[{"href":"https:\/\/historiografija.hr\/index.php?rest_route=\/wp\/v2\/posts\/36017","targetHints":{"allow":["GET"]}}],"collection":[{"href":"https:\/\/historiografija.hr\/index.php?rest_route=\/wp\/v2\/posts"}],"about":[{"href":"https:\/\/historiografija.hr\/index.php?rest_route=\/wp\/v2\/types\/post"}],"author":[{"embeddable":true,"href":"https:\/\/historiografija.hr\/index.php?rest_route=\/wp\/v2\/users\/2"}],"replies":[{"embeddable":true,"href":"https:\/\/historiografija.hr\/index.php?rest_route=%2Fwp%2Fv2%2Fcomments&post=36017"}],"version-history":[{"count":1,"href":"https:\/\/historiografija.hr\/index.php?rest_route=\/wp\/v2\/posts\/36017\/revisions"}],"predecessor-version":[{"id":36019,"href":"https:\/\/historiografija.hr\/index.php?rest_route=\/wp\/v2\/posts\/36017\/revisions\/36019"}],"wp:featuredmedia":[{"embeddable":true,"href":"https:\/\/historiografija.hr\/index.php?rest_route=\/wp\/v2\/media\/36018"}],"wp:attachment":[{"href":"https:\/\/historiografija.hr\/index.php?rest_route=%2Fwp%2Fv2%2Fmedia&parent=36017"}],"wp:term":[{"taxonomy":"category","embeddable":true,"href":"https:\/\/historiografija.hr\/index.php?rest_route=%2Fwp%2Fv2%2Fcategories&post=36017"},{"taxonomy":"post_tag","embeddable":true,"href":"https:\/\/historiografija.hr\/index.php?rest_route=%2Fwp%2Fv2%2Ftags&post=36017"}],"curies":[{"name":"wp","href":"https:\/\/api.w.org\/{rel}","templated":true}]}}