{"id":36013,"date":"2023-06-07T22:53:40","date_gmt":"2023-06-07T22:53:40","guid":{"rendered":"http:\/\/historiografija.hr\/?p=36013"},"modified":"2023-06-07T22:54:13","modified_gmt":"2023-06-07T22:54:13","slug":"medunarodni-znanstveni-skup-valvasor-u-istri-u-puli","status":"publish","type":"post","link":"https:\/\/historiografija.hr\/?p=36013","title":{"rendered":"Me\u0111unarodni znanstveni skup \u201eValvasor u Istri\u201c u Puli"},"content":{"rendered":"\n<p>U petak, 9. lipnja 2023., s po\u010detkom u 9:30 u Povijesnom i pomorskom muzeju Istre \u2013 Museo storico e navale dell\u2019Istria odr\u017eat \u0107e se me\u0111unarodni znanstveni skup \u201eValvasor u Istri\u201c. Organizatori skupa \u017eele produbiti saznanja i razmijeniti iskustva o povijesnim okolnostima, spomeni\u010dkim cjelinama te dru\u0161tveno-politi\u010dkim fenomenima opisanima u kapitalnom djelu Johanna Weickharda Valvasora \u2013 Slava vojvodine Kranjske iz 1689. godine. Skup \u0107e obilje\u017eiti zatvaranje istoimene izlo\u017ebe koja je postavljena u prostoru Muzeja.<\/p>\n\n\n\n<p>Organizatori skupa su Povijesni i pomorski muzej Istre \u2013 Museo storico e navale dell\u02bcIstria, Upravni odjel za kulturu i zavi\u010dajnost Istarske \u017eupanije \u2013 Assessorato alla cultura e territorialit\u00e0 della Regione Istriana i Odsjek za povijest Filozofskoga fakulteta Sveu\u010dili\u0161ta Jurja Dobrile u Puli.<\/p>\n\n\n\n<p><a href=\"https:\/\/ipd-ssi.hr\/wp-content\/uploads\/2023\/06\/program-skupa_9_6_PPMI.pdf\">Program<\/a><\/p>\n\n\n\n<hr class=\"wp-block-separator\"\/>\n\n\n\n<p>Izvor:<\/p>\n\n\n\n<figure class=\"wp-block-embed-wordpress wp-block-embed is-type-wp-embed is-provider-istarsko-povijesno-drustvo-societa-storica-istriana\"><div class=\"wp-block-embed__wrapper\">\n<blockquote class=\"wp-embedded-content\" data-secret=\"3UBoejaNh6\"><a href=\"https:\/\/ipd-ssi.hr\/2023\/06\/07\/medunarodni-znanstveni-skup-valvasor-u-istri-u-puli\/\">Me\u0111unarodni znanstveni skup \u201eValvasor u Istri\u201c u Puli<\/a><\/blockquote><iframe loading=\"lazy\" class=\"wp-embedded-content\" sandbox=\"allow-scripts\" security=\"restricted\" style=\"position: absolute; clip: rect(1px, 1px, 1px, 1px);\" title=\"&#8220;Me\u0111unarodni znanstveni skup \u201eValvasor u Istri\u201c u Puli&#8221; &#8212; Istarsko povijesno dru\u0161tvo - Societ\u00e0 Storica Istriana\" src=\"https:\/\/ipd-ssi.hr\/2023\/06\/07\/medunarodni-znanstveni-skup-valvasor-u-istri-u-puli\/embed\/#?secret=lBYMO3H4jY#?secret=3UBoejaNh6\" data-secret=\"3UBoejaNh6\" width=\"600\" height=\"338\" frameborder=\"0\" marginwidth=\"0\" marginheight=\"0\" scrolling=\"no\"><\/iframe>\n<\/div><\/figure>\n\n\n\n<hr class=\"wp-block-separator\"\/>\n","protected":false},"excerpt":{"rendered":"","protected":false},"author":2,"featured_media":36014,"comment_status":"open","ping_status":"open","sticky":false,"template":"","format":"standard","meta":{"_acf_changed":false,"jetpack_post_was_ever_published":false,"_jetpack_newsletter_access":"","_jetpack_dont_email_post_to_subs":false,"_jetpack_newsletter_tier_id":0,"_jetpack_memberships_contains_paywalled_content":false,"_jetpack_memberships_contains_paid_content":false,"footnotes":"","jetpack_publicize_message":"","jetpack_publicize_feature_enabled":true,"jetpack_social_post_already_shared":true,"jetpack_social_options":{"image_generator_settings":{"template":"highway","default_image_id":0,"font":"","enabled":false},"version":2}},"categories":[3,9],"tags":[],"class_list":["post-36013","post","type-post","status-publish","format-standard","has-post-thumbnail","hentry","category-novosti","category-skupovi"],"acf":{"facebook_opis":""},"jetpack_publicize_connections":[],"jetpack_featured_media_url":"https:\/\/i0.wp.com\/historiografija.hr\/wp-content\/uploads\/2023\/06\/Trviz.jpg?fit=700%2C441&ssl=1","jetpack_sharing_enabled":true,"jetpack-related-posts":[],"_links":{"self":[{"href":"https:\/\/historiografija.hr\/index.php?rest_route=\/wp\/v2\/posts\/36013","targetHints":{"allow":["GET"]}}],"collection":[{"href":"https:\/\/historiografija.hr\/index.php?rest_route=\/wp\/v2\/posts"}],"about":[{"href":"https:\/\/historiografija.hr\/index.php?rest_route=\/wp\/v2\/types\/post"}],"author":[{"embeddable":true,"href":"https:\/\/historiografija.hr\/index.php?rest_route=\/wp\/v2\/users\/2"}],"replies":[{"embeddable":true,"href":"https:\/\/historiografija.hr\/index.php?rest_route=%2Fwp%2Fv2%2Fcomments&post=36013"}],"version-history":[{"count":2,"href":"https:\/\/historiografija.hr\/index.php?rest_route=\/wp\/v2\/posts\/36013\/revisions"}],"predecessor-version":[{"id":36016,"href":"https:\/\/historiografija.hr\/index.php?rest_route=\/wp\/v2\/posts\/36013\/revisions\/36016"}],"wp:featuredmedia":[{"embeddable":true,"href":"https:\/\/historiografija.hr\/index.php?rest_route=\/wp\/v2\/media\/36014"}],"wp:attachment":[{"href":"https:\/\/historiografija.hr\/index.php?rest_route=%2Fwp%2Fv2%2Fmedia&parent=36013"}],"wp:term":[{"taxonomy":"category","embeddable":true,"href":"https:\/\/historiografija.hr\/index.php?rest_route=%2Fwp%2Fv2%2Fcategories&post=36013"},{"taxonomy":"post_tag","embeddable":true,"href":"https:\/\/historiografija.hr\/index.php?rest_route=%2Fwp%2Fv2%2Ftags&post=36013"}],"curies":[{"name":"wp","href":"https:\/\/api.w.org\/{rel}","templated":true}]}}