{"id":36008,"date":"2023-06-05T21:52:15","date_gmt":"2023-06-05T21:52:15","guid":{"rendered":"http:\/\/historiografija.hr\/?p=36008"},"modified":"2023-06-05T21:52:15","modified_gmt":"2023-06-05T21:52:15","slug":"book-presentation-by-asya-metodieva-institute-of-international-relations-prague-czech-republic-foreign-fighters-and-radical-influencers-radical-milieus-in-the-postwar-balkans","status":"publish","type":"post","link":"https:\/\/historiografija.hr\/?p=36008","title":{"rendered":"Book presentation by Asya Metodieva (Institute of International Relations Prague, Czech Republic) : Foreign Fighters and Radical Influencers &#8211; Radical Milieus in the Postwar Balkans"},"content":{"rendered":"\n<p>This book looks at Salafi influencers and foreign fighters in the Balkans to examine how the origins and dynamics of radical milieus are related to the legacy of the Bosnian War and the Kosovo War. The work seeks to understand if and in what ways these wars influenced the consolidation of radical milieus and whether they impacted the recruitment of foreign fighters. The book traces the path of more than 400 individuals that either traveled to Syria or were involved in recruitment locally. Employing a qualitative methodological approach, the book argues that radical influencers are likely to be more evident in postwar societies due to state and societal fragility, which create more power for social actors and constrain efforts to counter extremism. Through the activism of social actors emerging from wars, preceding conflicts resonate through society across different locations and particular postwar radical milieus do not need to be only in the place where war atrocities happened. Thus, radical milieus can spread to various locations including countries hosting postwar diaspora communities.<\/p>\n\n\n\n<p><br>Asya Metodieva is a researcher at the Institute of International Relations in Prague. She obtained her PhD from Central European University. Her research is on the mobilisation of Balkan foreign fighters to Syria. She did her fieldwork between 2018 and 2019 when foreign fighters were already returning to the Balkan region. Her book \u201cForeign fighters and radical influencers\u201d was published earlier this year. Previously, Asya was a fellow of LSE Ideas, Visegr\u00e1d Insight, and the German Marshall Fund of the US.<\/p>\n\n\n\n<hr class=\"wp-block-separator\"\/>\n\n\n\n<p>06.06.2023 16:00 &#8211; 18:00<\/p>\n\n\n\n<hr class=\"wp-block-separator\"\/>\n\n\n\n<p>Organizer<\/p>\n\n\n\n<p>Zentrum f\u00fcr S\u00fcdosteuropastudien &amp; S\u00fcdosteuropa Gesellschaft<\/p>\n\n\n\n<hr class=\"wp-block-separator\"\/>\n\n\n\n<p><a href=\"https:\/\/suedosteuropa.uni-graz.at\/en\/events\/detail\/article\/foreign-fighters-and-radical-influencers-radical-milieus-in-the-postwar-balkans\/\">https:\/\/suedosteuropa.uni-graz.at\/en\/events\/detail\/article\/foreign-fighters-and-radical-influencers-radical-milieus-in-the-postwar-balkans\/<\/a><\/p>\n\n\n\n<hr class=\"wp-block-separator\"\/>\n","protected":false},"excerpt":{"rendered":"","protected":false},"author":2,"featured_media":36009,"comment_status":"open","ping_status":"open","sticky":false,"template":"","format":"standard","meta":{"_acf_changed":false,"_jetpack_newsletter_access":"","_jetpack_dont_email_post_to_subs":false,"_jetpack_newsletter_tier_id":0,"_jetpack_memberships_contains_paywalled_content":false,"_jetpack_memberships_contains_paid_content":false,"footnotes":"","jetpack_publicize_message":"","jetpack_publicize_feature_enabled":true,"jetpack_social_post_already_shared":true,"jetpack_social_options":{"image_generator_settings":{"template":"highway","default_image_id":0,"font":"","enabled":false},"version":2},"jetpack_post_was_ever_published":false},"categories":[3],"tags":[],"class_list":["post-36008","post","type-post","status-publish","format-standard","has-post-thumbnail","hentry","category-novosti"],"acf":{"facebook_opis":""},"jetpack_publicize_connections":[],"jetpack_featured_media_url":"https:\/\/i0.wp.com\/historiografija.hr\/wp-content\/uploads\/2023\/06\/csm_Metodieva.jpg?fit=248%2C380&ssl=1","jetpack_sharing_enabled":true,"jetpack-related-posts":[{"id":52688,"url":"https:\/\/historiografija.hr\/?p=52688","url_meta":{"origin":36008,"position":0},"title":"Eleonora Naxidou and Yura Konstantinova \u201eBalkan Perspectives of Europe: Between East and West\u201c","author":"Filip \u0160imunjak","date":"28. travnja 2026.","format":false,"excerpt":"Through the lens of the Balkan nations, this volume makes a valuable and significant contribution to the fields of European and Southeast European studies by reconsidering the East\/West dichotomy \u2013 both in terms of the Orient\u2013Occident divide and the Eastern\u2013Western Europe binary. Balkan Perspectives of Europe focuses on concepts of\u2026","rel":"","context":"U &quot;Knjige&quot;","block_context":{"text":"Knjige","link":"https:\/\/historiografija.hr\/?cat=8"},"img":{"alt_text":"","src":"https:\/\/i0.wp.com\/historiografija.hr\/wp-content\/uploads\/2026\/04\/Balkan-Perspectives-of-Europe-Between-East-and-West.jpg?fit=350%2C525&ssl=1&resize=350%2C200","width":350,"height":200},"classes":[]},{"id":53790,"url":"https:\/\/historiografija.hr\/?p=53790","url_meta":{"origin":36008,"position":1},"title":"&#8220;The Balkans in the Seventh Century: Ethnic and Cultural Transformations&#8221;, eds. P. Sophoulis, G. Kardaras","author":"Filip \u0160imunjak","date":"2. lipnja 2026.","format":false,"excerpt":"The seventh century was a period of radical transformation in the Balkans in terms of political, social, and economic history. The decline in Byzantine power led to the collapse of ancient urban civilization, the arrival of new populations from eastern Europe and the steppes, and, subsequently, the establishment of new\u2026","rel":"","context":"U &quot;Knjige&quot;","block_context":{"text":"Knjige","link":"https:\/\/historiografija.hr\/?cat=8"},"img":{"alt_text":"","src":"https:\/\/i0.wp.com\/historiografija.hr\/wp-content\/uploads\/2026\/05\/Balkans-7th-century.webp?fit=596%2C888&ssl=1&resize=350%2C200","width":350,"height":200,"srcset":"https:\/\/i0.wp.com\/historiografija.hr\/wp-content\/uploads\/2026\/05\/Balkans-7th-century.webp?fit=596%2C888&ssl=1&resize=350%2C200 1x, https:\/\/i0.wp.com\/historiografija.hr\/wp-content\/uploads\/2026\/05\/Balkans-7th-century.webp?fit=596%2C888&ssl=1&resize=525%2C300 1.5x"},"classes":[]},{"id":54276,"url":"https:\/\/historiografija.hr\/?p=54276","url_meta":{"origin":36008,"position":2},"title":"Rok Stergar, Vaclav Smidrkal (eds), &#8220;Nourishing Victory: Food Shortages and Post-Imperial Transition in the Bohemian Lands and Slovenia&#8221;","author":"Branimir Jankovi\u0107","date":"23. lipnja 2026.","format":false,"excerpt":"The aggravating food shortage was the central internal crisis in Habsburg Austria during the First World War and posed a major challenge to the consolidation of the successor states. Nourishing Victory offers a fresh comparative perspective on food and the collapse and rebuilding of political legitimacy from the regional vantage\u2026","rel":"","context":"U &quot;Knjige&quot;","block_context":{"text":"Knjige","link":"https:\/\/historiografija.hr\/?cat=8"},"img":{"alt_text":"","src":"https:\/\/i0.wp.com\/historiografija.hr\/wp-content\/uploads\/2026\/06\/Victory-book.jpg?fit=1200%2C652&ssl=1&resize=350%2C200","width":350,"height":200,"srcset":"https:\/\/i0.wp.com\/historiografija.hr\/wp-content\/uploads\/2026\/06\/Victory-book.jpg?fit=1200%2C652&ssl=1&resize=350%2C200 1x, https:\/\/i0.wp.com\/historiografija.hr\/wp-content\/uploads\/2026\/06\/Victory-book.jpg?fit=1200%2C652&ssl=1&resize=525%2C300 1.5x, https:\/\/i0.wp.com\/historiografija.hr\/wp-content\/uploads\/2026\/06\/Victory-book.jpg?fit=1200%2C652&ssl=1&resize=700%2C400 2x, https:\/\/i0.wp.com\/historiografija.hr\/wp-content\/uploads\/2026\/06\/Victory-book.jpg?fit=1200%2C652&ssl=1&resize=1050%2C600 3x"},"classes":[]},{"id":54554,"url":"https:\/\/historiografija.hr\/?p=54554","url_meta":{"origin":36008,"position":3},"title":"CfP: Religion and Revolution: Alternative Religiosity and Radical Politics in the (Post-)Industrial Age (1800-2000)","author":"Branimir Jankovi\u0107","date":"10. srpnja 2026.","format":false,"excerpt":"This conference invites scholars to examine the intersections between left-wing and\/or revolutionary politics and alternative religiosity over the past two centuries. Alternative religious ideas and practices have served as powerful resources for the political imagination, social critique, and revolutionary mobilization. Yet the relationship between alternative religious currents and emancipatory politics\u2026","rel":"","context":"U &quot;Novosti&quot;","block_context":{"text":"Novosti","link":"https:\/\/historiografija.hr\/?cat=3"},"img":{"alt_text":"","src":"https:\/\/i0.wp.com\/historiografija.hr\/wp-content\/uploads\/2017\/10\/hsozkult.png?fit=1006%2C241&ssl=1&resize=350%2C200","width":350,"height":200,"srcset":"https:\/\/i0.wp.com\/historiografija.hr\/wp-content\/uploads\/2017\/10\/hsozkult.png?fit=1006%2C241&ssl=1&resize=350%2C200 1x, https:\/\/i0.wp.com\/historiografija.hr\/wp-content\/uploads\/2017\/10\/hsozkult.png?fit=1006%2C241&ssl=1&resize=525%2C300 1.5x, https:\/\/i0.wp.com\/historiografija.hr\/wp-content\/uploads\/2017\/10\/hsozkult.png?fit=1006%2C241&ssl=1&resize=700%2C400 2x"},"classes":[]},{"id":55011,"url":"https:\/\/historiografija.hr\/?p=55011","url_meta":{"origin":36008,"position":4},"title":"Jeffrey Andrew Barash, \u201eThe Politics of Historical Interpretation: Reflections on Ideology and the Perplexities of Political Myth\u201c","author":"Branimir Jankovi\u0107","date":"19. kolovoza 2026.","format":false,"excerpt":"This book focuses on political presuppositions animating modern historical reflection in Germany that underwent sharp radicalization in the post-World War I context of the Weimar Republic. It is in this context that a novel polemical use of political concepts, nourished by radical forms of reflection on the historical character of\u2026","rel":"","context":"U &quot;Knjige&quot;","block_context":{"text":"Knjige","link":"https:\/\/historiografija.hr\/?cat=8"},"img":{"alt_text":"","src":"https:\/\/i0.wp.com\/historiografija.hr\/wp-content\/uploads\/2026\/08\/The-Politics-of-Historical-Interpretation.jpg?fit=800%2C1189&ssl=1&resize=350%2C200","width":350,"height":200,"srcset":"https:\/\/i0.wp.com\/historiografija.hr\/wp-content\/uploads\/2026\/08\/The-Politics-of-Historical-Interpretation.jpg?fit=800%2C1189&ssl=1&resize=350%2C200 1x, https:\/\/i0.wp.com\/historiografija.hr\/wp-content\/uploads\/2026\/08\/The-Politics-of-Historical-Interpretation.jpg?fit=800%2C1189&ssl=1&resize=525%2C300 1.5x, https:\/\/i0.wp.com\/historiografija.hr\/wp-content\/uploads\/2026\/08\/The-Politics-of-Historical-Interpretation.jpg?fit=800%2C1189&ssl=1&resize=700%2C400 2x"},"classes":[]},{"id":52742,"url":"https:\/\/historiografija.hr\/?p=52742","url_meta":{"origin":36008,"position":5},"title":"The Violent 1950s: Towards a New History of the Global \u201cPostwar\u201d Decade, Washington, DC, 25th\u201326th February 2027 (Deadline: 12th June 2026)","author":"Filip \u0160imunjak","date":"4. svibnja 2026.","format":false,"excerpt":"This international conference aims to reassess the so-called postwar years. Reconceptualizing the 1950s as a deeply violent decade, marked not by the absence of conflict, but rather by its reconfiguration on all levels, the conference explores the manifold societal, political, and everyday manifestations of violence in the twilight phase of\u2026","rel":"","context":"U &quot;Novosti&quot;","block_context":{"text":"Novosti","link":"https:\/\/historiografija.hr\/?cat=3"},"img":{"alt_text":"","src":"https:\/\/i0.wp.com\/historiografija.hr\/wp-content\/uploads\/2017\/10\/hsozkult.png?fit=1006%2C241&ssl=1&resize=350%2C200","width":350,"height":200,"srcset":"https:\/\/i0.wp.com\/historiografija.hr\/wp-content\/uploads\/2017\/10\/hsozkult.png?fit=1006%2C241&ssl=1&resize=350%2C200 1x, https:\/\/i0.wp.com\/historiografija.hr\/wp-content\/uploads\/2017\/10\/hsozkult.png?fit=1006%2C241&ssl=1&resize=525%2C300 1.5x, https:\/\/i0.wp.com\/historiografija.hr\/wp-content\/uploads\/2017\/10\/hsozkult.png?fit=1006%2C241&ssl=1&resize=700%2C400 2x"},"classes":[]}],"_links":{"self":[{"href":"https:\/\/historiografija.hr\/index.php?rest_route=\/wp\/v2\/posts\/36008","targetHints":{"allow":["GET"]}}],"collection":[{"href":"https:\/\/historiografija.hr\/index.php?rest_route=\/wp\/v2\/posts"}],"about":[{"href":"https:\/\/historiografija.hr\/index.php?rest_route=\/wp\/v2\/types\/post"}],"author":[{"embeddable":true,"href":"https:\/\/historiografija.hr\/index.php?rest_route=\/wp\/v2\/users\/2"}],"replies":[{"embeddable":true,"href":"https:\/\/historiografija.hr\/index.php?rest_route=%2Fwp%2Fv2%2Fcomments&post=36008"}],"version-history":[{"count":1,"href":"https:\/\/historiografija.hr\/index.php?rest_route=\/wp\/v2\/posts\/36008\/revisions"}],"predecessor-version":[{"id":36010,"href":"https:\/\/historiografija.hr\/index.php?rest_route=\/wp\/v2\/posts\/36008\/revisions\/36010"}],"wp:featuredmedia":[{"embeddable":true,"href":"https:\/\/historiografija.hr\/index.php?rest_route=\/wp\/v2\/media\/36009"}],"wp:attachment":[{"href":"https:\/\/historiografija.hr\/index.php?rest_route=%2Fwp%2Fv2%2Fmedia&parent=36008"}],"wp:term":[{"taxonomy":"category","embeddable":true,"href":"https:\/\/historiografija.hr\/index.php?rest_route=%2Fwp%2Fv2%2Fcategories&post=36008"},{"taxonomy":"post_tag","embeddable":true,"href":"https:\/\/historiografija.hr\/index.php?rest_route=%2Fwp%2Fv2%2Ftags&post=36008"}],"curies":[{"name":"wp","href":"https:\/\/api.w.org\/{rel}","templated":true}]}}