{"id":36005,"date":"2023-06-05T21:47:11","date_gmt":"2023-06-05T21:47:11","guid":{"rendered":"http:\/\/historiografija.hr\/?p=36005"},"modified":"2023-06-05T21:47:11","modified_gmt":"2023-06-05T21:47:11","slug":"predstavljanje-bilateralnog-projekta-historijska-iskustva-zivota-u-jugoslaviji-bosna-i-hercegovina-i-slovenija-u-komparativnoj-perspektivi-u-sarajevu","status":"publish","type":"post","link":"https:\/\/historiografija.hr\/?p=36005","title":{"rendered":"Predstavljanje bilateralnog projekta \u201eHistorijska iskustva z\u030civota u Jugoslaviji: Bosna i Hercegovina i Slovenija u komparativnoj perspektivi\u201c u Sarajevu"},"content":{"rendered":"\n<p>Centar za historijska istra\u017eivanja (CeHIS) u okviru realizacije bilateralnog projekta \u201eHistorijska iskustva \u017eivota u Jugoslaviji: Bosna i Hercegovina i Slovenija u komparativnoj perspektivi\u201c zajedno sa histori\u010darima iz Instituta za historijska istra\u017eivanja Nau\u010dnoistra\u017eiva\u010dkog centra Koper (ZRS Koper), Slovenija organizuje predstavljanje projektnih aktivnosti i javna predavanja u okviru nau\u010dnoistra\u017eiva\u010dkog projekta \u201eStvaranje druga\u010dije globalizacije\u201c. Predavanja \u0107e odr\u017eati dr. Jure Ram\u0161ak &#8211; <em>Nove studije hladnog rata i prou\u010davanje me\u0111unarodne saradnje u okviru Pokreta nesvrstanih<\/em> i dr. Mateja Re\u017eek &#8211; <em>\u201eGlobalna\u201c Jugoslavija i Bliski istok: izme\u0111u nesvrstanosti i pragmatizma<\/em>.<\/p>\n\n\n\n<p>Predavanja \u0107e biti odr\u017eana u utorak, 6. 6. 2023. godine u sali 8 (Centar NIRSA) s po\u010detkom u 10.00 sati i otvorena su za svu zainteresiranu publiku. Realizaciju bilateralnog projekta podr\u017ealo je Federalno ministarstvo obrazovanja i nauke (FMON).<\/p>\n\n\n\n<hr class=\"wp-block-separator\"\/>\n\n\n\n<p>Izvori i dodatne obavijesti:<\/p>\n\n\n\n<p><a href=\"https:\/\/historiografija.ba\/article.php?id=1794\">https:\/\/historiografija.ba\/article.php?id=1794<\/a><\/p>\n\n\n\n<p><a href=\"https:\/\/www.unsa.ba\/novosti\/predstavljanje-bilateralnog-projekta-historijska-iskustva-zivota-u-jugoslaviji-bosna-i\">https:\/\/www.unsa.ba\/novosti\/predstavljanje-bilateralnog-projekta-historijska-iskustva-zivota-u-jugoslaviji-bosna-i<\/a><\/p>\n\n\n\n<p><a href=\"https:\/\/www.facebook.com\/Centar.HIS\/\">https:\/\/www.facebook.com\/Centar.HIS\/<\/a><\/p>\n\n\n\n<hr class=\"wp-block-separator\"\/>\n","protected":false},"excerpt":{"rendered":"","protected":false},"author":2,"featured_media":36006,"comment_status":"open","ping_status":"open","sticky":false,"template":"","format":"standard","meta":{"_acf_changed":false,"_jetpack_newsletter_access":"","_jetpack_dont_email_post_to_subs":false,"_jetpack_newsletter_tier_id":0,"_jetpack_memberships_contains_paywalled_content":false,"_jetpack_memberships_contains_paid_content":false,"footnotes":"","jetpack_publicize_message":"","jetpack_publicize_feature_enabled":true,"jetpack_social_post_already_shared":true,"jetpack_social_options":{"image_generator_settings":{"template":"highway","default_image_id":0,"font":"","enabled":false},"version":2},"jetpack_post_was_ever_published":false},"categories":[3],"tags":[],"class_list":["post-36005","post","type-post","status-publish","format-standard","has-post-thumbnail","hentry","category-novosti"],"acf":{"facebook_opis":""},"jetpack_publicize_connections":[],"jetpack_featured_media_url":"https:\/\/i0.wp.com\/historiografija.hr\/wp-content\/uploads\/2023\/06\/Bilaterala_Slovenija_Duranovic.jpg?fit=555%2C520&ssl=1","jetpack_sharing_enabled":true,"jetpack-related-posts":[{"id":54649,"url":"https:\/\/historiografija.hr\/?p=54649","url_meta":{"origin":36005,"position":0},"title":"Objavljen je 24. broj \u010dasopisa &#8220;Historijska traganja&#8221; (2025)","author":"Branimir Jankovi\u0107","date":"17. srpnja 2026.","format":false,"excerpt":"Institut za \u00a0historiju Univerziteta u Sarajevu objavio je 24. broj \u010dasopisa Historijska traganja. U ovom broju je objavljeno ukupno deset \u010dlanaka (od toga sedam u tematskom bloku Znanje pod nadzorom: ideologije, dru\u0161tvo i mo\u0107). Tu je i rubrika Gra\u0111a u kojoj su objavljena pisma \u0161to ih je Vejsil \u0106ur\u010di\u0107 pisao\u2026","rel":"","context":"U &quot;\u010casopisi&quot;","block_context":{"text":"\u010casopisi","link":"https:\/\/historiografija.hr\/?cat=21"},"img":{"alt_text":"","src":"https:\/\/i0.wp.com\/historiografija.hr\/wp-content\/uploads\/2026\/07\/historijska-traganja-24-2025.jpg?fit=450%2C650&ssl=1&resize=350%2C200","width":350,"height":200},"classes":[]},{"id":53742,"url":"https:\/\/historiografija.hr\/?p=53742","url_meta":{"origin":36005,"position":1},"title":"Javna predavanja &#8220;Kulturalna povijest kolektivnog stanovanja i komercijalni urbanizam&#8221;","author":"Branimir Jankovi\u0107","date":"26. svibnja 2026.","format":false,"excerpt":"U okviru ERC projekta Housing.Yu, Lea Horvat i Ivana Mihaela \u017dimbrek odr\u017eat \u0107e javna predavanja o kulturalnoj povijesti kolektivnog stanovanja i komercijalnom urbanizmu u petak, 29. svibnja 2026., u 13:00 sati na Arhitektonskom fakultetu u Zagrebu (Ka\u010di\u0107eva 26, 2. kat, soba 221). Lea HorvatKako nam kulturalna povijest poma\u017ee razumjeti kolektivno\u2026","rel":"","context":"U &quot;Novosti&quot;","block_context":{"text":"Novosti","link":"https:\/\/historiografija.hr\/?cat=3"},"img":{"alt_text":"","src":"https:\/\/i0.wp.com\/historiografija.hr\/wp-content\/uploads\/2026\/05\/erc-hyu-predavnje-ivana-zimbrek-1779202528.jpg?fit=900%2C563&ssl=1&resize=350%2C200","width":350,"height":200,"srcset":"https:\/\/i0.wp.com\/historiografija.hr\/wp-content\/uploads\/2026\/05\/erc-hyu-predavnje-ivana-zimbrek-1779202528.jpg?fit=900%2C563&ssl=1&resize=350%2C200 1x, https:\/\/i0.wp.com\/historiografija.hr\/wp-content\/uploads\/2026\/05\/erc-hyu-predavnje-ivana-zimbrek-1779202528.jpg?fit=900%2C563&ssl=1&resize=525%2C300 1.5x, https:\/\/i0.wp.com\/historiografija.hr\/wp-content\/uploads\/2026\/05\/erc-hyu-predavnje-ivana-zimbrek-1779202528.jpg?fit=900%2C563&ssl=1&resize=700%2C400 2x"},"classes":[]},{"id":54541,"url":"https:\/\/historiografija.hr\/?p=54541","url_meta":{"origin":36005,"position":2},"title":"(CAPONEU) Summer School in Critical Theory and Praxis: Literature and Society","author":"Branimir Jankovi\u0107","date":"9. srpnja 2026.","format":false,"excerpt":"Ljetna \u0161kola\u00a0Summer School in Critical Theory and Praxis: Literature and Society odr\u017eava se od\u00a05. do 12. srpnja 2026.\u00a0u\u00a0Pala\u010di Moise u Cresu. Program organizira\u00a0Centar za teorijska istra\u017eivanja u humanistici (CTIH)\u00a0u okviru projekta\u00a0The Cartography of Political Novel in Europe (CAPONEU). Rije\u010d je o sedmodnevnom intenzivnom programu koji okuplja znanstvenike, studente, umjetnike, nastavnike,\u2026","rel":"","context":"U &quot;Novosti&quot;","block_context":{"text":"Novosti","link":"https:\/\/historiografija.hr\/?cat=3"},"img":{"alt_text":"","src":"https:\/\/i0.wp.com\/historiografija.hr\/wp-content\/uploads\/2026\/03\/Cres.png?fit=712%2C1004&ssl=1&resize=350%2C200","width":350,"height":200,"srcset":"https:\/\/i0.wp.com\/historiografija.hr\/wp-content\/uploads\/2026\/03\/Cres.png?fit=712%2C1004&ssl=1&resize=350%2C200 1x, https:\/\/i0.wp.com\/historiografija.hr\/wp-content\/uploads\/2026\/03\/Cres.png?fit=712%2C1004&ssl=1&resize=525%2C300 1.5x, https:\/\/i0.wp.com\/historiografija.hr\/wp-content\/uploads\/2026\/03\/Cres.png?fit=712%2C1004&ssl=1&resize=700%2C400 2x"},"classes":[]},{"id":53206,"url":"https:\/\/historiografija.hr\/?p=53206","url_meta":{"origin":36005,"position":3},"title":"Predavanje Olge Pelcer-Vuja\u010di\u0107 &#8220;Izme\u0111u planina i mora: nastanak gradova i gradske elite u rimskoj provinciji Dalmaciji&#8221; u Sarajevu","author":"Branimir Jankovi\u0107","date":"13. svibnja 2026.","format":false,"excerpt":"Centar za historijska istra\u017eivanja (CeHiS) Filozofskog fakulteta Univerziteta u Sarajevu organizira predavanje pod naslovom \"Izme\u0111u planina i mora: nastanak gradova i gradske elite u rimskoj provinciji Dalmaciji\". Predavanje \u0107e odr\u017eati dr. sc. Olga Pelcer-Vuja\u010di\u0107, vi\u0161a nau\u010dna saradnica u Istorijskom institutu Univerziteta Crne Gore. Izlaganje je posve\u0107eno procesima urbanizacije i formiranja\u2026","rel":"","context":"U &quot;Novosti&quot;","block_context":{"text":"Novosti","link":"https:\/\/historiografija.hr\/?cat=3"},"img":{"alt_text":"","src":"https:\/\/i0.wp.com\/historiografija.hr\/wp-content\/uploads\/2026\/05\/cehis-predavanje-olga.jpg?fit=847%2C1200&ssl=1&resize=350%2C200","width":350,"height":200,"srcset":"https:\/\/i0.wp.com\/historiografija.hr\/wp-content\/uploads\/2026\/05\/cehis-predavanje-olga.jpg?fit=847%2C1200&ssl=1&resize=350%2C200 1x, https:\/\/i0.wp.com\/historiografija.hr\/wp-content\/uploads\/2026\/05\/cehis-predavanje-olga.jpg?fit=847%2C1200&ssl=1&resize=525%2C300 1.5x, https:\/\/i0.wp.com\/historiografija.hr\/wp-content\/uploads\/2026\/05\/cehis-predavanje-olga.jpg?fit=847%2C1200&ssl=1&resize=700%2C400 2x"},"classes":[]},{"id":53812,"url":"https:\/\/historiografija.hr\/?p=53812","url_meta":{"origin":36005,"position":4},"title":"Muzej \u0110akov\u0161tine: Predstavljanje monografije dr. sc. Margarete Matijevi\u0107 &#8220;\u0110AKOVO POSLIJE STROSSMAYERA&#8221;","author":"Branimir Jankovi\u0107","date":"28. svibnja 2026.","format":false,"excerpt":"U petak 29. svibnja 2026. s po\u010detkom u 19 sati\u00a0odr\u017eat \u0107e se u Muzeju \u0110akov\u0161tine \u0110akovo predstavljanje monografije dr. sc. Margarete Matijevi\u0107: \u201c\u0110AKOVO POSLIJE STROSSMAYERA.\u00a0Panoramski pregled \u0111akova\u010dkih listova\u00a0Hrvatske pu\u010dke novine (1907.-1913.)\u00a0i\u00a0Djakova\u010dke hrvatske pu\u010dke novine (1913.-1914.)\u201c. Knjigu \u0107e predstaviti: \u2013\u00a0dr. sc. Margareta Matijevi\u0107\u00a0(Hrvatski institut za povijest) \u2013\u00a0dr. sc. Stanko Andri\u0107\u00a0(Hrvatski institut\u2026","rel":"","context":"U &quot;Novosti&quot;","block_context":{"text":"Novosti","link":"https:\/\/historiografija.hr\/?cat=3"},"img":{"alt_text":"","src":"https:\/\/i0.wp.com\/historiografija.hr\/wp-content\/uploads\/2026\/05\/Dakovo-poslije-Strossmayera.png?fit=900%2C600&ssl=1&resize=350%2C200","width":350,"height":200,"srcset":"https:\/\/i0.wp.com\/historiografija.hr\/wp-content\/uploads\/2026\/05\/Dakovo-poslije-Strossmayera.png?fit=900%2C600&ssl=1&resize=350%2C200 1x, https:\/\/i0.wp.com\/historiografija.hr\/wp-content\/uploads\/2026\/05\/Dakovo-poslije-Strossmayera.png?fit=900%2C600&ssl=1&resize=525%2C300 1.5x, https:\/\/i0.wp.com\/historiografija.hr\/wp-content\/uploads\/2026\/05\/Dakovo-poslije-Strossmayera.png?fit=900%2C600&ssl=1&resize=700%2C400 2x"},"classes":[]},{"id":52573,"url":"https:\/\/historiografija.hr\/?p=52573","url_meta":{"origin":36005,"position":5},"title":"Znanstvena konferencija &#8220;Filozofija odgoja: povijest, praksa, perspektive&#8221;","author":"Branimir Jankovi\u0107","date":"21. travnja 2026.","format":false,"excerpt":"Znanstvena konferencija \"Filozofija odgoja: povijest, praksa, perspektive\" odr\u017eat \u0107e se 23. i 24. travnja 2026. u Konferencijskoj dvorani Knji\u017enice Filozofskog fakulteta u Zagrebu (2. kat).\u00a0Konferencija je organizirana u okviru projekta\u00a0SUMKOS (voditeljica prof. dr. sc. Ivana Zagorac, financiran\u00a0sredstvima NextGenerationEU), uz potporu Odsjeka za filozofiju.\u00a0 Uz izlaga\u010dki dio, konferencija obuhva\u0107a i izlo\u017ebu\u2026","rel":"","context":"U &quot;Novosti&quot;","block_context":{"text":"Novosti","link":"https:\/\/historiografija.hr\/?cat=3"},"img":{"alt_text":"","src":"","width":0,"height":0},"classes":[]}],"_links":{"self":[{"href":"https:\/\/historiografija.hr\/index.php?rest_route=\/wp\/v2\/posts\/36005","targetHints":{"allow":["GET"]}}],"collection":[{"href":"https:\/\/historiografija.hr\/index.php?rest_route=\/wp\/v2\/posts"}],"about":[{"href":"https:\/\/historiografija.hr\/index.php?rest_route=\/wp\/v2\/types\/post"}],"author":[{"embeddable":true,"href":"https:\/\/historiografija.hr\/index.php?rest_route=\/wp\/v2\/users\/2"}],"replies":[{"embeddable":true,"href":"https:\/\/historiografija.hr\/index.php?rest_route=%2Fwp%2Fv2%2Fcomments&post=36005"}],"version-history":[{"count":1,"href":"https:\/\/historiografija.hr\/index.php?rest_route=\/wp\/v2\/posts\/36005\/revisions"}],"predecessor-version":[{"id":36007,"href":"https:\/\/historiografija.hr\/index.php?rest_route=\/wp\/v2\/posts\/36005\/revisions\/36007"}],"wp:featuredmedia":[{"embeddable":true,"href":"https:\/\/historiografija.hr\/index.php?rest_route=\/wp\/v2\/media\/36006"}],"wp:attachment":[{"href":"https:\/\/historiografija.hr\/index.php?rest_route=%2Fwp%2Fv2%2Fmedia&parent=36005"}],"wp:term":[{"taxonomy":"category","embeddable":true,"href":"https:\/\/historiografija.hr\/index.php?rest_route=%2Fwp%2Fv2%2Fcategories&post=36005"},{"taxonomy":"post_tag","embeddable":true,"href":"https:\/\/historiografija.hr\/index.php?rest_route=%2Fwp%2Fv2%2Ftags&post=36005"}],"curies":[{"name":"wp","href":"https:\/\/api.w.org\/{rel}","templated":true}]}}